{"id":15796,"date":"2020-06-02T06:58:59","date_gmt":"2020-06-02T06:58:59","guid":{"rendered":"http:\/\/www.iceagetv.com\/radiosite\/?p=15796"},"modified":"2020-06-02T06:58:59","modified_gmt":"2020-06-02T06:58:59","slug":"le-ministre-de-leconomie-et-des-finances-annonce-sur-rtl-que-les-soldes-dete-demarreront-le-15-juillet-et-dureront-quatre-semaines","status":"publish","type":"post","link":"https:\/\/www.iceagetv.com\/radiosite\/le-ministre-de-leconomie-et-des-finances-annonce-sur-rtl-que-les-soldes-dete-demarreront-le-15-juillet-et-dureront-quatre-semaines\/","title":{"rendered":"Le ministre de l&rsquo;\u00c9conomie et des Finances annonce sur RTL que les soldes d&rsquo;\u00e9t\u00e9 d\u00e9marreront le 15 juillet et dureront \u00ab\u00a0quatre semaines\u00a0\u00bb."},"content":{"rendered":"\n<p>Le ministre de l&rsquo;Economie Bruno Le Maire a annonc\u00e9 mardi que le d\u00e9but des soldes d&rsquo;\u00e9t\u00e9 \u00e9tait d\u00e9cal\u00e9 du 24 juin au 15 juillet, afin de r\u00e9pondre \u00e0 la demande de certains commer\u00e7ants dont les points de vente sont rest\u00e9s longtemps ferm\u00e9s \u00e0 cause du coronavirus. \u00abLes soldes d\u00e9buteront le 15 juillet et elles dureront quatre semaines\u00bb, a d\u00e9clar\u00e9 M. Le Maire sur RTL, expliquant que cette d\u00e9cision avait \u00e9t\u00e9 prise \u00e0 la \u00abdemande des petits commer\u00e7ants\u00bb:&nbsp;\u00ab\u00a0J&rsquo;ai acc\u00e9d\u00e9 aux demandes des petits commer\u00e7ants\u00a0\u00bb qui demandaient le recul de cette date afin de reconstituer leurs marges, a ajout\u00e9 le ministre de l&rsquo;Economie.<\/p>\n\n\n\n<p>Le ministre de l&rsquo;\u00c9conomie, Bruno Lemaire, s&rsquo;\u00e9tait d\u00e9j\u00e0 dit favorable \u00e0 un report des soldes d&rsquo;\u00e9t\u00e9. Il l&rsquo;avait annonc\u00e9 lundi 25 mai Il souhaitait alors que \u00ab\u00a0les commer\u00e7ants puissent refaire leur tr\u00e9sorerie et pour cela il faut accepter que les soldes soient d\u00e9cal\u00e9es de quelques semaines\u00a0\u00bb.<\/p>\n","protected":false},"excerpt":{"rendered":"<p>Le ministre de l&rsquo;Economie Bruno Le Maire a annonc\u00e9 mardi que le d\u00e9but des soldes d&rsquo;\u00e9t\u00e9 \u00e9tait d\u00e9cal\u00e9 du 24 juin au 15 juillet, afin de r\u00e9pondre \u00e0 la demande de certains commer\u00e7ants dont les points de vente sont rest\u00e9s longtemps ferm\u00e9s \u00e0 cause du coronavirus. \u00abLes soldes d\u00e9buteront le 15 juillet et elles dureront [&hellip;]<\/p>\n","protected":false},"author":2,"featured_media":15797,"comment_status":"open","ping_status":"open","sticky":false,"template":"","format":"standard","meta":{"_jetpack_memberships_contains_paid_content":false,"footnotes":"","jetpack_publicize_message":"","jetpack_publicize_feature_enabled":true,"jetpack_social_post_already_shared":true,"jetpack_social_options":{"image_generator_settings":{"template":"highway","default_image_id":0,"font":"","enabled":false},"version":2},"_wpas_customize_per_network":false},"categories":[405],"tags":[],"class_list":["post-15796","post","type-post","status-publish","format-standard","has-post-thumbnail","hentry","category-actu-france-monde"],"jetpack_publicize_connections":[],"jetpack_featured_media_url":"https:\/\/i0.wp.com\/www.iceagetv.com\/radiosite\/wp-content\/uploads\/2020\/06\/Le-ministre-de-l%C3%89conomie.png?fit=869%2C385&ssl=1","jetpack_sharing_enabled":true,"_links":{"self":[{"href":"https:\/\/www.iceagetv.com\/radiosite\/wp-json\/wp\/v2\/posts\/15796","targetHints":{"allow":["GET"]}}],"collection":[{"href":"https:\/\/www.iceagetv.com\/radiosite\/wp-json\/wp\/v2\/posts"}],"about":[{"href":"https:\/\/www.iceagetv.com\/radiosite\/wp-json\/wp\/v2\/types\/post"}],"author":[{"embeddable":true,"href":"https:\/\/www.iceagetv.com\/radiosite\/wp-json\/wp\/v2\/users\/2"}],"replies":[{"embeddable":true,"href":"https:\/\/www.iceagetv.com\/radiosite\/wp-json\/wp\/v2\/comments?post=15796"}],"version-history":[{"count":1,"href":"https:\/\/www.iceagetv.com\/radiosite\/wp-json\/wp\/v2\/posts\/15796\/revisions"}],"predecessor-version":[{"id":15798,"href":"https:\/\/www.iceagetv.com\/radiosite\/wp-json\/wp\/v2\/posts\/15796\/revisions\/15798"}],"wp:featuredmedia":[{"embeddable":true,"href":"https:\/\/www.iceagetv.com\/radiosite\/wp-json\/wp\/v2\/media\/15797"}],"wp:attachment":[{"href":"https:\/\/www.iceagetv.com\/radiosite\/wp-json\/wp\/v2\/media?parent=15796"}],"wp:term":[{"taxonomy":"category","embeddable":true,"href":"https:\/\/www.iceagetv.com\/radiosite\/wp-json\/wp\/v2\/categories?post=15796"},{"taxonomy":"post_tag","embeddable":true,"href":"https:\/\/www.iceagetv.com\/radiosite\/wp-json\/wp\/v2\/tags?post=15796"}],"curies":[{"name":"wp","href":"https:\/\/api.w.org\/{rel}","templated":true}]}}