{"id":15817,"date":"2020-06-04T06:55:46","date_gmt":"2020-06-04T06:55:46","guid":{"rendered":"http:\/\/www.iceagetv.com\/radiosite\/?p=15817"},"modified":"2020-06-04T06:55:46","modified_gmt":"2020-06-04T06:55:46","slug":"nouveau-rebondissement-dans-la-disparition-de-la-petite-maddie-en-2007-au-portugal-un-delinquant-sexuel-allemand-serait-implique","status":"publish","type":"post","link":"https:\/\/www.iceagetv.com\/radiosite\/nouveau-rebondissement-dans-la-disparition-de-la-petite-maddie-en-2007-au-portugal-un-delinquant-sexuel-allemand-serait-implique\/","title":{"rendered":"Nouveau rebondissement dans la disparition de la petite Maddie en 2007 au Portugal : Un d\u00e9linquant sexuel allemand serait impliqu\u00e9"},"content":{"rendered":"\n<p>La police allemande a annonc\u00e9 enqu\u00eater sur un nouveau suspect dans l\u2019affaire de la myst\u00e9rieuse disparition, en 2007, de la fillette britannique Madeleine McCann, et a lanc\u00e9 un appel \u00e0 t\u00e9moins. \u00ab En relation avec la disparition de la jeune fille britannique Madeleine Beth McCann, alors \u00e2g\u00e9e de 3 ans (\u2026), le minist\u00e8re public de Brunswick enqu\u00eate sur un citoyen allemand de 43 ans soup\u00e7onn\u00e9 de meurtre \u00bb, a d\u00e9clar\u00e9 la police f\u00e9d\u00e9rale dans un communiqu\u00e9.<\/p>\n\n\n\n<p>Le suspect serait un d\u00e9linquant sexuel d\u00e9j\u00e0 condamn\u00e9 \u00e0 plusieurs reprises, notamment pour avoir abus\u00e9 sexuellement d\u2019enfants. Il purge actuellement une longue peine de prison \u00ab dans une autre affaire \u00bb, a pr\u00e9cis\u00e9 la police.<\/p>\n\n\n\n<p>Apr\u00e8s quatorze mois d&rsquo;investigations controvers\u00e9es, marqu\u00e9es notamment par la mise en examen des parents de la fillette, Gerry et Kate McCann, et finalement leur blanchissement, puis le limogeage de l&rsquo;inspecteur charg\u00e9 de l&rsquo;enqu\u00eate, la police portugaise avait class\u00e9 l&rsquo;affaire en 2008, avant de rouvrir le dossier cinq ans plus tard.<\/p>\n\n\n\n<p>La police britannique avait ouvert sa propre enqu\u00eate en juillet 2013, mais Scotland Yard avait depuis r\u00e9duit drastiquement le nombre d&rsquo;enqu\u00eateurs mobilis\u00e9s sur cette affaire. Les parents se sont toujours dits convaincus que leur fille avait \u00e9t\u00e9 enlev\u00e9e et pourrait encore \u00eatre en vie.<\/p>\n\n\n\n<p>Les enqu\u00eateurs allemands ont travaill\u00e9 en \u00ab \u00e9troite collaboration \u00bb avec leurs homologues britanniques et portugais pour parvenir \u00e0 trouver ce nouveau suspect. Celui-ci aurait v\u00e9cu r\u00e9guli\u00e8rement en Algarve entre 1995 et 2007, notamment pendant plusieurs ann\u00e9es dans une maison situ\u00e9e entre Lagos et Praia da Luz. Il aurait travaill\u00e9 dans la r\u00e9gion, notamment dans la restauration. D&rsquo;autres preuves sugg\u00e8rent qu&rsquo;il gagnait \u00e9galement sa vie en \u00ab commettant des d\u00e9lits, notamment des cambriolages dans des complexes h\u00f4teliers et des appartements de vacances \u00bb, ainsi que du trafic de drogue, pr\u00e9cise la police allemande.<\/p>\n","protected":false},"excerpt":{"rendered":"<p>La police allemande a annonc\u00e9 enqu\u00eater sur un nouveau suspect dans l\u2019affaire de la myst\u00e9rieuse disparition, en 2007, de la fillette britannique Madeleine McCann, et a lanc\u00e9 un appel \u00e0 t\u00e9moins. \u00ab En relation avec la disparition de la jeune fille britannique Madeleine Beth McCann, alors \u00e2g\u00e9e de 3 ans (\u2026), le minist\u00e8re public de [&hellip;]<\/p>\n","protected":false},"author":2,"featured_media":15818,"comment_status":"open","ping_status":"open","sticky":false,"template":"","format":"standard","meta":{"_jetpack_memberships_contains_paid_content":false,"footnotes":"","jetpack_publicize_message":"","jetpack_publicize_feature_enabled":true,"jetpack_social_post_already_shared":true,"jetpack_social_options":{"image_generator_settings":{"template":"highway","default_image_id":0,"font":"","enabled":false},"version":2},"_wpas_customize_per_network":false},"categories":[405],"tags":[],"class_list":["post-15817","post","type-post","status-publish","format-standard","has-post-thumbnail","hentry","category-actu-france-monde"],"jetpack_publicize_connections":[],"jetpack_featured_media_url":"https:\/\/i0.wp.com\/www.iceagetv.com\/radiosite\/wp-content\/uploads\/2020\/06\/Nouveau-rebondissement-dans-la-disparition-de-la-petite-Maddie.png?fit=316%2C149&ssl=1","jetpack_sharing_enabled":true,"_links":{"self":[{"href":"https:\/\/www.iceagetv.com\/radiosite\/wp-json\/wp\/v2\/posts\/15817","targetHints":{"allow":["GET"]}}],"collection":[{"href":"https:\/\/www.iceagetv.com\/radiosite\/wp-json\/wp\/v2\/posts"}],"about":[{"href":"https:\/\/www.iceagetv.com\/radiosite\/wp-json\/wp\/v2\/types\/post"}],"author":[{"embeddable":true,"href":"https:\/\/www.iceagetv.com\/radiosite\/wp-json\/wp\/v2\/users\/2"}],"replies":[{"embeddable":true,"href":"https:\/\/www.iceagetv.com\/radiosite\/wp-json\/wp\/v2\/comments?post=15817"}],"version-history":[{"count":1,"href":"https:\/\/www.iceagetv.com\/radiosite\/wp-json\/wp\/v2\/posts\/15817\/revisions"}],"predecessor-version":[{"id":15819,"href":"https:\/\/www.iceagetv.com\/radiosite\/wp-json\/wp\/v2\/posts\/15817\/revisions\/15819"}],"wp:featuredmedia":[{"embeddable":true,"href":"https:\/\/www.iceagetv.com\/radiosite\/wp-json\/wp\/v2\/media\/15818"}],"wp:attachment":[{"href":"https:\/\/www.iceagetv.com\/radiosite\/wp-json\/wp\/v2\/media?parent=15817"}],"wp:term":[{"taxonomy":"category","embeddable":true,"href":"https:\/\/www.iceagetv.com\/radiosite\/wp-json\/wp\/v2\/categories?post=15817"},{"taxonomy":"post_tag","embeddable":true,"href":"https:\/\/www.iceagetv.com\/radiosite\/wp-json\/wp\/v2\/tags?post=15817"}],"curies":[{"name":"wp","href":"https:\/\/api.w.org\/{rel}","templated":true}]}}