{"id":15829,"date":"2020-06-05T08:00:38","date_gmt":"2020-06-05T08:00:38","guid":{"rendered":"http:\/\/www.iceagetv.com\/radiosite\/?p=15829"},"modified":"2020-06-05T08:00:38","modified_gmt":"2020-06-05T08:00:38","slug":"les-images-des-violences-hier-soir-a-lille-apres-la-manifestation-interdite-contre-les-violences-policieres-qui-a-reuni-des-milliers-de-personnes","status":"publish","type":"post","link":"https:\/\/www.iceagetv.com\/radiosite\/les-images-des-violences-hier-soir-a-lille-apres-la-manifestation-interdite-contre-les-violences-policieres-qui-a-reuni-des-milliers-de-personnes\/","title":{"rendered":"Les images des violences hier soir \u00e0 Lille apr\u00e8s la manifestation interdite contre \u00ab\u00a0les violences polici\u00e8res\u00a0\u00bb qui a r\u00e9uni des milliers de personnes"},"content":{"rendered":"\n<p>C&rsquo;est avec des incidents, une nouvelle fois que s&rsquo;est termin\u00e9e la manifestation interdite \u00e0 Lille. 2.500 personnes, selon une source polici\u00e8re, ont particip\u00e9 mardi \u00e0 Lille \u00e0 une manifestation, non d\u00e9clar\u00e9e, pour d\u00e9noncer les violences polici\u00e8res, le racisme et rendre \u00abhommage\u00bb \u00e0 George Floyd. \u00abD&rsquo;Adama Traor\u00e9 \u00e0 Georges Floyd, m\u00eame institution, m\u00eame lutte !\u00bb, \u00abBlack Lives Matter\u00bb (La vie des Noirs compte), \u00abLa police assassine !\u00bb disaient notamment les pancartes brandies par les manifestants, pour la plupart jeunes et souvent masqu\u00e9s.&nbsp;<\/p>\n\n\n\n<p>R\u00e9unis d\u00e8s 18H00 devant la pr\u00e9fecture, ils r\u00e9pondaient \u00e0 un appel lanc\u00e9 sur les r\u00e9seaux sociaux et relay\u00e9 notamment par le \u00abcollectif S\u00e9lom et Matisse\u00bb, constitu\u00e9 apr\u00e8s la mort en 2017 \u00e0 Lille de deux jeunes de 20 et 18 ans, percut\u00e9s par un TER alors que la police intervenait dans le quartier. \u00abTout le monde d\u00e9teste la police\u00bb Les manifestants venaient aussi \u00absoutenir la manifestation du collectif +La v\u00e9rit\u00e9 pour Adama+\u00bb organis\u00e9e au m\u00eame moment devant le Tribunal de grande instance de Paris par la soeur d&rsquo;Adama Traor\u00e9, d\u00e9c\u00e9d\u00e9 dans une caserne de Persan (Val d&rsquo;Oise) en 2016 apr\u00e8s son interpellation.<\/p>\n\n\n\n<p>Appel\u00e9s \u00e0 un simple \u00abrassemblement\u00bb, les participants se sont finalement dirig\u00e9s vers le centre-ville, o\u00f9 ils ont d\u00e9fil\u00e9 rapidement et en ordre dispers\u00e9, mais g\u00e9n\u00e9ralement dans le calme, scandant \u00abtout le monde d\u00e9teste la police\u00bb ou \u00abpolice partout, justice nulle part\u00bb.<\/p>\n","protected":false},"excerpt":{"rendered":"<p>C&rsquo;est avec des incidents, une nouvelle fois que s&rsquo;est termin\u00e9e la manifestation interdite \u00e0 Lille. 2.500 personnes, selon une source polici\u00e8re, ont particip\u00e9 mardi \u00e0 Lille \u00e0 une manifestation, non d\u00e9clar\u00e9e, pour d\u00e9noncer les violences polici\u00e8res, le racisme et rendre \u00abhommage\u00bb \u00e0 George Floyd. \u00abD&rsquo;Adama Traor\u00e9 \u00e0 Georges Floyd, m\u00eame institution, m\u00eame lutte !\u00bb, \u00abBlack [&hellip;]<\/p>\n","protected":false},"author":2,"featured_media":15830,"comment_status":"open","ping_status":"open","sticky":false,"template":"","format":"standard","meta":{"_jetpack_memberships_contains_paid_content":false,"footnotes":"","jetpack_publicize_message":"","jetpack_publicize_feature_enabled":true,"jetpack_social_post_already_shared":true,"jetpack_social_options":{"image_generator_settings":{"template":"highway","default_image_id":0,"font":"","enabled":false},"version":2},"_wpas_customize_per_network":false},"categories":[405],"tags":[],"class_list":["post-15829","post","type-post","status-publish","format-standard","has-post-thumbnail","hentry","category-actu-france-monde"],"jetpack_publicize_connections":[],"jetpack_featured_media_url":"https:\/\/i0.wp.com\/www.iceagetv.com\/radiosite\/wp-content\/uploads\/2020\/06\/Les-images-des-violences-hier-soir-%C3%A0-Lille.png?fit=876%2C366&ssl=1","jetpack_sharing_enabled":true,"_links":{"self":[{"href":"https:\/\/www.iceagetv.com\/radiosite\/wp-json\/wp\/v2\/posts\/15829","targetHints":{"allow":["GET"]}}],"collection":[{"href":"https:\/\/www.iceagetv.com\/radiosite\/wp-json\/wp\/v2\/posts"}],"about":[{"href":"https:\/\/www.iceagetv.com\/radiosite\/wp-json\/wp\/v2\/types\/post"}],"author":[{"embeddable":true,"href":"https:\/\/www.iceagetv.com\/radiosite\/wp-json\/wp\/v2\/users\/2"}],"replies":[{"embeddable":true,"href":"https:\/\/www.iceagetv.com\/radiosite\/wp-json\/wp\/v2\/comments?post=15829"}],"version-history":[{"count":1,"href":"https:\/\/www.iceagetv.com\/radiosite\/wp-json\/wp\/v2\/posts\/15829\/revisions"}],"predecessor-version":[{"id":15831,"href":"https:\/\/www.iceagetv.com\/radiosite\/wp-json\/wp\/v2\/posts\/15829\/revisions\/15831"}],"wp:featuredmedia":[{"embeddable":true,"href":"https:\/\/www.iceagetv.com\/radiosite\/wp-json\/wp\/v2\/media\/15830"}],"wp:attachment":[{"href":"https:\/\/www.iceagetv.com\/radiosite\/wp-json\/wp\/v2\/media?parent=15829"}],"wp:term":[{"taxonomy":"category","embeddable":true,"href":"https:\/\/www.iceagetv.com\/radiosite\/wp-json\/wp\/v2\/categories?post=15829"},{"taxonomy":"post_tag","embeddable":true,"href":"https:\/\/www.iceagetv.com\/radiosite\/wp-json\/wp\/v2\/tags?post=15829"}],"curies":[{"name":"wp","href":"https:\/\/api.w.org\/{rel}","templated":true}]}}