{"id":15832,"date":"2020-06-05T13:36:39","date_gmt":"2020-06-05T13:36:39","guid":{"rendered":"http:\/\/www.iceagetv.com\/radiosite\/?p=15832"},"modified":"2020-06-05T13:36:39","modified_gmt":"2020-06-05T13:36:39","slug":"mort-de-george-floyd-les-autorites-interdisent-deux-manifestations-prevues-demain-a-paris-devant-lambassade-des-etats-unis","status":"publish","type":"post","link":"https:\/\/www.iceagetv.com\/radiosite\/mort-de-george-floyd-les-autorites-interdisent-deux-manifestations-prevues-demain-a-paris-devant-lambassade-des-etats-unis\/","title":{"rendered":"Mort de George Floyd: Les autorit\u00e9s interdisent deux manifestations pr\u00e9vues demain \u00e0 Paris devant l&rsquo;ambassade des Etats-Unis"},"content":{"rendered":"\n<p>La pr\u00e9fecture de Police de Paris interdit la tenue de deux rassemblements pr\u00e9vus samedi devant l\u2019ambassade des Etats-Unis, en hommage \u00e0 George Floyd, un Am\u00e9ricain noir de 46 ans asphyxi\u00e9 par un policier blanc, a-t-elle indiqu\u00e9 vendredi dans un communiqu\u00e9.<\/p>\n\n\n\n<p>\u00ab Deux projets de rassemblements statiques devant l\u2019Ambassade des Etats-Unis ont \u00e9t\u00e9 d\u00e9clar\u00e9s pour le samedi 6 juin 2020 \u00bb, \u00e9crit la Pr\u00e9fecture de police (PP). \u00ab Ces rassemblements, susceptibles de rallier de nombreuses personnes, ne sont pas autoris\u00e9s par le d\u00e9cret du 31 mai 2020 relatif \u00e0 l\u2019\u00e9tat d\u2019urgence sanitaire qui proscrit tout rassemblement, dans l\u2019espace public, de plus de dix personnes \u00bb, est-il pr\u00e9cis\u00e9.<\/p>\n\n\n\n<p>Le communiqu\u00e9 fait \u00e9galement allusion aux \u00ab incidents et violences \u00bb qui ont eu lieu en marge de la manifestation, interdite, du 2 juin. Ce rassemblement, organis\u00e9 \u00e0 l\u2019appel du comit\u00e9 de soutien \u00e0 la famille d\u2019Adama Traor\u00e9, jeune homme noir de 24 ans mort en 2016 apr\u00e8s son interpellation par les gendarmes, avait r\u00e9uni 20.000 personnes devant le Tribunal de grande instance de Paris.<\/p>\n\n\n\n<p>\u00ab La manifestation pacifique parisienne (\u2026) est maintenue \u00bb, a r\u00e9agi sur Facebook la Ligue de d\u00e9fense noire africaine, organisatrice du rassemblement. \u00ab Manifester est un droit inali\u00e9nable quand les violences, la n\u00e9grophobie et le racisme (\u2026) sont devenus normes \u00bb, ajoute-t-elle.<\/p>\n","protected":false},"excerpt":{"rendered":"<p>La pr\u00e9fecture de Police de Paris interdit la tenue de deux rassemblements pr\u00e9vus samedi devant l\u2019ambassade des Etats-Unis, en hommage \u00e0 George Floyd, un Am\u00e9ricain noir de 46 ans asphyxi\u00e9 par un policier blanc, a-t-elle indiqu\u00e9 vendredi dans un communiqu\u00e9. \u00ab Deux projets de rassemblements statiques devant l\u2019Ambassade des Etats-Unis ont \u00e9t\u00e9 d\u00e9clar\u00e9s pour le [&hellip;]<\/p>\n","protected":false},"author":2,"featured_media":15833,"comment_status":"open","ping_status":"open","sticky":false,"template":"","format":"standard","meta":{"_jetpack_memberships_contains_paid_content":false,"footnotes":"","jetpack_publicize_message":"","jetpack_publicize_feature_enabled":true,"jetpack_social_post_already_shared":true,"jetpack_social_options":{"image_generator_settings":{"template":"highway","default_image_id":0,"font":"","enabled":false},"version":2},"_wpas_customize_per_network":false},"categories":[405],"tags":[],"class_list":["post-15832","post","type-post","status-publish","format-standard","has-post-thumbnail","hentry","category-actu-france-monde"],"jetpack_publicize_connections":[],"jetpack_featured_media_url":"https:\/\/i0.wp.com\/www.iceagetv.com\/radiosite\/wp-content\/uploads\/2020\/06\/Mort-de-George-Floyd.png?fit=878%2C359&ssl=1","jetpack_sharing_enabled":true,"_links":{"self":[{"href":"https:\/\/www.iceagetv.com\/radiosite\/wp-json\/wp\/v2\/posts\/15832","targetHints":{"allow":["GET"]}}],"collection":[{"href":"https:\/\/www.iceagetv.com\/radiosite\/wp-json\/wp\/v2\/posts"}],"about":[{"href":"https:\/\/www.iceagetv.com\/radiosite\/wp-json\/wp\/v2\/types\/post"}],"author":[{"embeddable":true,"href":"https:\/\/www.iceagetv.com\/radiosite\/wp-json\/wp\/v2\/users\/2"}],"replies":[{"embeddable":true,"href":"https:\/\/www.iceagetv.com\/radiosite\/wp-json\/wp\/v2\/comments?post=15832"}],"version-history":[{"count":1,"href":"https:\/\/www.iceagetv.com\/radiosite\/wp-json\/wp\/v2\/posts\/15832\/revisions"}],"predecessor-version":[{"id":15834,"href":"https:\/\/www.iceagetv.com\/radiosite\/wp-json\/wp\/v2\/posts\/15832\/revisions\/15834"}],"wp:featuredmedia":[{"embeddable":true,"href":"https:\/\/www.iceagetv.com\/radiosite\/wp-json\/wp\/v2\/media\/15833"}],"wp:attachment":[{"href":"https:\/\/www.iceagetv.com\/radiosite\/wp-json\/wp\/v2\/media?parent=15832"}],"wp:term":[{"taxonomy":"category","embeddable":true,"href":"https:\/\/www.iceagetv.com\/radiosite\/wp-json\/wp\/v2\/categories?post=15832"},{"taxonomy":"post_tag","embeddable":true,"href":"https:\/\/www.iceagetv.com\/radiosite\/wp-json\/wp\/v2\/tags?post=15832"}],"curies":[{"name":"wp","href":"https:\/\/api.w.org\/{rel}","templated":true}]}}