{"id":15835,"date":"2020-06-06T06:53:12","date_gmt":"2020-06-06T06:53:12","guid":{"rendered":"http:\/\/www.iceagetv.com\/radiosite\/?p=15835"},"modified":"2020-06-06T06:53:12","modified_gmt":"2020-06-06T06:53:12","slug":"mali-la-france-annonce-lelimination-du-chef-dal-qaida-au-maghreb-islamique-abdelmalek-droukdal-a-ete-tue-au-nord-ouest-de-la-ville-de-tessalit","status":"publish","type":"post","link":"https:\/\/www.iceagetv.com\/radiosite\/mali-la-france-annonce-lelimination-du-chef-dal-qaida-au-maghreb-islamique-abdelmalek-droukdal-a-ete-tue-au-nord-ouest-de-la-ville-de-tessalit\/","title":{"rendered":"Mali : La France annonce l&rsquo;\u00e9limination du chef d&rsquo;Al-Qa\u00efda au Maghreb islamique &#8211; Abdelmalek Droukdal a \u00e9t\u00e9 tu\u00e9 au nord-ouest de la ville de Tessalit"},"content":{"rendered":"\n<p>Le chef d&rsquo;Al-Qa\u00efda au Maghreb islamique (Aqmi), l&rsquo;Alg\u00e9rien Abdelmalek Droukdel, a \u00e9t\u00e9 tu\u00e9 par l&rsquo;arm\u00e9e fran\u00e7aise lors d&rsquo;une op\u00e9ration mercredi dans le nord du Mali, a annonc\u00e9 vendredi 5 juin, la ministre des Arm\u00e9es Florence Parly, sur son compte Twitter. Ce chef historique du jihad au Maghreb, commandant de plusieurs groupes jihadistes sah\u00e9liens, a \u00e9t\u00e9 tu\u00e9 jeudi au nord-ouest de la ville malienne de Tessalit.<\/p>\n\n\n\n<p>Abdelmalek Droukdel \u00e9tait accompagn\u00e9 d\u2019un \u00ab petit groupe \u00bb d\u2019hommes lorsqu\u2019il a \u00e9t\u00e9 \u00ab neutralis\u00e9 \u00bb par les forces sp\u00e9ciales fran\u00e7aises. Son corps a \u00e9t\u00e9 \u00ab formellement identifi\u00e9 \u00bb, selon le colonel Fr\u00e9d\u00e9ric Barbry, porte-parole de l\u2019\u00e9tat-major. L\u2019action s\u2019est d\u00e9roul\u00e9e au nord de l\u2019Adrar des Ifoghas, \u00e0 80 km \u00e0 l\u2019est de Tessalit, et a \u00e9t\u00e9 r\u00e9alis\u00e9e par un module d\u2019intervention compos\u00e9 d\u2019h\u00e9licopt\u00e8res et de troupes au sol. \u00bb<\/p>\n\n\n\n<p>\u00ab\u00a0Plusieurs de ses proches collaborateurs\u00a0\u00bb ont \u00e9galement \u00e9t\u00e9 \u00ab\u00a0neutralis\u00e9s\u00a0\u00bb, selon Florence Parly. \u00ab\u00a0Le 3 juin, les forces arm\u00e9es fran\u00e7aises, avec le soutien de leurs partenaires, ont neutralis\u00e9 l\u2019\u00e9mir d&rsquo;Al-Qa\u00efda au Maghreb islamique (AQMI), Abdelmalek Droukdel, et plusieurs de ses proches collaborateurs, lors d\u2019une op\u00e9ration dans le nord du Mali\u00a0\u00bb, a \u00e9crit Florence Parly.<\/p>\n","protected":false},"excerpt":{"rendered":"<p>Le chef d&rsquo;Al-Qa\u00efda au Maghreb islamique (Aqmi), l&rsquo;Alg\u00e9rien Abdelmalek Droukdel, a \u00e9t\u00e9 tu\u00e9 par l&rsquo;arm\u00e9e fran\u00e7aise lors d&rsquo;une op\u00e9ration mercredi dans le nord du Mali, a annonc\u00e9 vendredi 5 juin, la ministre des Arm\u00e9es Florence Parly, sur son compte Twitter. Ce chef historique du jihad au Maghreb, commandant de plusieurs groupes jihadistes sah\u00e9liens, a \u00e9t\u00e9 [&hellip;]<\/p>\n","protected":false},"author":2,"featured_media":15836,"comment_status":"open","ping_status":"open","sticky":false,"template":"","format":"standard","meta":{"_jetpack_memberships_contains_paid_content":false,"footnotes":"","jetpack_publicize_message":"","jetpack_publicize_feature_enabled":true,"jetpack_social_post_already_shared":true,"jetpack_social_options":{"image_generator_settings":{"template":"highway","default_image_id":0,"font":"","enabled":false},"version":2},"_wpas_customize_per_network":false},"categories":[405],"tags":[],"class_list":["post-15835","post","type-post","status-publish","format-standard","has-post-thumbnail","hentry","category-actu-france-monde"],"jetpack_publicize_connections":[],"jetpack_featured_media_url":"https:\/\/i0.wp.com\/www.iceagetv.com\/radiosite\/wp-content\/uploads\/2020\/06\/Abdelmalek-Droukdal.png?fit=698%2C298&ssl=1","jetpack_sharing_enabled":true,"_links":{"self":[{"href":"https:\/\/www.iceagetv.com\/radiosite\/wp-json\/wp\/v2\/posts\/15835","targetHints":{"allow":["GET"]}}],"collection":[{"href":"https:\/\/www.iceagetv.com\/radiosite\/wp-json\/wp\/v2\/posts"}],"about":[{"href":"https:\/\/www.iceagetv.com\/radiosite\/wp-json\/wp\/v2\/types\/post"}],"author":[{"embeddable":true,"href":"https:\/\/www.iceagetv.com\/radiosite\/wp-json\/wp\/v2\/users\/2"}],"replies":[{"embeddable":true,"href":"https:\/\/www.iceagetv.com\/radiosite\/wp-json\/wp\/v2\/comments?post=15835"}],"version-history":[{"count":1,"href":"https:\/\/www.iceagetv.com\/radiosite\/wp-json\/wp\/v2\/posts\/15835\/revisions"}],"predecessor-version":[{"id":15837,"href":"https:\/\/www.iceagetv.com\/radiosite\/wp-json\/wp\/v2\/posts\/15835\/revisions\/15837"}],"wp:featuredmedia":[{"embeddable":true,"href":"https:\/\/www.iceagetv.com\/radiosite\/wp-json\/wp\/v2\/media\/15836"}],"wp:attachment":[{"href":"https:\/\/www.iceagetv.com\/radiosite\/wp-json\/wp\/v2\/media?parent=15835"}],"wp:term":[{"taxonomy":"category","embeddable":true,"href":"https:\/\/www.iceagetv.com\/radiosite\/wp-json\/wp\/v2\/categories?post=15835"},{"taxonomy":"post_tag","embeddable":true,"href":"https:\/\/www.iceagetv.com\/radiosite\/wp-json\/wp\/v2\/tags?post=15835"}],"curies":[{"name":"wp","href":"https:\/\/api.w.org\/{rel}","templated":true}]}}