{"id":15838,"date":"2020-06-06T07:42:22","date_gmt":"2020-06-06T07:42:22","guid":{"rendered":"http:\/\/www.iceagetv.com\/radiosite\/?p=15838"},"modified":"2020-06-06T07:42:22","modified_gmt":"2020-06-06T07:42:22","slug":"limage-choc-du-premier-ministre-canadien-justin-trudeau-posant-un-genou-a-terre-a-ottawa-au-milieu-des-milliers-de-manifestants-pour-denoncer-le-racisme-et-la-violence-policiere-aux-usa","status":"publish","type":"post","link":"https:\/\/www.iceagetv.com\/radiosite\/limage-choc-du-premier-ministre-canadien-justin-trudeau-posant-un-genou-a-terre-a-ottawa-au-milieu-des-milliers-de-manifestants-pour-denoncer-le-racisme-et-la-violence-policiere-aux-usa\/","title":{"rendered":"L&rsquo;image choc du premier ministre canadien Justin Trudeau posant un genou \u00e0 terre \u00e0 Ottawa au milieu des milliers de manifestants pour d\u00e9noncer le racisme et la violence polici\u00e8re aux USA"},"content":{"rendered":"\n<p>Posant un genou \u00e0 terre, le Premier ministre canadien Justin Trudeau s&rsquo;est joint \u00e0 Ottawa \u00e0 des milliers de manifestants pour d\u00e9noncer le racisme et la violence polici\u00e8re apr\u00e8s la mort de George Floyd aux Etats-Unis. Masque noir sur le visage, Justin Trudeau a plusieurs fois mis le genou \u00e0 terre, la derni\u00e8re pendant 8 minutes 46 secondes, le temps qu&rsquo;a dur\u00e9 le supplice de George Floyd sous le genou du policier blanc Derek Chauvin, malgr\u00e9 ses supplications.<\/p>\n\n\n\n<p>Le Premier ministre a rejoint le rassemblement devant le Parlement en hommage \u00e0 ce p\u00e8re de famille noir, dont la mort a d\u00e9clench\u00e9 un mouvement mondial de r\u00e9volte et de protestations. Il \u00e9tait accompagn\u00e9 du ministre responsable de la Famille, Ahmed Hussen.<\/p>\n\n\n\n<p>Chemise blanche, pantalon noir, M. Trudeau tenait dans ses mains un t-shirt noir frapp\u00e9 de l&rsquo;inscription en blanc \u00ab\u00a0Black Lives Matter\u00a0\u00bb que lui avaient remis des manifestants. Il ne s&rsquo;est pas adress\u00e9 \u00e0 la foule, mais il a plusieurs fois hoch\u00e9 la t\u00eate en signe d&rsquo;approbation, applaudissant \u00e9galement les discours prononc\u00e9s au micro scandant \u00ab\u00a0Black Lives Matter\u00a0\u00bb et r\u00e9clamant \u00ab\u00a0le changement maintenant\u00a0\u00bb.<\/p>\n\n\n\n<p>\u00ab\u00a0Au cours des derni\u00e8res semaines, nous avons vu qu&rsquo;un grand nombre de Canadiens se sont soudainement rendu compte que la discrimination est une r\u00e9alit\u00e9 v\u00e9cue par un trop grand nombre de nos concitoyens et quelque chose qui doit cesser\u00a0\u00bb, avait d\u00e9clar\u00e9 plus t\u00f4t dans la journ\u00e9e Justin Trudeau.<\/p>\n\n\n\n<p>\u00ab\u00a0Il y a trop de racisme partout dans le monde, en France, aux Etats-Unis, au Canada. C&rsquo;est important de s&rsquo;y opposer si nous voulons que \u00e7a change\u00a0\u00bb, a dit \u00e0 l&rsquo;AFP St\u00e9phane Kribodo, l&rsquo;un des manifestants. Plusieurs milliers de personnes ont \u00e9galement manifest\u00e9 \u00e0 Toronto et dans d&rsquo;autres villes au Canada contre le racisme et la violence polici\u00e8re.<\/p>\n\n\n\n<p>Le chef de police noir de Toronto, Mark Saunders, a lui aussi mis un genou \u00e0 terre en venant \u00e0 la rencontre des manifestants dans le centre-ville. \u00ab\u00a0Nous vous voyons et nous vous entendons\u00a0\u00bb, a-t-il dit.<\/p>\n\n\n\n<p>Le Premier ministre de l&rsquo;Ontario, Doug Ford, a salu\u00e9 le geste du chef de police en soulignant son \u00ab\u00a0incroyable leadership\u00a0\u00bb. Plus t\u00f4t cette semaine, Justin Trudeau \u00e9tait rest\u00e9 sans voix pendant plus de 20 secondes, alors qu&rsquo;il \u00e9tait press\u00e9 par un journaliste de commenter l&rsquo;attitude de Donald Trump face aux manifestations antiracistes. Les Canadiens suivent avec \u00ab\u00a0horreur\u00a0\u00bb la situation aux Etats-Unis, avait-il finalement r\u00e9affirm\u00e9.<\/p>\n","protected":false},"excerpt":{"rendered":"<p>Posant un genou \u00e0 terre, le Premier ministre canadien Justin Trudeau s&rsquo;est joint \u00e0 Ottawa \u00e0 des milliers de manifestants pour d\u00e9noncer le racisme et la violence polici\u00e8re apr\u00e8s la mort de George Floyd aux Etats-Unis. Masque noir sur le visage, Justin Trudeau a plusieurs fois mis le genou \u00e0 terre, la derni\u00e8re pendant 8 [&hellip;]<\/p>\n","protected":false},"author":2,"featured_media":15839,"comment_status":"open","ping_status":"open","sticky":false,"template":"","format":"standard","meta":{"_jetpack_memberships_contains_paid_content":false,"footnotes":"","jetpack_publicize_message":"","jetpack_publicize_feature_enabled":true,"jetpack_social_post_already_shared":true,"jetpack_social_options":{"image_generator_settings":{"template":"highway","default_image_id":0,"font":"","enabled":false},"version":2},"_wpas_customize_per_network":false},"categories":[405],"tags":[],"class_list":["post-15838","post","type-post","status-publish","format-standard","has-post-thumbnail","hentry","category-actu-france-monde"],"jetpack_publicize_connections":[],"jetpack_featured_media_url":"https:\/\/i0.wp.com\/www.iceagetv.com\/radiosite\/wp-content\/uploads\/2020\/06\/Limage-choc-du-premier-ministre-canadien-Justin-Trudeau.png?fit=638%2C270&ssl=1","jetpack_sharing_enabled":true,"_links":{"self":[{"href":"https:\/\/www.iceagetv.com\/radiosite\/wp-json\/wp\/v2\/posts\/15838","targetHints":{"allow":["GET"]}}],"collection":[{"href":"https:\/\/www.iceagetv.com\/radiosite\/wp-json\/wp\/v2\/posts"}],"about":[{"href":"https:\/\/www.iceagetv.com\/radiosite\/wp-json\/wp\/v2\/types\/post"}],"author":[{"embeddable":true,"href":"https:\/\/www.iceagetv.com\/radiosite\/wp-json\/wp\/v2\/users\/2"}],"replies":[{"embeddable":true,"href":"https:\/\/www.iceagetv.com\/radiosite\/wp-json\/wp\/v2\/comments?post=15838"}],"version-history":[{"count":1,"href":"https:\/\/www.iceagetv.com\/radiosite\/wp-json\/wp\/v2\/posts\/15838\/revisions"}],"predecessor-version":[{"id":15840,"href":"https:\/\/www.iceagetv.com\/radiosite\/wp-json\/wp\/v2\/posts\/15838\/revisions\/15840"}],"wp:featuredmedia":[{"embeddable":true,"href":"https:\/\/www.iceagetv.com\/radiosite\/wp-json\/wp\/v2\/media\/15839"}],"wp:attachment":[{"href":"https:\/\/www.iceagetv.com\/radiosite\/wp-json\/wp\/v2\/media?parent=15838"}],"wp:term":[{"taxonomy":"category","embeddable":true,"href":"https:\/\/www.iceagetv.com\/radiosite\/wp-json\/wp\/v2\/categories?post=15838"},{"taxonomy":"post_tag","embeddable":true,"href":"https:\/\/www.iceagetv.com\/radiosite\/wp-json\/wp\/v2\/tags?post=15838"}],"curies":[{"name":"wp","href":"https:\/\/api.w.org\/{rel}","templated":true}]}}