{"id":15844,"date":"2020-06-06T11:00:36","date_gmt":"2020-06-06T11:00:36","guid":{"rendered":"http:\/\/www.iceagetv.com\/radiosite\/?p=15844"},"modified":"2020-06-06T11:00:36","modified_gmt":"2020-06-06T11:00:36","slug":"etats-unis-biden-sera-officiellement-le-candidat-democrate","status":"publish","type":"post","link":"https:\/\/www.iceagetv.com\/radiosite\/etats-unis-biden-sera-officiellement-le-candidat-democrate\/","title":{"rendered":"Etats-Unis: Biden sera officiellement le candidat d\u00e9mocrate"},"content":{"rendered":"\n<p>Joe Biden a annonc\u00e9 vendredi disposer de suffisamment de d\u00e9l\u00e9gu\u00e9s pour sa nomination comme candidat des d\u00e9mocrates afin d&rsquo;affronter le pr\u00e9sident r\u00e9publicain Donald Trump lors de l&rsquo;\u00e9lection pr\u00e9sidentielle de novembre aux Etats-Unis.<\/p>\n\n\n\n<p>\u00ab\u00a0Ce soir, nous sommes assur\u00e9s des 1.991 d\u00e9l\u00e9gu\u00e9s n\u00e9cessaires pour remporter la nomination d\u00e9mocrate\u00a0\u00bb, a tweet\u00e9 l&rsquo;ancien vice-pr\u00e9sident. \u00ab\u00a0Je vais consacrer chaque jour \u00e0 me battre pour obtenir vos voix afin que, ensemble, nous puissions gagner la bataille pour l&rsquo;\u00e2me de notre pays\u00a0\u00bb.<\/p>\n\n\n\n<p>M. Biden, 77 ans, a franchi le seuil des 1.991 d\u00e9l\u00e9gu\u00e9s lui permettant de s&rsquo;assurer de sa nomination par son parti alors que se poursuivait le d\u00e9compte d&rsquo;une s\u00e9rie de primaires d\u00e9mocrates organis\u00e9es mardi.<\/p>\n\n\n\n<p>Il \u00e9tait d&rsquo;ores et d\u00e9j\u00e0 consid\u00e9r\u00e9 comme le candidat pr\u00e9sum\u00e9 apr\u00e8s le ralliement en avril \u00e0 sa candidature du champion de la gauche, Bernie Sanders.<\/p>\n\n\n\n<p>Le pays conna\u00eet actuellement des manifestations massives de protestation apr\u00e8s l&rsquo;homicide le 25 mai de George Floyd, un homme noir non-arm\u00e9, par un policier blanc.<\/p>\n\n\n\n<p>\u00ab\u00a0Il s&rsquo;agit d&rsquo;un moment difficile dans l&rsquo;histoire de l&rsquo;Am\u00e9rique. Et la politique col\u00e9rique et semeuse de discorde de Donald Trump n&rsquo;est pas une r\u00e9ponse\u00a0\u00bb, a-t-il \u00e9crit sur la plateforme Medium apr\u00e8s l&rsquo;annonce du franchissement du seuil d\u00e9cisif du nombre de d\u00e9l\u00e9gu\u00e9s. \u00ab\u00a0Le pays r\u00e9clame du leadership \u00e0 cor et \u00e0 cri. Un leadership capable de nous r\u00e9unir. Un leadership qui puisse nous rassembler\u00a0\u00bb.<\/p>\n\n\n\n<p>La r\u00e9action de M. Biden aux manifestations contraste avec celle de M. Trump qui a menac\u00e9 de d\u00e9ployer l&rsquo;arm\u00e9e. M. Biden a multipli\u00e9 les d\u00e9clarations, d\u00e9non\u00e7ant \u00e0 plusieurs reprises le \u00ab\u00a0racisme institutionnel\u00a0\u00bb et promettant de s&rsquo;y attaquer d\u00e8s ses 100 premiers jours de pouvoir s&rsquo;il battait le pr\u00e9sident r\u00e9publicain Trump sortant le 3 novembre.<\/p>\n\n\n\n<p>Lors d&rsquo;une rencontre avec des responsables religieux et politiques noirs organis\u00e9e dimanche dernier, sa premi\u00e8re participation \u00e0 une rencontre publique depuis la mi-mars lorsque la pand\u00e9mie de coronavirus a soudainement paralys\u00e9 la campagne pr\u00e9sidentielle, M. Biden avait d\u00e9nonc\u00e9 la pr\u00e9sidence de M. Trump et les probl\u00e8mes de racisme et d&rsquo;in\u00e9galit\u00e9s qui rongent les Etats-Unis.\u00a0\u00bbLe pansement a \u00e9t\u00e9 arrach\u00e9 par cette pand\u00e9mie et ce pr\u00e9sident\u00a0\u00bb, avait-il dit.<\/p>\n\n\n\n<p>Plusieurs participants \u00e0 la rencontre l&rsquo;ont exhort\u00e9 \u00e0 choisir une colisti\u00e8re qui deviendrait la premi\u00e8re vice-pr\u00e9sidente noire s&rsquo;il gagnait en novembre. Il leur a r\u00e9p\u00e9t\u00e9 que \u00ab\u00a0plusieurs candidates afro-am\u00e9ricaines\u00a0\u00bb figuraient dans sa liste.<\/p>\n\n\n\n<p>Vice-pr\u00e9sident pendant huit ans de Barack Obama, Joe Biden est tr\u00e8s populaire chez les Noirs am\u00e9ricains, un \u00e9lectorat cl\u00e9 pour tout d\u00e9mocrate esp\u00e9rant remporter la pr\u00e9sidentielle am\u00e9ricaine.<\/p>\n\n\n\n<p>Mais il n&rsquo;\u00e9chappe pas pour autant aux critiques pour ses positions pass\u00e9es ou des commentaires qui ont provoqu\u00e9 l&rsquo;indignation. Comme lorsqu&rsquo;il avait d\u00e9clar\u00e9, en mai, \u00e0 un animateur de radio qu&rsquo;il n&rsquo;\u00e9tait \u00ab\u00a0pas noir\u00a0\u00bb s&rsquo;il songeait \u00e0 voter pour Donald Trump. Joe Biden s&rsquo;\u00e9tait rapidement excus\u00e9.<\/p>\n\n\n\n<p>La course \u00e0 l&rsquo;investiture d\u00e9mocrate s&rsquo;\u00e9tait mal engag\u00e9e pour M. Biden face \u00e0 M. Sanders mais il avait repris l&rsquo;avantage fin f\u00e9vrier \u00e0 la faveur d&rsquo;une primaire en Caroline du Sud. Une moyenne des sondages nationaux \u00e9tablie par le site RealClearPolitics attribue actuellement \u00e0 M. Biden une avance de 7,1 points sur M. Trump pour l&rsquo;\u00e9lection.<\/p>\n","protected":false},"excerpt":{"rendered":"<p>Joe Biden a annonc\u00e9 vendredi disposer de suffisamment de d\u00e9l\u00e9gu\u00e9s pour sa nomination comme candidat des d\u00e9mocrates afin d&rsquo;affronter le pr\u00e9sident r\u00e9publicain Donald Trump lors de l&rsquo;\u00e9lection pr\u00e9sidentielle de novembre aux Etats-Unis. \u00ab\u00a0Ce soir, nous sommes assur\u00e9s des 1.991 d\u00e9l\u00e9gu\u00e9s n\u00e9cessaires pour remporter la nomination d\u00e9mocrate\u00a0\u00bb, a tweet\u00e9 l&rsquo;ancien vice-pr\u00e9sident. \u00ab\u00a0Je vais consacrer chaque jour [&hellip;]<\/p>\n","protected":false},"author":2,"featured_media":15845,"comment_status":"open","ping_status":"open","sticky":false,"template":"","format":"standard","meta":{"_jetpack_memberships_contains_paid_content":false,"footnotes":"","jetpack_publicize_message":"","jetpack_publicize_feature_enabled":true,"jetpack_social_post_already_shared":true,"jetpack_social_options":{"image_generator_settings":{"template":"highway","default_image_id":0,"font":"","enabled":false},"version":2},"_wpas_customize_per_network":false},"categories":[405],"tags":[],"class_list":["post-15844","post","type-post","status-publish","format-standard","has-post-thumbnail","hentry","category-actu-france-monde"],"jetpack_publicize_connections":[],"jetpack_featured_media_url":"https:\/\/i0.wp.com\/www.iceagetv.com\/radiosite\/wp-content\/uploads\/2020\/06\/Biden-sera-officiellement-le-candidat-d%C3%A9mocrate.jpg?fit=768%2C512&ssl=1","jetpack_sharing_enabled":true,"_links":{"self":[{"href":"https:\/\/www.iceagetv.com\/radiosite\/wp-json\/wp\/v2\/posts\/15844","targetHints":{"allow":["GET"]}}],"collection":[{"href":"https:\/\/www.iceagetv.com\/radiosite\/wp-json\/wp\/v2\/posts"}],"about":[{"href":"https:\/\/www.iceagetv.com\/radiosite\/wp-json\/wp\/v2\/types\/post"}],"author":[{"embeddable":true,"href":"https:\/\/www.iceagetv.com\/radiosite\/wp-json\/wp\/v2\/users\/2"}],"replies":[{"embeddable":true,"href":"https:\/\/www.iceagetv.com\/radiosite\/wp-json\/wp\/v2\/comments?post=15844"}],"version-history":[{"count":1,"href":"https:\/\/www.iceagetv.com\/radiosite\/wp-json\/wp\/v2\/posts\/15844\/revisions"}],"predecessor-version":[{"id":15846,"href":"https:\/\/www.iceagetv.com\/radiosite\/wp-json\/wp\/v2\/posts\/15844\/revisions\/15846"}],"wp:featuredmedia":[{"embeddable":true,"href":"https:\/\/www.iceagetv.com\/radiosite\/wp-json\/wp\/v2\/media\/15845"}],"wp:attachment":[{"href":"https:\/\/www.iceagetv.com\/radiosite\/wp-json\/wp\/v2\/media?parent=15844"}],"wp:term":[{"taxonomy":"category","embeddable":true,"href":"https:\/\/www.iceagetv.com\/radiosite\/wp-json\/wp\/v2\/categories?post=15844"},{"taxonomy":"post_tag","embeddable":true,"href":"https:\/\/www.iceagetv.com\/radiosite\/wp-json\/wp\/v2\/tags?post=15844"}],"curies":[{"name":"wp","href":"https:\/\/api.w.org\/{rel}","templated":true}]}}