{"id":15847,"date":"2020-06-07T08:47:06","date_gmt":"2020-06-07T08:47:06","guid":{"rendered":"http:\/\/www.iceagetv.com\/radiosite\/?p=15847"},"modified":"2020-06-07T08:47:06","modified_gmt":"2020-06-07T08:47:06","slug":"rester-silencieux-fait-partie-du-probleme-des-milliers-de-manifestants-en-france-contre-les-violences-policieres","status":"publish","type":"post","link":"https:\/\/www.iceagetv.com\/radiosite\/rester-silencieux-fait-partie-du-probleme-des-milliers-de-manifestants-en-france-contre-les-violences-policieres\/","title":{"rendered":"Rester silencieux fait partie du probl\u00e8me \u00bb : des milliers de manifestants en France contre les violences polici\u00e8res"},"content":{"rendered":"\n<p> En anglais et en fran\u00e7ais, \u00e0 Nantes et \u00e0 Marseille, \u00e0 Lyon et \u00e0 Lille, les slogans se r\u00e9pondent.\u00a0<em>\u00ab\u00a0I\u00a0can\u2019t breathe\u00a0\u00bb<\/em>, scandent sur la place Massena, \u00e0 Nice, les manifestants \u00e0 l\u2019\u00e9vocation\u00a0<a href=\"https:\/\/www.lemonde.fr\/international\/article\/2020\/06\/03\/mort-de-george-floyd-de-nouvelles-manifestations-pacifiques-aux-etats-unis_6041569_3210.html\">de George Floyd, mort lors de son interpellation par un policier, \u00e0 Minneapolis (Minnesota),<\/a>\u00a0le 25\u00a0mai.\u00a0<em>\u00ab\u00a0Je ne peux plus respirer\u00a0\u00bb<\/em>, r\u00e9p\u00e8te la foule au pied de la Tour Eiffel, \u00e0 Paris, en r\u00e9f\u00e9rence aux derniers mots prononc\u00e9s par\u00a0<a href=\"https:\/\/www.lemonde.fr\/societe\/article\/2020\/06\/03\/depuis-la-mort-d-adama-traore-quatre-ans-d-expertises-et-de-marches-pour-la-justice_6041646_3224.html\">Adama Traor\u00e9<\/a>, mort \u00e0 24\u00a0ans apr\u00e8s son interpellation par trois gendarmes \u00e0 Persan (Val-d\u2019Oise), le 16\u00a0juillet\u00a02016. Samedi 6\u00a0juin, le mouvement de protestation contre les violences polici\u00e8res et le racisme, initi\u00e9 cinq jours plus t\u00f4t par\u00a0<a href=\"https:\/\/www.lemonde.fr\/societe\/article\/2020\/06\/03\/environ-20-000-manifestants-a-paris-lors-d-un-rassemblement-interdit-contre-les-violences-policieres_6041560_3224.html\">une premi\u00e8re manifestation<\/a>\u00a0devant le tribunal de Paris,\u00a0<a href=\"https:\/\/www.lemonde.fr\/societe\/article\/2020\/06\/06\/malgre-les-interdictions-de-nouvelles-actions-contre-les-violences-policieres-attendues-en-france_6041956_3224.html\">a r\u00e9uni 23\u00a0300\u00a0personnes en France<\/a>, dont 5\u00a0500 dans la capitale, selon le minist\u00e8re de l\u2019int\u00e9rieur.  Malgr\u00e9 l\u2019interdiction des rassemblements de plus de dix\u00a0personnes sur la voie publique, les cort\u00e8ges ont atteint jusqu\u2019\u00e0 5\u00a0000\u00a0personnes \u00e0 Lyon, 1\u00a0500 \u00e0 Lille et \u00e0 Nantes, plus de 3\u00a0000 \u00e0 Marseille. A Bordeaux, au moins 2\u00a0500\u00a0personnes ont observ\u00e9, agenouill\u00e9s et pour certains le poing lev\u00e9, une longue minute de silence.\u00a0<a href=\"https:\/\/www.lemonde.fr\/societe\/article\/2020\/06\/06\/malgre-les-interdictions-de-nouvelles-actions-contre-les-violences-policieres-attendues-en-france_6041956_3224.html\">Vendredi soir<\/a>, entre 1\u00a0500 et 3\u00a0000\u00a0personnes s\u2019\u00e9taient d\u00e9j\u00e0 rassembl\u00e9es devant le palais de justice de Rouen.\u00a0<em>\u00ab\u00a0Le droit de manifester est mis de c\u00f4t\u00e9 pendant la crise sanitaire, mais la politique continue. Il n\u2019est pas question de ne pas faire entendre notre voix\u00a0\u00bb<\/em>, revendique Axel Colombo, 27\u00a0ans, sur la place de la Concorde, \u00e0 Paris. <\/p>\n","protected":false},"excerpt":{"rendered":"<p>En anglais et en fran\u00e7ais, \u00e0 Nantes et \u00e0 Marseille, \u00e0 Lyon et \u00e0 Lille, les slogans se r\u00e9pondent.\u00a0\u00ab\u00a0I\u00a0can\u2019t breathe\u00a0\u00bb, scandent sur la place Massena, \u00e0 Nice, les manifestants \u00e0 l\u2019\u00e9vocation\u00a0de George Floyd, mort lors de son interpellation par un policier, \u00e0 Minneapolis (Minnesota),\u00a0le 25\u00a0mai.\u00a0\u00ab\u00a0Je ne peux plus respirer\u00a0\u00bb, r\u00e9p\u00e8te la foule au pied de [&hellip;]<\/p>\n","protected":false},"author":2,"featured_media":15848,"comment_status":"open","ping_status":"open","sticky":false,"template":"","format":"standard","meta":{"_jetpack_memberships_contains_paid_content":false,"footnotes":"","jetpack_publicize_message":"","jetpack_publicize_feature_enabled":true,"jetpack_social_post_already_shared":true,"jetpack_social_options":{"image_generator_settings":{"template":"highway","default_image_id":0,"font":"","enabled":false},"version":2},"_wpas_customize_per_network":false},"categories":[405],"tags":[],"class_list":["post-15847","post","type-post","status-publish","format-standard","has-post-thumbnail","hentry","category-actu-france-monde"],"jetpack_publicize_connections":[],"jetpack_featured_media_url":"https:\/\/i0.wp.com\/www.iceagetv.com\/radiosite\/wp-content\/uploads\/2020\/06\/Rester-silencieux-fait-partie-du-probl%C3%A8me.png?fit=572%2C366&ssl=1","jetpack_sharing_enabled":true,"_links":{"self":[{"href":"https:\/\/www.iceagetv.com\/radiosite\/wp-json\/wp\/v2\/posts\/15847","targetHints":{"allow":["GET"]}}],"collection":[{"href":"https:\/\/www.iceagetv.com\/radiosite\/wp-json\/wp\/v2\/posts"}],"about":[{"href":"https:\/\/www.iceagetv.com\/radiosite\/wp-json\/wp\/v2\/types\/post"}],"author":[{"embeddable":true,"href":"https:\/\/www.iceagetv.com\/radiosite\/wp-json\/wp\/v2\/users\/2"}],"replies":[{"embeddable":true,"href":"https:\/\/www.iceagetv.com\/radiosite\/wp-json\/wp\/v2\/comments?post=15847"}],"version-history":[{"count":1,"href":"https:\/\/www.iceagetv.com\/radiosite\/wp-json\/wp\/v2\/posts\/15847\/revisions"}],"predecessor-version":[{"id":15849,"href":"https:\/\/www.iceagetv.com\/radiosite\/wp-json\/wp\/v2\/posts\/15847\/revisions\/15849"}],"wp:featuredmedia":[{"embeddable":true,"href":"https:\/\/www.iceagetv.com\/radiosite\/wp-json\/wp\/v2\/media\/15848"}],"wp:attachment":[{"href":"https:\/\/www.iceagetv.com\/radiosite\/wp-json\/wp\/v2\/media?parent=15847"}],"wp:term":[{"taxonomy":"category","embeddable":true,"href":"https:\/\/www.iceagetv.com\/radiosite\/wp-json\/wp\/v2\/categories?post=15847"},{"taxonomy":"post_tag","embeddable":true,"href":"https:\/\/www.iceagetv.com\/radiosite\/wp-json\/wp\/v2\/tags?post=15847"}],"curies":[{"name":"wp","href":"https:\/\/api.w.org\/{rel}","templated":true}]}}