{"id":15851,"date":"2020-06-07T08:49:05","date_gmt":"2020-06-07T08:49:05","guid":{"rendered":"http:\/\/www.iceagetv.com\/radiosite\/?p=15851"},"modified":"2020-06-07T08:49:05","modified_gmt":"2020-06-07T08:49:05","slug":"coronavirus-le-president-du-conseil-scientifique-favorable-a-des-regles-moins-strictes-a-lecole","status":"publish","type":"post","link":"https:\/\/www.iceagetv.com\/radiosite\/coronavirus-le-president-du-conseil-scientifique-favorable-a-des-regles-moins-strictes-a-lecole\/","title":{"rendered":"Coronavirus : le pr\u00e9sident du conseil scientifique favorable \u00e0 des r\u00e8gles moins strictes \u00e0 l\u2019\u00e9cole"},"content":{"rendered":"\n<p>Les r\u00e8gles sanitaires pour les enfants \u00e0 l\u2019\u00e9cole pourraient \u00eatre all\u00e9g\u00e9es d\u2019ici \u00e0 fin juin, notamment pour&nbsp;<em>\u00ab&nbsp;les repas, les r\u00e9cr\u00e9ations ou le sport&nbsp;\u00bb<\/em>,&nbsp;<a href=\"https:\/\/www.lejdd.fr\/\">estime, dans le&nbsp;<em>Journal du Dimanche<\/em>&nbsp;du 7&nbsp;juin, le pr\u00e9sident du conseil scientifique<\/a>, Jean-Fran\u00e7ois Delfraissy.<\/p>\n\n\n\n<p>Ce conseil d\u2019experts charg\u00e9 d\u2019\u00e9clairer le gouvernement doit aussi se pencher,&nbsp;<em>\u00ab&nbsp;courant juin&nbsp;\u00bb<\/em>, sur la question de la rentr\u00e9e de septembre pour voir comment le lourd protocole actuel&nbsp;<em>\u00ab&nbsp;pourrait \u00eatre un peu simplifi\u00e9, fluidifi\u00e9, \u00e0 la lumi\u00e8re des connaissances actuelles&nbsp;\u00bb<\/em>, ajoute son pr\u00e9sident.Lire aussi&nbsp;&nbsp;<a href=\"https:\/\/www.lemonde.fr\/planete\/article\/2020\/06\/04\/covid-19-le-conseil-scientifique-n-exclut-aucun-scenario-pour-la-suite_6041779_3244.html\">Coronavirus&nbsp;: pour le conseil scientifique, un nouveau confinement g\u00e9n\u00e9ralis\u00e9 n\u2019est \u00ab&nbsp;pas souhaitable&nbsp;\u00bb<\/a><\/p>\n\n\n\n<p>Contrairement \u00e0 une id\u00e9e r\u00e9pandue au d\u00e9but de l\u2019\u00e9pid\u00e9mie de Covid-19, les enfants ne semblent pas \u00eatre les principaux propagateurs du virus et semblent moins contagieux que les adultes, selon les conclusions de chercheurs fran\u00e7ais.<\/p>\n\n\n\n<p><em>\u00ab&nbsp;M\u00eame en continuant \u00e0 respecter des r\u00e8gles un peu lourdes, on pourrait les simplifier en p\u00e9riscolaire d\u2019ici \u00e0 la fin juin<\/em>&nbsp;<em>: pendant les repas, les r\u00e9cr\u00e9ations ou le sport&nbsp;\u00bb<\/em>, sugg\u00e8re Jean-Fran\u00e7ois Delfraissy.<\/p>\n\n\n\n<p>Jeudi, le ministre de l\u2019\u00e9ducation, Jean-Michel Blanquer, avait dit esp\u00e9rer que le protocole sanitaire pourrait \u00eatre assoupli&nbsp;<em>\u00ab&nbsp;bient\u00f4t&nbsp;\u00bb<\/em>.<\/p>\n\n\n\n<h2 class=\"wp-block-heading\">\u00ab&nbsp;Changement de paradigme&nbsp;\u00bb<\/h2>\n\n\n\n<p><a href=\"https:\/\/www.lemonde.fr\/planete\/article\/2020\/06\/06\/coronavirus-en-france-l-application-stopcovid-passe-le-cap-du-million-d-utilisateurs-l-epidemie-sous-controle_6042007_3244.html\">Concernant l\u2019\u00e9pid\u00e9mie<\/a>, qui a fait pr\u00e8s de 30\u00a0000\u00a0morts en France, principalement chez les plus \u00e2g\u00e9s,\u00a0<em>\u00ab\u00a0la situation est sous contr\u00f4le\u00a0\u00bb<\/em>, redit Jean-Fran\u00e7ois Delfraissy.<\/p>\n\n\n\n<p>Et en cas de deuxi\u00e8me vague,&nbsp;<em>\u00ab&nbsp;il faudra probablement laisser tourner le Covid dans la population jeune et essayer de prot\u00e9ger, avec leur accord, les plus fragiles, malades, pr\u00e9caires, ou \u00e2g\u00e9s&nbsp;\u00bb<\/em>, indique le professeur.<\/p>\n\n\n\n<p><em>\u00ab&nbsp;On est dans un changement de paradigme, une strat\u00e9gie nouvelle pour nous. Il s\u2019agira de g\u00e9rer le risque, plus important chez les populations fragiles. Sans coercition mais en faisant appel \u00e0 la responsabilit\u00e9 individuelle&nbsp;\u00bb<\/em>, poursuit-il.<\/p>\n\n\n\n<p><em>\u00ab&nbsp;Nous proposons un plan Ehpad&nbsp;<\/em>[\u00e9tablissements d\u2019h\u00e9bergement pour personnes \u00e2g\u00e9es d\u00e9pendantes]<em>&nbsp;\u00bb<\/em>&nbsp;et&nbsp;<em>\u00ab&nbsp;aussi un plan pour les populations pr\u00e9caires<\/em>&nbsp;<em>: SDF, migrants, personnes vivant sous le seuil de pauvret\u00e9, assez largement touch\u00e9es&nbsp;\u00bb<\/em>, indique-t-il, reconnaissant que le confinement de toute la population appliqu\u00e9e \u00e0 partir de la mi-mars&nbsp;<em>\u00ab&nbsp;n\u2019\u00e9tait pas une bonne d\u00e9cision mais la moins mauvaise&nbsp;\u00bb<\/em>.<\/p>\n\n\n\n<p><em>\u00ab&nbsp;Le conseil souhaiterait arr\u00eater ses travaux \u00e0 partir de d\u00e9but juillet&nbsp;\u00bb<\/em>, fait par ailleurs savoir son pr\u00e9sident.&nbsp;<em>\u00ab&nbsp;Les services de l\u2019Etat sont pleinement en ordre de marche. Il n\u2019est pas sain qu\u2019une structure cr\u00e9\u00e9e de toutes pi\u00e8ces pour r\u00e9pondre dans l\u2019urgence perdure&nbsp;\u00bb<\/em>, fait-il valoir, ajoutant que le conseil pourrait toujours se r\u00e9unir de nouveau&nbsp;<em>\u00ab&nbsp;si la situation sanitaire l\u2019exigeait&nbsp;\u00bb<\/em>.<\/p>\n\n\n\n<p><\/p>\n","protected":false},"excerpt":{"rendered":"<p>Les r\u00e8gles sanitaires pour les enfants \u00e0 l\u2019\u00e9cole pourraient \u00eatre all\u00e9g\u00e9es d\u2019ici \u00e0 fin juin, notamment pour&nbsp;\u00ab&nbsp;les repas, les r\u00e9cr\u00e9ations ou le sport&nbsp;\u00bb,&nbsp;estime, dans le&nbsp;Journal du Dimanche&nbsp;du 7&nbsp;juin, le pr\u00e9sident du conseil scientifique, Jean-Fran\u00e7ois Delfraissy. Ce conseil d\u2019experts charg\u00e9 d\u2019\u00e9clairer le gouvernement doit aussi se pencher,&nbsp;\u00ab&nbsp;courant juin&nbsp;\u00bb, sur la question de la rentr\u00e9e de septembre [&hellip;]<\/p>\n","protected":false},"author":2,"featured_media":15852,"comment_status":"open","ping_status":"open","sticky":false,"template":"","format":"standard","meta":{"_jetpack_memberships_contains_paid_content":false,"footnotes":"","jetpack_publicize_message":"","jetpack_publicize_feature_enabled":true,"jetpack_social_post_already_shared":true,"jetpack_social_options":{"image_generator_settings":{"template":"highway","default_image_id":0,"font":"","enabled":false},"version":2},"_wpas_customize_per_network":false},"categories":[405],"tags":[],"class_list":["post-15851","post","type-post","status-publish","format-standard","has-post-thumbnail","hentry","category-actu-france-monde"],"jetpack_publicize_connections":[],"jetpack_featured_media_url":"https:\/\/i0.wp.com\/www.iceagetv.com\/radiosite\/wp-content\/uploads\/2020\/06\/le-pr%C3%A9sident-du-conseil-scientifique-favorable-%C3%A0-des-r%C3%A8gles-moins-strictes-%C3%A0-l%E2%80%99%C3%A9cole.png?fit=208%2C132&ssl=1","jetpack_sharing_enabled":true,"_links":{"self":[{"href":"https:\/\/www.iceagetv.com\/radiosite\/wp-json\/wp\/v2\/posts\/15851","targetHints":{"allow":["GET"]}}],"collection":[{"href":"https:\/\/www.iceagetv.com\/radiosite\/wp-json\/wp\/v2\/posts"}],"about":[{"href":"https:\/\/www.iceagetv.com\/radiosite\/wp-json\/wp\/v2\/types\/post"}],"author":[{"embeddable":true,"href":"https:\/\/www.iceagetv.com\/radiosite\/wp-json\/wp\/v2\/users\/2"}],"replies":[{"embeddable":true,"href":"https:\/\/www.iceagetv.com\/radiosite\/wp-json\/wp\/v2\/comments?post=15851"}],"version-history":[{"count":1,"href":"https:\/\/www.iceagetv.com\/radiosite\/wp-json\/wp\/v2\/posts\/15851\/revisions"}],"predecessor-version":[{"id":15853,"href":"https:\/\/www.iceagetv.com\/radiosite\/wp-json\/wp\/v2\/posts\/15851\/revisions\/15853"}],"wp:featuredmedia":[{"embeddable":true,"href":"https:\/\/www.iceagetv.com\/radiosite\/wp-json\/wp\/v2\/media\/15852"}],"wp:attachment":[{"href":"https:\/\/www.iceagetv.com\/radiosite\/wp-json\/wp\/v2\/media?parent=15851"}],"wp:term":[{"taxonomy":"category","embeddable":true,"href":"https:\/\/www.iceagetv.com\/radiosite\/wp-json\/wp\/v2\/categories?post=15851"},{"taxonomy":"post_tag","embeddable":true,"href":"https:\/\/www.iceagetv.com\/radiosite\/wp-json\/wp\/v2\/tags?post=15851"}],"curies":[{"name":"wp","href":"https:\/\/api.w.org\/{rel}","templated":true}]}}