{"id":15876,"date":"2020-06-10T08:40:18","date_gmt":"2020-06-10T08:40:18","guid":{"rendered":"http:\/\/www.iceagetv.com\/radiosite\/?p=15876"},"modified":"2020-06-10T08:40:18","modified_gmt":"2020-06-10T08:40:18","slug":"coronavirus-fin-prochaine-de-letat-durgence-sanitaire-en-france-sauf-pour-certaines-mesures","status":"publish","type":"post","link":"https:\/\/www.iceagetv.com\/radiosite\/coronavirus-fin-prochaine-de-letat-durgence-sanitaire-en-france-sauf-pour-certaines-mesures\/","title":{"rendered":"Coronavirus : fin prochaine de l\u2019\u00e9tat d\u2019urgence sanitaire en France, sauf pour certaines mesures"},"content":{"rendered":"\n<p> Selon nos informations, le gouvernement a d\u00e9cid\u00e9 de ne pas prolonger au-del\u00e0 du 10\u00a0juillet l\u2019\u00e9tat d\u2019urgence sanitaire. Mais il pr\u00e9pare un projet de loi reprenant certaines de ses dispositions, qui lui permettra de restreindre les libert\u00e9s au-del\u00e0 de cette date. <\/p>\n\n\n\n<p>Les macronistes y verront une nouvelle d\u00e9monstration du \u00ab&nbsp;en m\u00eame temps&nbsp;\u00bb de leur champion. L\u2019opposition une nouvelle atteinte aux libert\u00e9s d\u2019un ex\u00e9cutif aux abois. Selon nos informations,&nbsp;<a href=\"https:\/\/www.lemonde.fr\/sante\/article\/2020\/06\/09\/le-gouvernement-souhaite-mettre-fin-a-l-etat-d-urgence-sanitaire-au-10-juillet_6042302_1651302.html\">le gouvernement a d\u00e9cid\u00e9 de ne pas prolonger au-del\u00e0 du 10&nbsp;juillet l\u2019\u00e9tat d\u2019urgence sanitaire,<\/a>&nbsp;mis en place le 23&nbsp;mars pour lutter contre l\u2019\u00e9pid\u00e9mie de Covid-19 et prolong\u00e9 le 11&nbsp;mai pour une dur\u00e9e de deux mois. Mais un nouveau projet de loi reprenant un certain nombre de ses dispositions sera pr\u00e9sent\u00e9 en conseil des ministres, mercredi 10&nbsp;juin, avant d\u2019\u00eatre examin\u00e9 \u00e0 partir du 17&nbsp;juin \u00e0 l\u2019Assembl\u00e9e nationale, puis au S\u00e9nat.<\/p>\n\n\n\n<p><em>\u00ab&nbsp;Compte tenu de l\u2019\u00e9volution, \u00e0 ce stade, positive de la situation sanitaire, le gouvernement souhaite mettre un terme \u00e0 l\u2019\u00e9tat d\u2019urgence sanitaire, qui doit demeurer un r\u00e9gime d\u2019exception. Pour autant, cette sortie&nbsp;<\/em>(\u2026)<em>&nbsp;doit \u00eatre organis\u00e9e rigoureusement et progressivement, afin de continuer \u00e0 prot\u00e9ger les Fran\u00e7ais face \u00e0 un virus qui circule encore en France, et peut justifier dans les semaines ou mois prochains la poursuite voire, si n\u00e9cessaire, le renforcement de certaines mesures actuellement en vigueur&nbsp;\u00bb<\/em>, explique-t-on \u00e0 Matignon.<\/p>\n\n\n\n<h2 class=\"wp-block-heading\">Restreindre les libert\u00e9s jusqu\u2019au 10&nbsp;novembre<\/h2>\n\n\n\n<p>Concr\u00e8tement, ce nouveau projet de loi, qui \u00e9tait encore examin\u00e9 au Conseil d\u2019Etat mardi, permettra au premier ministre, Edouard Philippe, de restreindre les libert\u00e9s au-del\u00e0 du 10&nbsp;juillet, et ce durant une p\u00e9riode de quatre mois. Selon les \u00e9l\u00e9ments transmis par Matignon, l\u2019ex\u00e9cutif pourra notamment, s\u2019il l\u2019estime n\u00e9cessaire,&nbsp;<em>\u00ab&nbsp;r\u00e9glementer ou interdire la circulation des personnes et des v\u00e9hicules&nbsp;\u00bb<\/em>, ainsi que&nbsp;<em>\u00ab&nbsp;l\u2019acc\u00e8s aux moyens de transport et les conditions de leur usage&nbsp;\u00bb<\/em>. L\u2019obligation de port du masque dans les transports publics, actuellement en vigueur, pourrait notamment \u00eatre prolong\u00e9e.<\/p>\n\n\n\n<p>De la m\u00eame fa\u00e7on, ce texte donnera au premier ministre&nbsp;<em>\u00ab&nbsp;la possibilit\u00e9 d\u2019ordonner la fermeture provisoire et de r\u00e9glementer l\u2019ouverture, y compris les conditions d\u2019acc\u00e8s et de pr\u00e9sence, d\u2019une ou plusieurs cat\u00e9gories d\u2019\u00e9tablissements recevant du public ainsi que des lieux de r\u00e9union avec une jauge maximale&nbsp;\u00bb<\/em>, indique-t-on \u00e0 Matignon. Cette mesure pourrait notamment s\u2019appliquer aux salles de spectacle, aux restaurants, aux cin\u00e9mas, aux centres de congr\u00e8s, aux centres commerciaux, etc.&nbsp;<em>\u00ab&nbsp;L\u2019acc\u00e8s des personnes aux biens et services de premi\u00e8re n\u00e9cessit\u00e9&nbsp;<\/em><\/p>\n\n\n\n<p><\/p>\n","protected":false},"excerpt":{"rendered":"<p>Selon nos informations, le gouvernement a d\u00e9cid\u00e9 de ne pas prolonger au-del\u00e0 du 10\u00a0juillet l\u2019\u00e9tat d\u2019urgence sanitaire. Mais il pr\u00e9pare un projet de loi reprenant certaines de ses dispositions, qui lui permettra de restreindre les libert\u00e9s au-del\u00e0 de cette date. Les macronistes y verront une nouvelle d\u00e9monstration du \u00ab&nbsp;en m\u00eame temps&nbsp;\u00bb de leur champion. L\u2019opposition [&hellip;]<\/p>\n","protected":false},"author":2,"featured_media":15877,"comment_status":"open","ping_status":"open","sticky":false,"template":"","format":"standard","meta":{"_jetpack_memberships_contains_paid_content":false,"footnotes":"","jetpack_publicize_message":"","jetpack_publicize_feature_enabled":true,"jetpack_social_post_already_shared":true,"jetpack_social_options":{"image_generator_settings":{"template":"highway","default_image_id":0,"font":"","enabled":false},"version":2},"_wpas_customize_per_network":false},"categories":[405],"tags":[],"class_list":["post-15876","post","type-post","status-publish","format-standard","has-post-thumbnail","hentry","category-actu-france-monde"],"jetpack_publicize_connections":[],"jetpack_featured_media_url":"https:\/\/i0.wp.com\/www.iceagetv.com\/radiosite\/wp-content\/uploads\/2020\/06\/fin-prochaine-de-l%E2%80%99%C3%A9tat-d%E2%80%99urgence-sanitaire-en-France-sauf-pour-certaines-mesures.jpg?fit=1197%2C450&ssl=1","jetpack_sharing_enabled":true,"_links":{"self":[{"href":"https:\/\/www.iceagetv.com\/radiosite\/wp-json\/wp\/v2\/posts\/15876","targetHints":{"allow":["GET"]}}],"collection":[{"href":"https:\/\/www.iceagetv.com\/radiosite\/wp-json\/wp\/v2\/posts"}],"about":[{"href":"https:\/\/www.iceagetv.com\/radiosite\/wp-json\/wp\/v2\/types\/post"}],"author":[{"embeddable":true,"href":"https:\/\/www.iceagetv.com\/radiosite\/wp-json\/wp\/v2\/users\/2"}],"replies":[{"embeddable":true,"href":"https:\/\/www.iceagetv.com\/radiosite\/wp-json\/wp\/v2\/comments?post=15876"}],"version-history":[{"count":1,"href":"https:\/\/www.iceagetv.com\/radiosite\/wp-json\/wp\/v2\/posts\/15876\/revisions"}],"predecessor-version":[{"id":15878,"href":"https:\/\/www.iceagetv.com\/radiosite\/wp-json\/wp\/v2\/posts\/15876\/revisions\/15878"}],"wp:featuredmedia":[{"embeddable":true,"href":"https:\/\/www.iceagetv.com\/radiosite\/wp-json\/wp\/v2\/media\/15877"}],"wp:attachment":[{"href":"https:\/\/www.iceagetv.com\/radiosite\/wp-json\/wp\/v2\/media?parent=15876"}],"wp:term":[{"taxonomy":"category","embeddable":true,"href":"https:\/\/www.iceagetv.com\/radiosite\/wp-json\/wp\/v2\/categories?post=15876"},{"taxonomy":"post_tag","embeddable":true,"href":"https:\/\/www.iceagetv.com\/radiosite\/wp-json\/wp\/v2\/tags?post=15876"}],"curies":[{"name":"wp","href":"https:\/\/api.w.org\/{rel}","templated":true}]}}