{"id":15880,"date":"2020-06-12T15:38:25","date_gmt":"2020-06-12T15:38:25","guid":{"rendered":"http:\/\/www.iceagetv.com\/radiosite\/?p=15880"},"modified":"2020-06-12T15:38:25","modified_gmt":"2020-06-12T15:38:25","slug":"coronavirus-faut-il-salarmer-de-la-forte-hausse-des-cas-en-meuse-et-meurthe-et-moselle","status":"publish","type":"post","link":"https:\/\/www.iceagetv.com\/radiosite\/coronavirus-faut-il-salarmer-de-la-forte-hausse-des-cas-en-meuse-et-meurthe-et-moselle\/","title":{"rendered":"Coronavirus : faut-il s&rsquo;alarmer de la forte hausse des cas en Meuse et Meurthe-et-Moselle ?"},"content":{"rendered":"\n<p>Une recrudescence&nbsp;? En quelques jours, les cas de coronavirus&nbsp;ont \u00e9t\u00e9 multipli\u00e9s par trois dans deux d\u00e9partements du Grand Est, la Meuse et la Meurthe-et-Moselle, comme le signalent les donn\u00e9es r\u00e9centes de l&rsquo;Agence r\u00e9gionale de sant\u00e9 (ARS), publi\u00e9es jeudi 11&nbsp;juin.<\/p>\n\n\n\n<p>Avec des cons\u00e9quences tangibles&nbsp;:<a href=\"https:\/\/france3-regions.francetvinfo.fr\/grand-est\/meurthe-et-moselle\/nancy\/coronavirus-nancy-deux-nouveaux-cas-covid-19-diagnostiques-cite-judiciaire-se-reconfine-1839570.html\" target=\"_blank\" rel=\"noreferrer noopener\">&nbsp;l&rsquo;activit\u00e9 de la cit\u00e9 judiciaire de Nancy a ainsi \u00e9t\u00e9 r\u00e9duite au minimum<\/a>, apr\u00e8s la r\u00e9v\u00e9lation de trois cas de Covid-19 av\u00e9r\u00e9s parmi les fonctionnaires et les magistrats.&nbsp;Faut-il s&rsquo;alarmer de cette flamb\u00e9e de cas&nbsp;? Non, estiment pour l&rsquo;instant les autorit\u00e9s de sant\u00e9. Explications.<\/p>\n\n\n\n<h2 class=\"wp-block-heading\">Le taux d&rsquo;incidence a tripl\u00e9 en Meuse et Meurthe-et-Moselle<\/h2>\n\n\n\n<p>Etablis par<a href=\"https:\/\/www.grand-est.ars.sante.fr\/system\/files\/2020-06\/2020-06-11_Donn%C3%A9es%20du%20jour.pdf\">\u00a0l&rsquo;Agence r\u00e9gionale de sant\u00e9 du Grand Est<\/a>, ces graphiques montrent que le taux d&rsquo;incidence, c&rsquo;est-\u00e0-dire le\u00a0nombre de cas pour 100\u00a0000\u00a0habitants, a tripl\u00e9 entre le 1er et le 8 juin\u00a0en Meuse et en Meurthe-et-Moselle.<\/p>\n\n\n\n<p>Apr\u00e8s une tr\u00e8s nette d\u00e9crue jusqu&rsquo;\u00e0 fin mai, on note une remont\u00e9e des cas.&nbsp;En Meurthe-et-Moselle, le taux est pass\u00e9 de 7&nbsp;nouveaux cas&nbsp;pour 100&nbsp;000&nbsp;habitants&nbsp;le 1er juin \u00e0 22,2 le 7 juin.&nbsp;En Meuse, il a bondi de 7,7 nouveaux cas pour 100&nbsp;000&nbsp;habitants le 2 juin \u00e0 27 le 7&nbsp;juin.<\/p>\n\n\n\n<p>Ces chiffres sont cinq \u00e0 six fois sup\u00e9rieurs \u00e0 la moyenne nationale (4,3), et presque trois fois sup\u00e9rieurs \u00e0 la moyenne r\u00e9gionale (8,8). Et surtout, explique l&rsquo;Agence r\u00e9gionale de sant\u00e9 du Grand Est, cit\u00e9e par&nbsp;<a href=\"https:\/\/www.francebleu.fr\/infos\/sante-sciences\/coronavirus-le-nombre-de-cas-repart-a-la-hausse-en-meurthe-et-moselle-1591765564\" target=\"_blank\" rel=\"noreferrer noopener\">France Bleu Meurthe-et-Moselle<\/a>,&nbsp;le seuil de vigilance est consid\u00e9r\u00e9 comme d\u00e9pass\u00e9, avec un taux sup\u00e9rieur \u00e0 10&nbsp;cas pour 100 000 habitants. En revanche,&nbsp;le seuil d&rsquo;alerte, qui est fix\u00e9 \u00e0 50&nbsp;personnes positives pour 100&nbsp;000&nbsp;habitants, n&rsquo;est pas atteint.<\/p>\n\n\n\n<h2 class=\"wp-block-heading\">L&rsquo;activit\u00e9 du tribunal r\u00e9duite, un lyc\u00e9e ferm\u00e9<\/h2>\n\n\n\n<p>A Nancy (Meurthe-et-Moselle), ces nouveaux cas se sont traduits par des mesures de fermeture ou de r\u00e9duction d&rsquo;activit\u00e9. Mercredi 10&nbsp;juin, le procureur de la R\u00e9publique Fran\u00e7ois P\u00e9rain&nbsp;indiquait ainsi qu&rsquo;<em>\u00ab\u00a0\u00e0 la suite de la r\u00e9v\u00e9lation de trois cas de Covid av\u00e9r\u00e9s parmi les fonctionnaires et les magistrats\u00a0\u00bb<\/em>&nbsp;(un cas r\u00e9v\u00e9l\u00e9 le 5&nbsp;juin, deux le 9&nbsp;juin), l&rsquo;Agence r\u00e9gionale de sant\u00e9 avait demand\u00e9 aux autorit\u00e9s comp\u00e9tentes de&nbsp;<em>\u00ab\u00a0r\u00e9duire l&rsquo;activit\u00e9 de la Cit\u00e9 Judiciaire au minimum\u00a0\u00bb.&nbsp;<\/em>Quelque150&nbsp;greffiers et fonctionnaires ainsi que 61&nbsp;magistrats y travaillent, soit 211&nbsp;personnes, sans compter les vacataires et les diff\u00e9rents contractuels.&nbsp;<em>\u00ab\u00a0L&rsquo;ensemble du personnel ayant \u00e9t\u00e9 sur site depuis le 28 mai\u00a0\u00bb&nbsp;<\/em>devait \u00eatre convi\u00e9 \u00e0 r\u00e9aliser un test, a indiqu\u00e9 pour sa part l&rsquo;ARS.&nbsp;<\/p>\n\n\n\n<p>Le lyc\u00e9e Henri-Poincar\u00e9 de Nancy a \u00e9galement \u00e9t\u00e9 contraint de&nbsp;<a href=\"https:\/\/www.francebleu.fr\/infos\/sante-sciences\/coronavirus-le-lycee-poincare-de-nancy-ferme-une-semaine-apres-deux-cas-confirmes-1591578510\">fermer ses portes<\/a>&nbsp;depuis lundi, alors que deux membres du personnel administratif et technique de l&rsquo;\u00e9tablissement ont \u00e9t\u00e9 test\u00e9s positifs au Covid-19. Plusieurs cas sont \u00e9galement signal\u00e9s dans un autre \u00e9tablissement, le lyc\u00e9e Henri-Loritz, qui n&rsquo;\u00e9tait pas ferm\u00e9 jeudi 11 juin, signale le site&nbsp;<a href=\"https:\/\/actu.fr\/grand-est\/nancy_54395\/covid-19-plusieurs-cas-confirmes-au-lycee-loritz-de-nancy-l-etablissement-reste-ouvert_34216933.html\">actu.fr<\/a>.<\/p>\n\n\n\n<p>Le pr\u00e9fet du d\u00e9partement a d&rsquo;ailleurs&nbsp;<em>\u00ab\u00a0sonn\u00e9 l&rsquo;alerte\u00a0\u00bb&nbsp;<\/em>mercredi 10 juin<em>,<\/em>&nbsp;en signalant&nbsp;<em>\u00ab\u00a0une forte hausse des contaminations dans le d\u00e9partement depuis une semaine<\/em>\u00ab\u00a0.<\/p>\n\n\n\n<p><br><\/p>\n","protected":false},"excerpt":{"rendered":"<p>Une recrudescence&nbsp;? En quelques jours, les cas de coronavirus&nbsp;ont \u00e9t\u00e9 multipli\u00e9s par trois dans deux d\u00e9partements du Grand Est, la Meuse et la Meurthe-et-Moselle, comme le signalent les donn\u00e9es r\u00e9centes de l&rsquo;Agence r\u00e9gionale de sant\u00e9 (ARS), publi\u00e9es jeudi 11&nbsp;juin. Avec des cons\u00e9quences tangibles&nbsp;:&nbsp;l&rsquo;activit\u00e9 de la cit\u00e9 judiciaire de Nancy a ainsi \u00e9t\u00e9 r\u00e9duite au minimum, [&hellip;]<\/p>\n","protected":false},"author":2,"featured_media":15881,"comment_status":"open","ping_status":"open","sticky":false,"template":"","format":"standard","meta":{"_jetpack_memberships_contains_paid_content":false,"footnotes":"","jetpack_publicize_message":"","jetpack_publicize_feature_enabled":true,"jetpack_social_post_already_shared":true,"jetpack_social_options":{"image_generator_settings":{"template":"highway","default_image_id":0,"font":"","enabled":false},"version":2},"_wpas_customize_per_network":false},"categories":[405],"tags":[],"class_list":["post-15880","post","type-post","status-publish","format-standard","has-post-thumbnail","hentry","category-actu-france-monde"],"jetpack_publicize_connections":[],"jetpack_featured_media_url":"https:\/\/i0.wp.com\/www.iceagetv.com\/radiosite\/wp-content\/uploads\/2020\/06\/faut-il-salarmer-de-la-forte-hausse-des-cas-en-Meuse-et-Meurthe-et-Moselle.jpg?fit=1200%2C450&ssl=1","jetpack_sharing_enabled":true,"_links":{"self":[{"href":"https:\/\/www.iceagetv.com\/radiosite\/wp-json\/wp\/v2\/posts\/15880","targetHints":{"allow":["GET"]}}],"collection":[{"href":"https:\/\/www.iceagetv.com\/radiosite\/wp-json\/wp\/v2\/posts"}],"about":[{"href":"https:\/\/www.iceagetv.com\/radiosite\/wp-json\/wp\/v2\/types\/post"}],"author":[{"embeddable":true,"href":"https:\/\/www.iceagetv.com\/radiosite\/wp-json\/wp\/v2\/users\/2"}],"replies":[{"embeddable":true,"href":"https:\/\/www.iceagetv.com\/radiosite\/wp-json\/wp\/v2\/comments?post=15880"}],"version-history":[{"count":1,"href":"https:\/\/www.iceagetv.com\/radiosite\/wp-json\/wp\/v2\/posts\/15880\/revisions"}],"predecessor-version":[{"id":15882,"href":"https:\/\/www.iceagetv.com\/radiosite\/wp-json\/wp\/v2\/posts\/15880\/revisions\/15882"}],"wp:featuredmedia":[{"embeddable":true,"href":"https:\/\/www.iceagetv.com\/radiosite\/wp-json\/wp\/v2\/media\/15881"}],"wp:attachment":[{"href":"https:\/\/www.iceagetv.com\/radiosite\/wp-json\/wp\/v2\/media?parent=15880"}],"wp:term":[{"taxonomy":"category","embeddable":true,"href":"https:\/\/www.iceagetv.com\/radiosite\/wp-json\/wp\/v2\/categories?post=15880"},{"taxonomy":"post_tag","embeddable":true,"href":"https:\/\/www.iceagetv.com\/radiosite\/wp-json\/wp\/v2\/tags?post=15880"}],"curies":[{"name":"wp","href":"https:\/\/api.w.org\/{rel}","templated":true}]}}