{"id":15883,"date":"2020-06-12T15:42:39","date_gmt":"2020-06-12T15:42:39","guid":{"rendered":"http:\/\/www.iceagetv.com\/radiosite\/?p=15883"},"modified":"2020-06-12T15:42:39","modified_gmt":"2020-06-12T15:42:39","slug":"violences-policieres-cinq-questions-sur-la-technique-dinterpellation-de-letranglement-dont-labandon-fait-gronder-les-syndicats","status":"publish","type":"post","link":"https:\/\/www.iceagetv.com\/radiosite\/violences-policieres-cinq-questions-sur-la-technique-dinterpellation-de-letranglement-dont-labandon-fait-gronder-les-syndicats\/","title":{"rendered":"Violences polici\u00e8res : cinq questions sur la technique d&rsquo;interpellation de l'\u00a0\u00bb\u00e9tranglement\u00a0\u00bb, dont l&rsquo;abandon fait gronder les syndicats"},"content":{"rendered":"\n<p>Ils s&rsquo;estiment&nbsp;<em>\u00ab\u00a0l\u00e2ch\u00e9s\u00a0\u00bb<\/em>. Ces derniers jours, \u00e0&nbsp;<a href=\"https:\/\/france3-regions.francetvinfo.fr\/hauts-de-france\/nord-0\/lille\/lille-policiers-mettent-menottes-terre-parce-qu-ils-se-sentent-insultes-1840462.html\" target=\"_blank\" rel=\"noreferrer noopener\">Lille<\/a>,&nbsp;<a href=\"https:\/\/france3-regions.francetvinfo.fr\/provence-alpes-cote-d-azur\/alpes-maritimes\/nice\/nice-j-ai-collegues-qui-ont-envie-rendre-armes-denoncent-syndicats-police-1839524.html\" target=\"_blank\" rel=\"noreferrer noopener\">Nice<\/a>&nbsp;ou encore&nbsp;<a href=\"https:\/\/www.francetvinfo.fr\/economie\/emploi\/metiers\/armee-et-securite\/toulon-une-quarantaine-de-policiers-deposent-leurs-menottes-au-sol-pour-denoncer-la-stigmatisation-dont-ils-estiment-etre-victimes_4004969.html\" target=\"_blank\" rel=\"noreferrer noopener\">Toulon<\/a>, des policiers ont d\u00e9pos\u00e9 leurs menottes&nbsp;afin d&rsquo;exprimer leur d\u00e9saccord avec les&nbsp;d\u00e9clarations de&nbsp;Christophe Castaner, lundi 8&nbsp;juin,&nbsp;pour lutter contre les&nbsp;<a href=\"https:\/\/www.francetvinfo.fr\/faits-divers\/police\/violences-policieres\/\" target=\"_blank\" rel=\"noreferrer noopener\">violences polici\u00e8res<\/a>&nbsp;et le racisme au sein de l&rsquo;institution.&nbsp;<\/p>\n\n\n\n<p>L&rsquo;une des raisons de leur col\u00e8re&nbsp;?&nbsp;<a href=\"https:\/\/www.francetvinfo.fr\/economie\/emploi\/metiers\/armee-et-securite\/methode-d-etranglement-sanctions-formation-ce-qu-il-faut-retenir-des-annonces-de-christophe-castaner-contre-les-violences-policieres_4000827.html\" target=\"_blank\" rel=\"noreferrer noopener\">L&rsquo;abandon de la m\u00e9thode d&rsquo;interpellation dite de \u00ab\u00a0l&rsquo;\u00e9tranglement\u00a0\u00bb<\/a>, annonc\u00e9e par le ministre de l&rsquo;Int\u00e9rieur, au motif qu&rsquo;elle&nbsp;<em>\u00ab\u00a0comportait des dangers\u00a0\u00bb<\/em>.&nbsp;Cette d\u00e9cision ulc\u00e8re les syndicats de police,&nbsp;inquiets&nbsp;de se voir priv\u00e9s&nbsp;d&rsquo;une&nbsp;technique jug\u00e9e indispensable lorsqu&rsquo;une personne refuse d&rsquo;\u00eatre interpell\u00e9e. Franceinfo r\u00e9pond \u00e0 cinq questions sur cette m\u00e9thode controvers\u00e9e.&nbsp;<\/p>\n\n\n\n<h2 class=\"wp-block-heading\"><strong>1<\/strong>Qu&rsquo;est-ce que cette technique d&rsquo;interpellation&nbsp;?<\/h2>\n\n\n\n<p>La \u00ab\u00a0cl\u00e9 d&rsquo;\u00e9tranglement\u00a0\u00bb&nbsp;\u00e9tait jusqu&rsquo;\u00e0 pr\u00e9sent&nbsp;l&rsquo;un des outils dont disposent policiers et gendarmes&nbsp;pour immobiliser un individu lors de son interpellation.&nbsp;Elle est parfois aussi appel\u00e9e \u00ab\u00a0prise par le cou\u00a0\u00bb, ou m\u00e9thode du \u00ab\u00a0contr\u00f4le t\u00eate\u00a0\u00bb. Cette technique consiste \u00e0 serrer le cou d&rsquo;une personne afin de la neutraliser.&nbsp;<em>\u00ab\u00a0L&rsquo;agent se place derri\u00e8re la personne alors qu&rsquo;elle est debout puis encercle son cou afin de l&rsquo;amener au sol\u00a0\u00bb<\/em>, et de la menotter, d\u00e9taille&nbsp;Laurent-Franck Li\u00e9nard, avocat sp\u00e9cialiste dans la d\u00e9fense des forces de l&rsquo;ordre, sur BFMTV. Dans les \u00e9coles de police, elle faisait partie des&nbsp;<a href=\"https:\/\/www.francetvinfo.fr\/monde\/usa\/mort-de-george-floyd\/plaquage-au-sol-pliage-quatre-questions-sur-des-techniques-d-interpellation-controversees_3996291.html\" target=\"_blank\" rel=\"noreferrer noopener\">techniques enseign\u00e9es&nbsp;<\/a><a href=\"https:\/\/www.francetvinfo.fr\/monde\/usa\/mort-de-george-floyd\/plaquage-au-sol-pliage-quatre-questions-sur-des-techniques-d-interpellation-controversees_3996291.html\" target=\"_blank\" rel=\"noreferrer noopener\">lors d&rsquo;une formation de 12 mois<\/a>.&nbsp;<\/p>\n\n\n\n<p><em>Cette m\u00e9thode permettait en un court instant de mettre \u00e0 terre un individu pour l&rsquo;interpeller.<\/em>Olivier Hourcau, du syndicat Alliance<em>\u00e0 franceinfo<\/em><\/p>\n\n\n\n<p>Mais son usage \u00e9tait loin d&rsquo;\u00eatre&nbsp;syst\u00e9matique, selon Yves Lefebvre, secr\u00e9taire g\u00e9n\u00e9ral d&rsquo;Unit\u00e9 SGP Police FO.&nbsp;<em>\u00ab\u00a0Il faut quand m\u00eame savoir qu\u2019on utilis[ait] la technique d\u2019\u00e9tranglement uniquement lorsqu\u2019on a[vait] en face de nous un individu qui refus[ait] d\u2019\u00eatre interpell\u00e9\u00a0\u00bb<\/em>, a-t-il affirm\u00e9, lundi, sur&nbsp;<a href=\"https:\/\/www.francetvinfo.fr\/economie\/emploi\/metiers\/armee-et-securite\/interdiction-de-la-technique-d-etranglement-comment-allons-nous-faire-face-a-un-individu-qui-refuse-detre-interpelle-s-interroge-le-syndicat-unite-sgp-police-fo_4000959.html\" target=\"_blank\" rel=\"noreferrer noopener\">franceinfo<\/a>.&nbsp;<\/p>\n\n\n\n<p>Par ailleurs, la cl\u00e9 d&rsquo;\u00e9tranglement doit \u00eatre diff\u00e9renci\u00e9e du plaquage ventral, ou&nbsp;d\u00e9cubitus ventral, qui consiste \u00e0&nbsp;allonger au sol sur le ventre un individu, la t\u00eate sur le c\u00f4t\u00e9, pour un laps de temps limit\u00e9.&nbsp;Cette technique est r\u00e9guli\u00e8rement mise en cause par les ONG. Elle entrave&nbsp;<em>\u00ab\u00a0fortement les mouvements respiratoires et&nbsp;<\/em>[peut]<em>&nbsp;provoquer une asphyxie positionnelle\u00a0\u00bb<\/em>, avance&nbsp;l\u2019Association des chr\u00e9tiens pour l\u2019abolition de la torture (ACAT) dans un&nbsp;<a href=\"https:\/\/www.acatfrance.fr\/public\/rapport_violences_policieres_acat.pdf\" target=\"_blank\" rel=\"noreferrer noopener\">rapport&nbsp;publi\u00e9 de 2016<\/a>&nbsp;<em>(PDF).&nbsp;<\/em><\/p>\n\n\n\n<h2 class=\"wp-block-heading\"><strong>2<\/strong>Pourquoi la cl\u00e9 d&rsquo;\u00e9tranglement est-elle controvers\u00e9e&nbsp;?<\/h2>\n\n\n\n<p>Cette technique a\u00a0r\u00e9cemment\u00a0\u00e9t\u00e9 mise en cause dans la\u00a0<a rel=\"noreferrer noopener\" href=\"https:\/\/www.francetvinfo.fr\/faits-divers\/ce-que-l-on-sait-de-la-mort-d-un-conducteur-de-scooter-apres-son-interpellation-a-paris_3773449.html\" target=\"_blank\">mort de C\u00e9dric Chouviat<\/a>, en janvier dernier, \u00e0 la suite de son interpellation. Ce livreur de 42 ans avait subi une cl\u00e9 d\u2019\u00e9tranglement et un plaquage ventral de la part d\u2019un des fonctionnaires qui le contr\u00f4lait, alors qu\u2019il circulait \u00e0 scooter.\u00a0La famille de C\u00e9dric Chouviat avait alors demand\u00e9 l\u2019<a rel=\"noreferrer noopener\" href=\"https:\/\/www.francetvinfo.fr\/faits-divers\/police\/violences-policieres\/mort-de-cedric-chouviat-les-avocats-de-sa-famille-demandent-l-interdiction-du-plaquage-ventral-par-les-forces-de-l-ordre-dans-une-lettre-a-christophe-castaner_4000799.html\" target=\"_blank\">interdiction de ces pratiques d\u2019interpellation<\/a>.\u00a0<em>\u00ab\u00a0Il fait de moins en moins de doute que la fracture du larynx de C\u00e9dric Chouviat est li\u00e9e \u00e0 une cl\u00e9 d&rsquo;\u00e9tranglement et son d\u00e9c\u00e8s \u00e0 une asphyxie li\u00e9e \u00e0 son plaquage ventral\u00a0\u00bb<\/em>,\u00a0avan\u00e7ait l\u2019avocat de la famille, Ari\u00e9 Alimi, aupr\u00e8s du\u00a0<em><a rel=\"noreferrer noopener\" href=\"https:\/\/www.leparisien.fr\/faits-divers\/mort-de-cedric-chouviat-sa-famille-n-obtient-pas-la-suspension-des-policiers-14-01-2020-8235696.php\" target=\"_blank\">Parisien<\/a>,\u00a0<\/em>en janvier.<\/p>\n\n\n\n<p>Dans son rapport, l&rsquo;ACAT&nbsp;estime, elle, que&nbsp;la cl\u00e9 d&rsquo;\u00e9tranglement peut \u00eatre particuli\u00e8rement dangereuse lorsqu\u2019elle est coupl\u00e9e \u00e0 un plaquage ventral.&nbsp;<em>\u00ab\u00a0Les risques [d\u2019asphyxie] sont a fortiori plus grands\u00a0\u00bb<\/em>, pointe l\u2019ONG.&nbsp;<\/p>\n\n\n\n<p>En mars 2017, un formateur d&rsquo;une \u00e9cole de police, interrog\u00e9 par France 2,\u00a0admettait que ce geste pouvait \u00eatre dangereux, s&rsquo;il \u00e9tait mal ma\u00eetris\u00e9.\u00a0<em>\u00ab\u00a0On \u00e9vite de trop serrer. On parle \u00e0 l\u2019individu, de fa\u00e7on \u00e0 se rendre compte qu\u2019il continue \u00e0 respirer parce que sinon, il part vite dans les vapes\u00a0\u00bb<\/em>, mettait-il alors en garde ses \u00e9l\u00e8ves.<\/p>\n\n\n\n<h2 class=\"wp-block-heading\"><strong>3<\/strong>Comment le gouvernement justifie-t-il son abandon&nbsp;?<\/h2>\n\n\n\n<p>Le ministre de l&rsquo;Int\u00e9rieur l&rsquo;a reconnu&nbsp;: la cl\u00e9 d&rsquo;\u00e9tranglement&nbsp;<em>\u00ab\u00a0comport[e] des dangers\u00a0\u00bb<\/em>. Lors d&rsquo;une&nbsp;<a href=\"https:\/\/www.francetvinfo.fr\/economie\/emploi\/metiers\/armee-et-securite\/methode-d-etranglement-sanctions-formation-ce-qu-il-faut-retenir-des-annonces-de-christophe-castaner-contre-les-violences-policieres_4000827.html\" target=\"_blank\" rel=\"noreferrer noopener\">conf\u00e9rence de presse<\/a>, lundi, Christophe Castaner a donc d\u00e9clar\u00e9&nbsp;que&nbsp;<em>\u00ab\u00a0la m\u00e9thode de la prise par le cou, dite de l&rsquo;\u00e9tranglement sera[it] abandonn\u00e9e et ne sera[it] plus enseign\u00e9e dans les \u00e9coles de police et de gendarmerie\u00a0\u00bb.&nbsp;<\/em><\/p>\n\n\n\n<p>Cette d\u00e9cision est l&rsquo;une des conclusions de la mission d&rsquo;information men\u00e9e apr\u00e8s la mort de C\u00e9dric Chouviat, a-t-il pr\u00e9cis\u00e9.&nbsp;En outre, policiers et gendarmes suivront une formation annuelle sur les techniques d&rsquo;interpellation,&nbsp;<em>\u00ab\u00a0sans quoi, ils ne pourront plus intervenir sur la voie publique\u00a0\u00bb<\/em>.<\/p>\n\n\n\n<p>Reste \u00e0 savoir par quoi remplacer la cl\u00e9 d&rsquo;\u00e9tranglement.&nbsp;Le&nbsp;minist\u00e8re de l\u2019Int\u00e9rieur envisagerait une&nbsp;<a href=\"https:\/\/www.francetvinfo.fr\/faits-divers\/police\/violences-policieres\/violences-policieres-trois-critiques-visant-la-possible-generalisation-du-pistolet-a-impulsion-electrique_4003277.html\" target=\"_blank\" rel=\"noreferrer noopener\">g\u00e9n\u00e9ralisation de l\u2019utilisation du pistolet \u00e0 impulsion \u00e9lectrique<\/a>, ou Taser.&nbsp;<em>\u00ab\u00a0C&rsquo;est une alternative \u00e0 d&rsquo;autres types d&rsquo;armes ou au contact physique\u00a0\u00bb<\/em>, a soulign\u00e9 le num\u00e9ro 2 de la place Beauvau, Laurent Nu\u00f1ez,&nbsp;au micro d&rsquo;<a href=\"https:\/\/www.europe1.fr\/politique\/laurent-nunez-sur-le-taser-une-arme-intermediaire-utile-pour-des-interpellations-sans-contact-3974017\" target=\"_blank\" rel=\"noreferrer noopener\">Europe 1<\/a>, mercredi.&nbsp;<\/p>\n\n\n\n<h2 class=\"wp-block-heading\"><strong>4<\/strong>Comment les syndicats de police ont-ils r\u00e9agi&nbsp;?<\/h2>\n\n\n\n<p><em>\u00ab\u00a0Le contr\u00f4le de la t\u00eate est un&nbsp;moyen de d\u00e9fense, un moyen de neutraliser un individu rapidement sans lui faire mal, sans le choquer, sans le frapper\u00a0\u00bb,&nbsp;<\/em>a d\u00e9fendu, jeudi,&nbsp;Thierry Launois, d\u00e9l\u00e9gu\u00e9 national \u00e0 la formation pour le syndicat Unsa-police, au micro de&nbsp;<a href=\"https:\/\/www.rtl.fr\/actu\/debats-societe\/violences-policieres-les-annonces-de-castaner-sont-scandaleuses-pour-l-unsa-7800597376\" target=\"_blank\" rel=\"noreferrer noopener\">RTL<\/a>.<\/p>\n\n\n\n<p>Les syndicats de police se consid\u00e8rent priv\u00e9s d&rsquo;un outil indispensable lors de certaines interpellations.\u00a0<em>\u00ab\u00a0D\u00e8s lors qu&rsquo;elle est faite dans un court instant, c&rsquo;est la seule technique qui permette aux agents de ma\u00eetriser un individu dont le poids est sup\u00e9rieur\u00a0\u00bb<\/em>, a assur\u00e9 Fr\u00e9d\u00e9ric Lagache, d\u00e9l\u00e9gu\u00e9 national du syndicat des gardiens de la paix Alliance, \u00e0 l\u2019AFP.\u00a0<em>Sinon, on en sera r\u00e9duit au combat de rue ou \u00e0 l&rsquo;utilisation du Taser.\u00a0\u00bb\u00a0<\/em>Yves Lefebvre va dans le m\u00eame sens.Dans un courrier adress\u00e9 au minist\u00e8re de l&rsquo;Int\u00e9rieur, Alliance a exig\u00e9 le maintien de la m\u00e9thode du \u00ab\u00a0contr\u00f4le t\u00eate\u00a0\u00bb lors des interpellations. Le syndicat d\u00e9plore \u00ab\u00a0l&rsquo;absence de moyen fiable et efficace permettant de remplacer cette technique dans l\u2019imm\u00e9diat\u00a0\u00bb, dans une publication Facebook.<\/p>\n\n\n\n<h2 class=\"wp-block-heading\">Le ministre de l\u2019Int\u00e9rieur va-t-il revenir sur sa d\u00e9cision&nbsp;?<\/h2>\n\n\n\n<p>Depuis jeudi, Christophe Castaner tente de d\u00e9samorcer la col\u00e8re des policiers et multiplie les rencontres avec les repr\u00e9sentants de la profession. Pour apaiser les tensions, le \u00ab\u00a0premier flic de France\u00a0\u00bb pourrait en partie revenir sur la fin de la cl\u00e9 d\u2019\u00e9tranglement,&nbsp;<a href=\"https:\/\/www.bfmtv.com\/police-justice\/cle-d-etranglement-maintien-de-tete-prise-arriere-quelles-sont-les-differentes-techniques-d-interpellation-1932022.html\" target=\"_blank\" rel=\"noreferrer noopener\">selon nos confr\u00e8res de BFMTV<\/a>. La cl\u00e9 d\u2019\u00e9tranglement dite respiratoire, une technique d&rsquo;interpellation pendant laquelle le policier appuie son bras sur la trach\u00e9e de l&rsquo;interpell\u00e9, pourrait \u00eatre maintenue. En revanche, la cl\u00e9 d\u2019\u00e9tranglement sanguin qui consiste pour le policier \u00e0 appuyer son avant-bras sur l&rsquo;art\u00e8re carotide de la personne serait interdite.&nbsp;Contact\u00e9 par&nbsp;<em><a href=\"https:\/\/twitter.com\/nicolaschapuis\/status\/1271354116099497991\" target=\"_blank\" rel=\"noreferrer noopener\">Le Monde<\/a><\/em>, vendredi matin, le minist\u00e8re de l\u2019Int\u00e9rieur d\u00e9ment cependant tout revirement.&nbsp;<em>\u00ab\u00a0La cl\u00e9 d&rsquo;\u00e9tranglement, c&rsquo;est termin\u00e9\u00a0\u00bb<\/em>, assure une source de la Place Beauvau.<\/p>\n\n\n\n<p>Les syndicats se tournent d\u00e9sormais vers l&rsquo;Elys\u00e9e. R\u00e9unis&nbsp;sur&nbsp;l&rsquo;avenue des Champs-Elys\u00e9es, vendredi matin, ils ont demand\u00e9 \u00e0 \u00eatre re\u00e7us par le pr\u00e9sident de la R\u00e9publique pour exprimer leur m\u00e9contentement apr\u00e8s les annonces du minist\u00e8re de l&rsquo;Int\u00e9rieur, et&nbsp;d\u00e9noncer&nbsp;<em>\u00ab\u00a0le climat ambiant\u00a0\u00bb<\/em>&nbsp;de&nbsp;<em>\u00ab\u00a0stigmatisation du policier\u00a0\u00bb<\/em>.&nbsp;<em>\u00ab\u00a0J&rsquo;esp\u00e8re que le pr\u00e9sident Macron nous entendra car cela d\u00e9passe largement le cadre du minist\u00e8re de l&rsquo;Int\u00e9rieur\u00a0\u00bb<\/em>,&nbsp;a tonn\u00e9&nbsp;Philippe Capon, secr\u00e9taire g\u00e9n\u00e9ral de l&rsquo;Unsa,&nbsp;aupr\u00e8s de l&rsquo;AFP.&nbsp;Christophe Castaner&nbsp;devait de son c\u00f4t\u00e9&nbsp;\u00e9changer avec les syndicats des officiers et des commissaires, vendredi apr\u00e8s-midi.&nbsp;<\/p>\n\n\n\n<p><\/p>\n\n\n\n<p><\/p>\n\n\n\n<p><\/p>\n","protected":false},"excerpt":{"rendered":"<p>Ils s&rsquo;estiment&nbsp;\u00ab\u00a0l\u00e2ch\u00e9s\u00a0\u00bb. Ces derniers jours, \u00e0&nbsp;Lille,&nbsp;Nice&nbsp;ou encore&nbsp;Toulon, des policiers ont d\u00e9pos\u00e9 leurs menottes&nbsp;afin d&rsquo;exprimer leur d\u00e9saccord avec les&nbsp;d\u00e9clarations de&nbsp;Christophe Castaner, lundi 8&nbsp;juin,&nbsp;pour lutter contre les&nbsp;violences polici\u00e8res&nbsp;et le racisme au sein de l&rsquo;institution.&nbsp; L&rsquo;une des raisons de leur col\u00e8re&nbsp;?&nbsp;L&rsquo;abandon de la m\u00e9thode d&rsquo;interpellation dite de \u00ab\u00a0l&rsquo;\u00e9tranglement\u00a0\u00bb, annonc\u00e9e par le ministre de l&rsquo;Int\u00e9rieur, au motif qu&rsquo;elle&nbsp;\u00ab\u00a0comportait des [&hellip;]<\/p>\n","protected":false},"author":2,"featured_media":15884,"comment_status":"open","ping_status":"open","sticky":false,"template":"","format":"standard","meta":{"_jetpack_memberships_contains_paid_content":false,"footnotes":"","jetpack_publicize_message":"","jetpack_publicize_feature_enabled":true,"jetpack_social_post_already_shared":true,"jetpack_social_options":{"image_generator_settings":{"template":"highway","default_image_id":0,"font":"","enabled":false},"version":2},"_wpas_customize_per_network":false},"categories":[405],"tags":[],"class_list":["post-15883","post","type-post","status-publish","format-standard","has-post-thumbnail","hentry","category-actu-france-monde"],"jetpack_publicize_connections":[],"jetpack_featured_media_url":"https:\/\/i0.wp.com\/www.iceagetv.com\/radiosite\/wp-content\/uploads\/2020\/06\/Violences-polici%C3%A8res.jpg?fit=1198%2C450&ssl=1","jetpack_sharing_enabled":true,"_links":{"self":[{"href":"https:\/\/www.iceagetv.com\/radiosite\/wp-json\/wp\/v2\/posts\/15883","targetHints":{"allow":["GET"]}}],"collection":[{"href":"https:\/\/www.iceagetv.com\/radiosite\/wp-json\/wp\/v2\/posts"}],"about":[{"href":"https:\/\/www.iceagetv.com\/radiosite\/wp-json\/wp\/v2\/types\/post"}],"author":[{"embeddable":true,"href":"https:\/\/www.iceagetv.com\/radiosite\/wp-json\/wp\/v2\/users\/2"}],"replies":[{"embeddable":true,"href":"https:\/\/www.iceagetv.com\/radiosite\/wp-json\/wp\/v2\/comments?post=15883"}],"version-history":[{"count":1,"href":"https:\/\/www.iceagetv.com\/radiosite\/wp-json\/wp\/v2\/posts\/15883\/revisions"}],"predecessor-version":[{"id":15885,"href":"https:\/\/www.iceagetv.com\/radiosite\/wp-json\/wp\/v2\/posts\/15883\/revisions\/15885"}],"wp:featuredmedia":[{"embeddable":true,"href":"https:\/\/www.iceagetv.com\/radiosite\/wp-json\/wp\/v2\/media\/15884"}],"wp:attachment":[{"href":"https:\/\/www.iceagetv.com\/radiosite\/wp-json\/wp\/v2\/media?parent=15883"}],"wp:term":[{"taxonomy":"category","embeddable":true,"href":"https:\/\/www.iceagetv.com\/radiosite\/wp-json\/wp\/v2\/categories?post=15883"},{"taxonomy":"post_tag","embeddable":true,"href":"https:\/\/www.iceagetv.com\/radiosite\/wp-json\/wp\/v2\/tags?post=15883"}],"curies":[{"name":"wp","href":"https:\/\/api.w.org\/{rel}","templated":true}]}}