{"id":15889,"date":"2020-06-13T05:35:21","date_gmt":"2020-06-13T05:35:21","guid":{"rendered":"http:\/\/www.iceagetv.com\/radiosite\/?p=15889"},"modified":"2020-06-13T05:35:21","modified_gmt":"2020-06-13T05:35:21","slug":"lepidemie-repart-elle-dans-le-grand-est","status":"publish","type":"post","link":"https:\/\/www.iceagetv.com\/radiosite\/lepidemie-repart-elle-dans-le-grand-est\/","title":{"rendered":"L\u2019\u00e9pid\u00e9mie repart-elle dans le Grand Est?"},"content":{"rendered":"\n<p>D\u2019apr\u00e8s les derniers chiffres de l\u2019agence r\u00e9gionale de sant\u00e9 du Grand Est, le \u00abtaux d\u2019incidence\u00bb augmente dans les d\u00e9partements<\/p>\n\n\n\n<p>Le pr\u00e9fet de Meurthe-et-Moselle, \u00c9ric Freysselinard, \u00e9tait inquiet cette semaine: chiffres \u00e0 l\u2019appui, le haut fonctionnaire a mis en garde la population contre une&nbsp;<a href=\"https:\/\/www.lefigaro.fr\/flash-actu\/forte-hausse-des-cas-de-covid-19-en-meuse-et-meurthe-et-moselle-sans-que-les-autorites-s-alarment-20200611\">hausse r\u00e9cente des contaminations dans le d\u00e9partement<\/a>. Il a indiqu\u00e9 que le \u00abtaux d\u2019incidence\u00bb (nombre de personnes contamin\u00e9es sur une semaine pour 100.000 habitants) avait \u00e9t\u00e9 multipli\u00e9 par 3 dans son d\u00e9partement, passant de 8,8 (pour la semaine du 26 mai au 2 juin) \u00e0 26,3 (pour celle du 2 au 8 juin). Un chiffre nettement plus haut qu\u2019au niveau national (4,8). Regrettant&nbsp;<em>\u00abune forme de rel\u00e2chement\u00bb<\/em>&nbsp;de la population, notamment&nbsp;<em>\u00ablors de f\u00eates de voisins ou en famille\u00bb<\/em>, \u00c9ric Freysselinard a promis, face \u00e0 la presse locale, plus de contr\u00f4les de police et redemand\u00e9 aux grandes surfaces d\u2019imposer le port du masque \u00e0 leurs clients. coronavirus<\/p>\n\n\n\n<p><em>Deux autres d\u00e9partements sont dans le m\u00eame cas, d\u2019apr\u00e8s les derniers chiffres de l\u2019agence r\u00e9gionale de sant\u00e9 du Grand Est: la Meuse a vu son taux d\u2019incidence multipli\u00e9 par quatre (de 7,7 \u00e0 30,8), quand celui de la Marne a pratiquement doubl\u00e9 (de 12,8 \u00e0 20,4) en une semaine.<\/em><\/p>\n","protected":false},"excerpt":{"rendered":"<p>D\u2019apr\u00e8s les derniers chiffres de l\u2019agence r\u00e9gionale de sant\u00e9 du Grand Est, le \u00abtaux d\u2019incidence\u00bb augmente dans les d\u00e9partements Le pr\u00e9fet de Meurthe-et-Moselle, \u00c9ric Freysselinard, \u00e9tait inquiet cette semaine: chiffres \u00e0 l\u2019appui, le haut fonctionnaire a mis en garde la population contre une&nbsp;hausse r\u00e9cente des contaminations dans le d\u00e9partement. Il a indiqu\u00e9 que le \u00abtaux [&hellip;]<\/p>\n","protected":false},"author":2,"featured_media":15890,"comment_status":"open","ping_status":"open","sticky":false,"template":"","format":"standard","meta":{"_jetpack_memberships_contains_paid_content":false,"footnotes":"","jetpack_publicize_message":"","jetpack_publicize_feature_enabled":true,"jetpack_social_post_already_shared":true,"jetpack_social_options":{"image_generator_settings":{"template":"highway","default_image_id":0,"font":"","enabled":false},"version":2},"_wpas_customize_per_network":false},"categories":[405],"tags":[],"class_list":["post-15889","post","type-post","status-publish","format-standard","has-post-thumbnail","hentry","category-actu-france-monde"],"jetpack_publicize_connections":[],"jetpack_featured_media_url":"https:\/\/i0.wp.com\/www.iceagetv.com\/radiosite\/wp-content\/uploads\/2020\/06\/Screenshot_20200613_073409.jpg?fit=999%2C623&ssl=1","jetpack_sharing_enabled":true,"_links":{"self":[{"href":"https:\/\/www.iceagetv.com\/radiosite\/wp-json\/wp\/v2\/posts\/15889","targetHints":{"allow":["GET"]}}],"collection":[{"href":"https:\/\/www.iceagetv.com\/radiosite\/wp-json\/wp\/v2\/posts"}],"about":[{"href":"https:\/\/www.iceagetv.com\/radiosite\/wp-json\/wp\/v2\/types\/post"}],"author":[{"embeddable":true,"href":"https:\/\/www.iceagetv.com\/radiosite\/wp-json\/wp\/v2\/users\/2"}],"replies":[{"embeddable":true,"href":"https:\/\/www.iceagetv.com\/radiosite\/wp-json\/wp\/v2\/comments?post=15889"}],"version-history":[{"count":1,"href":"https:\/\/www.iceagetv.com\/radiosite\/wp-json\/wp\/v2\/posts\/15889\/revisions"}],"predecessor-version":[{"id":15891,"href":"https:\/\/www.iceagetv.com\/radiosite\/wp-json\/wp\/v2\/posts\/15889\/revisions\/15891"}],"wp:featuredmedia":[{"embeddable":true,"href":"https:\/\/www.iceagetv.com\/radiosite\/wp-json\/wp\/v2\/media\/15890"}],"wp:attachment":[{"href":"https:\/\/www.iceagetv.com\/radiosite\/wp-json\/wp\/v2\/media?parent=15889"}],"wp:term":[{"taxonomy":"category","embeddable":true,"href":"https:\/\/www.iceagetv.com\/radiosite\/wp-json\/wp\/v2\/categories?post=15889"},{"taxonomy":"post_tag","embeddable":true,"href":"https:\/\/www.iceagetv.com\/radiosite\/wp-json\/wp\/v2\/tags?post=15889"}],"curies":[{"name":"wp","href":"https:\/\/api.w.org\/{rel}","templated":true}]}}