{"id":15898,"date":"2020-06-13T09:17:29","date_gmt":"2020-06-13T09:17:29","guid":{"rendered":"http:\/\/www.iceagetv.com\/radiosite\/?p=15898"},"modified":"2020-06-13T09:17:29","modified_gmt":"2020-06-13T09:17:29","slug":"elu-maire-a-18-ans-hugo-biolley-veut-reveiller-son-village-ardechois","status":"publish","type":"post","link":"https:\/\/www.iceagetv.com\/radiosite\/elu-maire-a-18-ans-hugo-biolley-veut-reveiller-son-village-ardechois\/","title":{"rendered":"Elu maire \u00e0 18 ans, Hugo Biolley veut r\u00e9veiller son village ard\u00e9chois"},"content":{"rendered":"\n<p>Hugo Biolley est \u00e9tudiant, vit chez sa m\u00e8re et vient d&rsquo;accomplir la prouesse d&rsquo;\u00eatre \u00e9lu \u00e0 18 ans maire de Vinzieux, un village ard\u00e9chois de 450 habitants d\u00e9pourvu d&rsquo;\u00e9cole et de commerces auquel le jeune \u00e9dile entend bien redonner vie.<\/p>\n\n\n\n<p>\u00ab\u00a0D\u00e8s le d\u00e9but de la campagne, mon \u00e2ge a \u00e9t\u00e9 le sujet principal lors des r\u00e9unions publiques. On me demandait: +Comment tu vas g\u00e9rer une commune ? Tu as d\u00e9j\u00e0 vu un budget ?+ Parfois les questions \u00e9taient un peu condescendantes\u00a0\u00bb, reconna\u00eet l&rsquo;\u00e9tudiant \u00e0 Sciences Po Grenoble qui vient tout juste de f\u00eater ses 19 ans avec le poids de l&rsquo;\u00e9charpe tricolore sur ses fr\u00eales \u00e9paules.<\/p>\n\n\n\n<p>Une jeunesse que le tr\u00e8s probable benjamin des maires de France &#8211; dans l&rsquo;attente du second tour le 28 juin &#8211; veut faire oublier. Son bagout assur\u00e9 et sa pr\u00e9dilection au travail lui ont d\u00e9j\u00e0 permis de convaincre co-listiers et \u00e9lecteurs, sans v\u00e9ritable adversit\u00e9 et avec le soutien d\u00e9cisif du premier adjoint sortant Ludovic Gausse.<\/p>\n\n\n\n<p>\u00ab\u00a0\u00c7a peut faire peur d&rsquo;avoir un jeune de 19 ans mais je pense qu&rsquo;il est tr\u00e8s mature, tr\u00e8s pos\u00e9. Il sait o\u00f9 il veut aller, il sait s&rsquo;organiser, prendre les infos et s&rsquo;orienter vers une \u00e9quipe. Il faut qu&rsquo;il apprenne mais il a de grosses capacit\u00e9s, je ne me fais pas de soucis\u00a0\u00bb, vante M. Gausse, 46 ans, qui n&rsquo;avait pas l&rsquo;ambition d&rsquo;\u00eatre maire malgr\u00e9 moult sollicitations.<\/p>\n\n\n\n<p>L&rsquo;\u00e9tudiant aux airs d&rsquo;escogriffe voit encore passer \u00ab\u00a0des choses d\u00e9sagr\u00e9ables sur les r\u00e9seaux sociaux\u00a0\u00bb mais entend convaincre par son efficacit\u00e9. \u00ab\u00a0On lance des projets, les gens voient qu&rsquo;il y a du dynamisme, je ne fais pas trainer les dossiers\u00a0\u00bb, assure-t-il.<\/p>\n\n\n\n<p>\u00ab\u00a0Il a l&rsquo;air d&rsquo;\u00eatre comp\u00e9tent mais je le trouve un peu jeune, c&rsquo;est tout\u00a0\u00bb, oppose un ancien maire du village (1995-2008), Jean-Louis Bonnardel, 76 ans. \u00ab\u00a0S&rsquo;il est bien \u00e9paul\u00e9 \u00e7a ira mais il para\u00eet un peu tendre. Et il y a beaucoup de gens qui disent la m\u00eame chose \u00e0 Vinzieux.\u00a0\u00bb<\/p>\n\n\n\n<p><strong>&#8211; Un \u00ab\u00a0d\u00e9clic\u00a0\u00bb aupr\u00e8s d&rsquo;Olivier Dussopt &#8211;<\/strong><\/p>\n\n\n\n<p>Encore nourrisson \u00e0 son arriv\u00e9e dans la commune, ce fils d&rsquo;une directrice d&rsquo;\u00e9cole et d&rsquo;un musicien dit avoir bascul\u00e9 dans la politique apr\u00e8s le \u00ab\u00a0d\u00e9clic\u00a0\u00bb d&rsquo;un stage d&rsquo;assistant parlementaire \u00e0 la R\u00e9gion aux c\u00f4t\u00e9s de l&rsquo;actuel secr\u00e9taire d&rsquo;Etat Olivier Dussopt, comme lui enfant du nord-Ard\u00e8che.<\/p>\n\n\n\n<p>Un autre stage, au cabinet de la mairie voisine d&rsquo;Annonay, lui met v\u00e9ritablement le pied \u00e0 l&rsquo;\u00e9trier. \u00ab\u00a0J&rsquo;ai pu voir comment on peut aider autrui, aller sur le terrain.\u00a0\u00bb<\/p>\n\n\n\n<p>\u00c0 Vinzieux, l&rsquo;impulsion d\u00e9cisive est venue de son complice du Syndicat intercommunal de la jeunesse, Abdelati Krimau, lorsqu&rsquo;il est devenu \u00e9vident que le maire sortant ne rempilerait pas.<\/p>\n\n\n\n<p>\u00ab\u00a0J&rsquo;ai connu Hugo l&rsquo;ann\u00e9e derni\u00e8re lorsqu&rsquo;on a mont\u00e9 un projet pour accompagner des jeunes \u00e0 l&rsquo;Assembl\u00e9e nationale. Je l&rsquo;ai encourag\u00e9 \u00e0 se pr\u00e9senter parce qu&rsquo;il a toutes les qualit\u00e9s\u00a0\u00bb, confirme M. Krimau.<\/p>\n\n\n\n<p>\u00ab\u00a0Compliqu\u00e9\u00a0\u00bb, avec les \u00e9tudes. Mais le jeune homme est int\u00e9ress\u00e9 et ne voit personne d&rsquo;autre que lui: il d\u00e9cide de se lancer, quitte \u00e0 inqui\u00e9ter sa m\u00e8re.<\/p>\n\n\n\n<p>\u00ab\u00a0Elle m&rsquo;a dit:+t&rsquo;es un peu fou+, elle ne comprenait pas que je refuse mon ann\u00e9e d&rsquo;\u00e9tudes \u00e0 l&rsquo;\u00e9tranger. \u00c0 la place, je suivrai une ann\u00e9e de droit \u00e0 distance\u00a0\u00bb, d\u00e9taille ce f\u00e9ru de jazz et de philosophie.<\/p>\n\n\n\n<p>Son projet est d\u00e9pourvu de couleur politique. \u00ab\u00a0Je ne sais m\u00eame pas pour qui votent mes co-listiers.\u00a0\u00bb Mais ses soutiens \u00ab\u00a0sont majoritairement issus de la gauche ard\u00e9choise\u00a0\u00bb et il se retrouve \u00ab\u00a0dans leurs valeurs.\u00a0\u00bb<\/p>\n\n\n\n<p>Hugo Biolley tient \u00e0 son action associative, men\u00e9e notamment au sein de la communaut\u00e9 Makesense, qui promeut l&rsquo;entrepreneuriat social. Et compte d&rsquo;ailleurs dessus pour ne pas \u00ab\u00a0s&rsquo;enfermer\u00a0\u00bb dans la mairie!<\/p>\n\n\n\n<p>Malgr\u00e9 un budget de fonctionnement serr\u00e9 (140.000 euros), le nouveau maire mise sur \u00ab\u00a0l&rsquo;\u00e9v\u00e9nementiel, la culture, des activit\u00e9s\u00a0\u00bb pour faire revivre le village, ancien p\u00f4le agricole qu&rsquo;il refuse de voir se transformer \u00ab\u00a0en cit\u00e9-dortoir\u00a0\u00bb. Son id\u00e9e: \u00ab\u00a0Cr\u00e9er une identit\u00e9 et donner envie \u00e0 un commerce de s&rsquo;installer\u00a0\u00bb.<\/p>\n\n\n\n<p>Avec le recul, il ne se souvient pas avoir ressenti d&rsquo;\u00e9motion particuli\u00e8re au moment de passer l&rsquo;\u00e9charpe. \u00ab\u00a0C&rsquo;\u00e9tait rapide et symbolique. Mais quand je me suis retrouv\u00e9 devant mes premiers dossiers et courriers, c&rsquo;est devenu r\u00e9el\u00a0\u00bb.&nbsp;<\/p>\n\n\n\n<p>Hugo Biolley assure ne pas avoir de \u00ab\u00a0plan de carri\u00e8re\u00a0\u00bb. \u00ab\u00a0Je me doute que je vais avoir des portes ouvertes plus tard et je sais que je vais en attraper certaines. Mais mes \u00e9tudes et mon mandat se terminent dans six ans, et je n&rsquo;ai aucune visibilit\u00e9 apr\u00e8s\u00a0\u00bb.<\/p>\n\n\n\n<p>Seule certitude pour l&rsquo;heure: il n&rsquo;entend pas faire \u00ab\u00a070 ans de mandat \u00e0 Vinzieux\u00a0\u00bb.<\/p>\n","protected":false},"excerpt":{"rendered":"<p>Hugo Biolley est \u00e9tudiant, vit chez sa m\u00e8re et vient d&rsquo;accomplir la prouesse d&rsquo;\u00eatre \u00e9lu \u00e0 18 ans maire de Vinzieux, un village ard\u00e9chois de 450 habitants d\u00e9pourvu d&rsquo;\u00e9cole et de commerces auquel le jeune \u00e9dile entend bien redonner vie. \u00ab\u00a0D\u00e8s le d\u00e9but de la campagne, mon \u00e2ge a \u00e9t\u00e9 le sujet principal lors des [&hellip;]<\/p>\n","protected":false},"author":2,"featured_media":15899,"comment_status":"open","ping_status":"open","sticky":false,"template":"","format":"standard","meta":{"_jetpack_memberships_contains_paid_content":false,"footnotes":"","jetpack_publicize_message":"","jetpack_publicize_feature_enabled":true,"jetpack_social_post_already_shared":true,"jetpack_social_options":{"image_generator_settings":{"template":"highway","default_image_id":0,"font":"","enabled":false},"version":2},"_wpas_customize_per_network":false},"categories":[405],"tags":[],"class_list":["post-15898","post","type-post","status-publish","format-standard","has-post-thumbnail","hentry","category-actu-france-monde"],"jetpack_publicize_connections":[],"jetpack_featured_media_url":"https:\/\/i0.wp.com\/www.iceagetv.com\/radiosite\/wp-content\/uploads\/2020\/06\/Elu-maire-%C3%A0-18-ans-Hugo-Biolley.png?fit=600%2C320&ssl=1","jetpack_sharing_enabled":true,"_links":{"self":[{"href":"https:\/\/www.iceagetv.com\/radiosite\/wp-json\/wp\/v2\/posts\/15898","targetHints":{"allow":["GET"]}}],"collection":[{"href":"https:\/\/www.iceagetv.com\/radiosite\/wp-json\/wp\/v2\/posts"}],"about":[{"href":"https:\/\/www.iceagetv.com\/radiosite\/wp-json\/wp\/v2\/types\/post"}],"author":[{"embeddable":true,"href":"https:\/\/www.iceagetv.com\/radiosite\/wp-json\/wp\/v2\/users\/2"}],"replies":[{"embeddable":true,"href":"https:\/\/www.iceagetv.com\/radiosite\/wp-json\/wp\/v2\/comments?post=15898"}],"version-history":[{"count":1,"href":"https:\/\/www.iceagetv.com\/radiosite\/wp-json\/wp\/v2\/posts\/15898\/revisions"}],"predecessor-version":[{"id":15900,"href":"https:\/\/www.iceagetv.com\/radiosite\/wp-json\/wp\/v2\/posts\/15898\/revisions\/15900"}],"wp:featuredmedia":[{"embeddable":true,"href":"https:\/\/www.iceagetv.com\/radiosite\/wp-json\/wp\/v2\/media\/15899"}],"wp:attachment":[{"href":"https:\/\/www.iceagetv.com\/radiosite\/wp-json\/wp\/v2\/media?parent=15898"}],"wp:term":[{"taxonomy":"category","embeddable":true,"href":"https:\/\/www.iceagetv.com\/radiosite\/wp-json\/wp\/v2\/categories?post=15898"},{"taxonomy":"post_tag","embeddable":true,"href":"https:\/\/www.iceagetv.com\/radiosite\/wp-json\/wp\/v2\/tags?post=15898"}],"curies":[{"name":"wp","href":"https:\/\/api.w.org\/{rel}","templated":true}]}}