{"id":15901,"date":"2020-06-15T11:46:18","date_gmt":"2020-06-15T11:46:18","guid":{"rendered":"http:\/\/www.iceagetv.com\/radiosite\/?p=15901"},"modified":"2020-06-15T11:46:18","modified_gmt":"2020-06-15T11:46:18","slug":"pourquoi-les-lycees-ne-vont-pas-accueillir-tous-les-eleves-contrairement-aux-ecoles-et-colleges","status":"publish","type":"post","link":"https:\/\/www.iceagetv.com\/radiosite\/pourquoi-les-lycees-ne-vont-pas-accueillir-tous-les-eleves-contrairement-aux-ecoles-et-colleges\/","title":{"rendered":"Pourquoi les lyc\u00e9es ne vont pas accueillir tous les \u00e9l\u00e8ves, contrairement aux \u00e9coles et coll\u00e8ges"},"content":{"rendered":"\n<h2 class=\"wp-block-heading\">Emmanuel Macron a annonc\u00e9 dimanche que les \u00e9coles et coll\u00e8ges devraient \u00e0 compter de lundi prochain accueillir tous les effectifs d&rsquo;\u00e9l\u00e8ves \u00ab\u00a0de mani\u00e8re obligatoire\u00a0\u00bb.<\/h2>\n\n\n\n<p>C&rsquo;est une mesure marquante de l&rsquo;allocution d&rsquo;Emmanuel Macron prononc\u00e9e ce dimanche: \u00ab\u00a0D\u00e8s demain en Hexagone comme en Outre-mer, les cr\u00e8ches, les \u00e9coles, les coll\u00e8ges se pr\u00e9parent \u00e0 accueillir \u00e0 partir du 22 juin tous les \u00e9l\u00e8ves de mani\u00e8re obligatoire et selon les r\u00e8gles de pr\u00e9sence normales\u00a0\u00bb,&nbsp;<a href=\"https:\/\/www.bfmtv.com\/politique\/deconfinement-les-ecoles-colleges-et-lycees-accueilleront-tous-les-eleves-a-partir-du-22-juin-1933256.html#content\/contribution\/index\">a indiqu\u00e9 le chef de l&rsquo;\u00c9tat, omettant \u00e0 dessein les lyc\u00e9es.<\/a><\/p>\n\n\n\n<p>\u00c0 ce jour, les lyc\u00e9es situ\u00e9s en \u00ab\u00a0zone\u00a0verte\u00a0\u00bb avaient d\u00e9j\u00e0 en partie rouvert leurs portes\u00a0<a href=\"https:\/\/www.bfmtv.com\/societe\/deconfinement-phase-2-que-va-t-on-pouvoir-faire-a-partir-de-ce-mardi-1924908.html\">dans le cadre de la deuxi\u00e8me phase du d\u00e9confinement de la population<\/a>, entam\u00e9e d\u00e9but juin. \u00c0 pr\u00e9sent, toute la France m\u00e9tropolitaine rel\u00e8ve de cette classification. En outre-mer, la Guyane et Mayotte demeurent en zone orange en raison de la circulation active du Covid-19 dans ces territoires.<\/p>\n\n\n\n<h3 class=\"wp-block-heading\">Application des r\u00e8gles de la zone verte<\/h3>\n\n\n\n<p>Th\u00e9oriquement, tous les lyc\u00e9es m\u00e9tropolitains peuvent donc \u00e0 nouveau accueillir du public. Mais ils n&rsquo;auront donc pas d&rsquo;obligation, contrairement aux \u00e9coles et coll\u00e8ges, de recevoir tous leurs \u00e9l\u00e8ves.<\/p>\n\n\n\n<blockquote class=\"wp-block-quote is-layout-flow wp-block-quote-is-layout-flow\"><p>\u00ab\u00a0Cela signifie que ce sont les r\u00e8gles de la zone verte qui s&rsquo;appliquent d\u00e9sormais en \u00cele-de-France&nbsp;<em>(nouvellement class\u00e9e en zone verte, ndlr)&nbsp;<\/em>et puisqu&rsquo;on a, si je puis dire, l&rsquo;\u00e9nergie cin\u00e9tique de ce qui s&rsquo;est pass\u00e9 depuis maintenant trois semaines, autrement dit le fait que les lyc\u00e9es professionnels ont d\u00e9j\u00e0 bien rouvert et s&rsquo;agissant des lyc\u00e9es g\u00e9n\u00e9raux et technologiques, il y a encore une mont\u00e9e en puissance\u00a0\u00bb, a estim\u00e9 Jean-Michel Blanquer ce lundi matin sur&nbsp;<a href=\"https:\/\/www.europe1.fr\/politique\/oui-le-protocole-sanitaire-va-etre-allege-dans-les-ecoles-les-explications-de-blanquer-3975018\">Europe 1.&nbsp;<\/a><\/p><\/blockquote>\n\n\n\n<h3 class=\"wp-block-heading\">Une reprise \u00e9pid\u00e9mique davantage crainte au lyc\u00e9e<\/h3>\n\n\n\n<p>Pour expliquer la diff\u00e9rence de r\u00e9gime entre lyc\u00e9es d&rsquo;un c\u00f4t\u00e9 et \u00e9coles et coll\u00e8ges de l&rsquo;autre,&nbsp;<a href=\"https:\/\/www.bfmtv.com\/societe\/blanquer-annonce-un-allegement-des-regles-sur-la-distanciation-physique-a-l-ecole-1933390.html\">Jean-Michel Blanquer<\/a>&nbsp;s&rsquo;appuie sur \u00ab\u00a0des raisons sanitaires et p\u00e9dagogiques\u00a0\u00bb, sans d\u00e9tailler davantage, qui justifient la \u00ab\u00a0vision diff\u00e9rente de ce qui se passe au lyc\u00e9e\u00a0\u00bb.<\/p>\n\n\n\n<p>Selon des pr\u00e9cisions du cabinet du ministre de l&rsquo;\u00c9ducation nationale, communiqu\u00e9es dimanche soir \u00e0 BFMTV, il existe une plus grande crainte de reprise \u00e9pid\u00e9mique chez les lyc\u00e9ens en raison du brassage des \u00e9l\u00e8ves, qui est plus important que dans les autres niveaux.<\/p>\n\n\n\n<h3 class=\"wp-block-heading\">R\u00e9gime plus souple<\/h3>\n\n\n\n<p>\u00c0 ce jour,&nbsp;<a href=\"https:\/\/www.bfmtv.com\/mediaplayer\/video\/reouverture-acceleree-des-lycees-et-colleges-en-zone-verte-reouverture-es-parcs-et-jardins-edouard-philippe-annonce-les-grandes-lignes-de-la-phase-2-du-deconfinement-1250951.html\">les mesures concernant les lyc\u00e9es en zone verte<\/a>&nbsp;imposaient la r\u00e9ouverture d&rsquo;au moins un niveau scolaire, tels que les secondes, premi\u00e8res ou terminales, avec un protocole sanitaire strict. C&rsquo;est donc ce m\u00eame r\u00e9gime qui s&rsquo;appliquera aux nouveaux \u00e9tablissements habilit\u00e9s \u00e0 ouvrir.<\/p>\n\n\n\n<blockquote class=\"wp-block-quote is-layout-flow wp-block-quote-is-layout-flow\"><p>\u00ab\u00a0C&rsquo;est un moment un peu particulier pour les lyc\u00e9es, o\u00f9 on peut faire beaucoup plus de personnalisation donc les \u00e9l\u00e8ves peuvent \u00eatre accueillis, re\u00e7us, avoir des cours en petits groupes et donc les lyc\u00e9es prennent des initiatives en la mati\u00e8re\u00a0\u00bb, a \u00e9galement d\u00e9taill\u00e9 Jean-Michel Blanquer&nbsp;sur Europe 1 ce lundi.<\/p><\/blockquote>\n\n\n\n<p>En ce sens, des lyc\u00e9es situ\u00e9s en zone verte avaient mis l&rsquo;accent sur les adolescents dits prioritaires, tels que ceux devant pr\u00e9parer l&rsquo;oral de rattrapage du baccalaur\u00e9at, apr\u00e8s avoir obtenu une moyenne g\u00e9n\u00e9rale annuelle oscillant entre 8 et 9,99 sur 20. Dans un lyc\u00e9e toulousain, o\u00f9 BFMTV s&rsquo;est rendu vendredi, 60 \u00e9l\u00e8ves,&nbsp;sur les 16 classes de terminale, ont b\u00e9n\u00e9fici\u00e9 de cet accompagnement sp\u00e9cial.<\/p>\n\n\n\n<p><\/p>\n\n\n\n<p><\/p>\n","protected":false},"excerpt":{"rendered":"<p>Emmanuel Macron a annonc\u00e9 dimanche que les \u00e9coles et coll\u00e8ges devraient \u00e0 compter de lundi prochain accueillir tous les effectifs d&rsquo;\u00e9l\u00e8ves \u00ab\u00a0de mani\u00e8re obligatoire\u00a0\u00bb. C&rsquo;est une mesure marquante de l&rsquo;allocution d&rsquo;Emmanuel Macron prononc\u00e9e ce dimanche: \u00ab\u00a0D\u00e8s demain en Hexagone comme en Outre-mer, les cr\u00e8ches, les \u00e9coles, les coll\u00e8ges se pr\u00e9parent \u00e0 accueillir \u00e0 partir du [&hellip;]<\/p>\n","protected":false},"author":2,"featured_media":15902,"comment_status":"open","ping_status":"open","sticky":false,"template":"","format":"standard","meta":{"_jetpack_memberships_contains_paid_content":false,"footnotes":"","jetpack_publicize_message":"","jetpack_publicize_feature_enabled":true,"jetpack_social_post_already_shared":true,"jetpack_social_options":{"image_generator_settings":{"template":"highway","default_image_id":0,"font":"","enabled":false},"version":2},"_wpas_customize_per_network":false},"categories":[405],"tags":[],"class_list":["post-15901","post","type-post","status-publish","format-standard","has-post-thumbnail","hentry","category-actu-france-monde"],"jetpack_publicize_connections":[],"jetpack_featured_media_url":"https:\/\/i0.wp.com\/www.iceagetv.com\/radiosite\/wp-content\/uploads\/2020\/06\/Pourquoi-les-lyc%C3%A9es-ne-vont-pas-accueillir-tous-les-%C3%A9l%C3%A8ves.jpeg?fit=1256%2C708&ssl=1","jetpack_sharing_enabled":true,"_links":{"self":[{"href":"https:\/\/www.iceagetv.com\/radiosite\/wp-json\/wp\/v2\/posts\/15901","targetHints":{"allow":["GET"]}}],"collection":[{"href":"https:\/\/www.iceagetv.com\/radiosite\/wp-json\/wp\/v2\/posts"}],"about":[{"href":"https:\/\/www.iceagetv.com\/radiosite\/wp-json\/wp\/v2\/types\/post"}],"author":[{"embeddable":true,"href":"https:\/\/www.iceagetv.com\/radiosite\/wp-json\/wp\/v2\/users\/2"}],"replies":[{"embeddable":true,"href":"https:\/\/www.iceagetv.com\/radiosite\/wp-json\/wp\/v2\/comments?post=15901"}],"version-history":[{"count":1,"href":"https:\/\/www.iceagetv.com\/radiosite\/wp-json\/wp\/v2\/posts\/15901\/revisions"}],"predecessor-version":[{"id":15903,"href":"https:\/\/www.iceagetv.com\/radiosite\/wp-json\/wp\/v2\/posts\/15901\/revisions\/15903"}],"wp:featuredmedia":[{"embeddable":true,"href":"https:\/\/www.iceagetv.com\/radiosite\/wp-json\/wp\/v2\/media\/15902"}],"wp:attachment":[{"href":"https:\/\/www.iceagetv.com\/radiosite\/wp-json\/wp\/v2\/media?parent=15901"}],"wp:term":[{"taxonomy":"category","embeddable":true,"href":"https:\/\/www.iceagetv.com\/radiosite\/wp-json\/wp\/v2\/categories?post=15901"},{"taxonomy":"post_tag","embeddable":true,"href":"https:\/\/www.iceagetv.com\/radiosite\/wp-json\/wp\/v2\/tags?post=15901"}],"curies":[{"name":"wp","href":"https:\/\/api.w.org\/{rel}","templated":true}]}}