{"id":15904,"date":"2020-06-15T11:49:49","date_gmt":"2020-06-15T11:49:49","guid":{"rendered":"http:\/\/www.iceagetv.com\/radiosite\/?p=15904"},"modified":"2020-06-15T11:49:49","modified_gmt":"2020-06-15T11:49:49","slug":"blanquer-annonce-un-allegement-des-regles-sur-la-distanciation-physique-a-lecole","status":"publish","type":"post","link":"https:\/\/www.iceagetv.com\/radiosite\/blanquer-annonce-un-allegement-des-regles-sur-la-distanciation-physique-a-lecole\/","title":{"rendered":"Blanquer annonce un all\u00e8gement des r\u00e8gles sur la distanciation physique \u00e0 l&rsquo;\u00e9cole"},"content":{"rendered":"\n<h2 class=\"wp-block-heading\">Il faudra respecter une distance d'\u00a0\u00bbun m\u00e8tre lat\u00e9ral entre chaque \u00e9l\u00e8ve\u00a0\u00bb, et non plus de 4m2 par \u00e9l\u00e8ve, annonce le ministre de l&rsquo;Education nationale au micro d&rsquo;Europe 1.<\/h2>\n\n\n\n<p>Le ministre de l&rsquo;Education a annonc\u00e9 ce lundi matin que le tr\u00e8s strict protocole sanitaire qui r\u00e9git actuellement les \u00e9coles va \u00eatre amend\u00e9 d\u00e8s mardi pour permettre le retour \u00e0 l&rsquo;\u00e9cole la semaine prochaine de tous les \u00e9l\u00e8ves, annonc\u00e9 dimanche par Emmanuel Macron.<\/p>\n\n\n\n<h3 class=\"wp-block-heading\">Un m\u00e8tre lat\u00e9ral au lieu de 4<\/h3>\n\n\n\n<blockquote class=\"wp-block-quote is-layout-flow wp-block-quote-is-layout-flow\"><p>\u00ab\u00a0L&rsquo;all\u00e8gement fondamental sera celui de la distanciation physique qui sera d\u00e9sormais moins contraignante\u00a0\u00bb, a dit Jean-Michel Blanquer sur Europe 1. D\u00e9sormais, il faudra respecter une distance d'\u00a0\u00bbun m\u00e8tre lat\u00e9ral entre chaque \u00e9l\u00e8ve\u00a0\u00bb, et non plus de 4m2 par \u00e9l\u00e8ve.<\/p><\/blockquote>\n\n\n\n<p>\u00ab\u00a0Dans les \u00e9coles \u00e9l\u00e9mentaires et les coll\u00e8ges, l&rsquo;observation d&rsquo;une distanciation physique d&rsquo;au moins un m\u00e8tre s&rsquo;applique uniquement dans les salles de classe et tous les espaces clos, entre l&rsquo;enseignant et les \u00e9l\u00e8ves ainsi qu&rsquo;entre chaque \u00e9l\u00e8ve lorsqu&rsquo;ils sont c\u00f4te \u00e0 c\u00f4te ou qu&rsquo;ils se font face\u00a0\u00bb,&nbsp;<a href=\"https:\/\/www.legifrance.gouv.fr\/affichTexte.do;jsessionid=A1AAE98431F61E44AAE145D438E4AE84.tplgfr43s_1?cidTexte=JORFTEXT000041991876&amp;dateTexte=&amp;oldAction=rechJO&amp;categorieLien=id&amp;idJO=JORFCONT000041991871\">peut-on lire&nbsp;dans un nouveau d\u00e9cret publi\u00e9 ce lundi au Journal officiel<\/a>.<\/p>\n","protected":false},"excerpt":{"rendered":"<p>Il faudra respecter une distance d&rsquo;\u00a0\u00bbun m\u00e8tre lat\u00e9ral entre chaque \u00e9l\u00e8ve\u00a0\u00bb, et non plus de 4m2 par \u00e9l\u00e8ve, annonce le ministre de l&rsquo;Education nationale au micro d&rsquo;Europe 1. Le ministre de l&rsquo;Education a annonc\u00e9 ce lundi matin que le tr\u00e8s strict protocole sanitaire qui r\u00e9git actuellement les \u00e9coles va \u00eatre amend\u00e9 d\u00e8s mardi pour permettre [&hellip;]<\/p>\n","protected":false},"author":2,"featured_media":15905,"comment_status":"open","ping_status":"open","sticky":false,"template":"","format":"standard","meta":{"_jetpack_memberships_contains_paid_content":false,"footnotes":"","jetpack_publicize_message":"","jetpack_publicize_feature_enabled":true,"jetpack_social_post_already_shared":true,"jetpack_social_options":{"image_generator_settings":{"template":"highway","default_image_id":0,"font":"","enabled":false},"version":2},"_wpas_customize_per_network":false},"categories":[405],"tags":[],"class_list":["post-15904","post","type-post","status-publish","format-standard","has-post-thumbnail","hentry","category-actu-france-monde"],"jetpack_publicize_connections":[],"jetpack_featured_media_url":"https:\/\/i0.wp.com\/www.iceagetv.com\/radiosite\/wp-content\/uploads\/2020\/06\/Blanquer-annonce-un-all%C3%A8gement-des-r%C3%A8gles-sur-la-distanciation-physique-%C3%A0-l%C3%A9cole.jpeg?fit=900%2C600&ssl=1","jetpack_sharing_enabled":true,"_links":{"self":[{"href":"https:\/\/www.iceagetv.com\/radiosite\/wp-json\/wp\/v2\/posts\/15904","targetHints":{"allow":["GET"]}}],"collection":[{"href":"https:\/\/www.iceagetv.com\/radiosite\/wp-json\/wp\/v2\/posts"}],"about":[{"href":"https:\/\/www.iceagetv.com\/radiosite\/wp-json\/wp\/v2\/types\/post"}],"author":[{"embeddable":true,"href":"https:\/\/www.iceagetv.com\/radiosite\/wp-json\/wp\/v2\/users\/2"}],"replies":[{"embeddable":true,"href":"https:\/\/www.iceagetv.com\/radiosite\/wp-json\/wp\/v2\/comments?post=15904"}],"version-history":[{"count":1,"href":"https:\/\/www.iceagetv.com\/radiosite\/wp-json\/wp\/v2\/posts\/15904\/revisions"}],"predecessor-version":[{"id":15906,"href":"https:\/\/www.iceagetv.com\/radiosite\/wp-json\/wp\/v2\/posts\/15904\/revisions\/15906"}],"wp:featuredmedia":[{"embeddable":true,"href":"https:\/\/www.iceagetv.com\/radiosite\/wp-json\/wp\/v2\/media\/15905"}],"wp:attachment":[{"href":"https:\/\/www.iceagetv.com\/radiosite\/wp-json\/wp\/v2\/media?parent=15904"}],"wp:term":[{"taxonomy":"category","embeddable":true,"href":"https:\/\/www.iceagetv.com\/radiosite\/wp-json\/wp\/v2\/categories?post=15904"},{"taxonomy":"post_tag","embeddable":true,"href":"https:\/\/www.iceagetv.com\/radiosite\/wp-json\/wp\/v2\/tags?post=15904"}],"curies":[{"name":"wp","href":"https:\/\/api.w.org\/{rel}","templated":true}]}}