{"id":15913,"date":"2020-06-15T18:54:08","date_gmt":"2020-06-15T18:54:08","guid":{"rendered":"http:\/\/www.iceagetv.com\/radiosite\/?p=15913"},"modified":"2020-06-15T18:54:08","modified_gmt":"2020-06-15T18:54:08","slug":"affrontements-a-dijon-beauvau-annonce-louverture-dune-enquete-judiciaire-et-envoie-le-raid-sur-place","status":"publish","type":"post","link":"https:\/\/www.iceagetv.com\/radiosite\/affrontements-a-dijon-beauvau-annonce-louverture-dune-enquete-judiciaire-et-envoie-le-raid-sur-place\/","title":{"rendered":"Affrontements \u00e0 Dijon: Beauvau annonce l&rsquo;ouverture d&rsquo;une enqu\u00eate judiciaire et envoie le Raid sur place"},"content":{"rendered":"\n<h2 class=\"wp-block-heading\">Laurent&nbsp;Nu\u00f1ez,&nbsp;Secr\u00e9taire d&rsquo;\u00c9tat aupr\u00e8s du ministre de l&rsquo;Int\u00e9rieur, est attendu sur place ce mardi.&nbsp;<\/h2>\n\n\n\n<p>Au terme de&nbsp;<a href=\"https:\/\/www.bfmtv.com\/police-justice\/fusillade-et-expeditions-punitives-le-recit-des-3-nuits-d-affrontements-entre-la-communaute-tchetchene-et-des-dijonnais-1933652.html\" target=\"_blank\" rel=\"noreferrer noopener\">trois jours de violents affrontements dans le quartier des Gr\u00e9silles \u00e0 Dijon<\/a>, le minist\u00e8re de l&rsquo;Int\u00e9rieur a d\u00e9cid\u00e9 de r\u00e9agir. Ce lundi soir, Beauvau a annonc\u00e9 que 150 hommes suppl\u00e9mentaires avaient \u00e9t\u00e9 appel\u00e9s en renfort, ainsi que le Raid, qui sera d\u00e9p\u00each\u00e9 en pr\u00e9vention pour cette nuit de lundi \u00e0 mardi.&nbsp;<\/p>\n\n\n\n<p>De plus, il a \u00e9galement \u00e9t\u00e9 annonc\u00e9 qu&rsquo;une enqu\u00eate judiciaire avait \u00e9t\u00e9 ouverte \u00ab\u00a0pour d\u00e9terminer les circonstances dans lesquelles ces violences ont \u00e9clat\u00e9.\u00a0\u00bb L&rsquo;objectif sera \u00e9galement d&rsquo;identifier l&rsquo;ensemble des personnes impliqu\u00e9es dans ces affrontements et \u00ab\u00a0de les traduire en justice au plus vite.\u00a0\u00bb&nbsp;<\/p>\n\n\n\n<p>Un communiqu\u00e9 publi\u00e9 en d\u00e9but de soir\u00e9e souligne que le minist\u00e8re a demand\u00e9 au pr\u00e9fet de \u00ab\u00a0piloter&nbsp;les op\u00e9rations de maintien de la paix publique et de l&rsquo;ordre.\u00a0\u00bb Une visite de Laurent&nbsp;Nu\u00f1ez,&nbsp;Secr\u00e9taire d&rsquo;\u00c9tat aupr\u00e8s du ministre de l&rsquo;Int\u00e9rieur, est \u00e9galement attendue ce mardi.&nbsp;<\/p>\n","protected":false},"excerpt":{"rendered":"<p>Laurent&nbsp;Nu\u00f1ez,&nbsp;Secr\u00e9taire d&rsquo;\u00c9tat aupr\u00e8s du ministre de l&rsquo;Int\u00e9rieur, est attendu sur place ce mardi.&nbsp; Au terme de&nbsp;trois jours de violents affrontements dans le quartier des Gr\u00e9silles \u00e0 Dijon, le minist\u00e8re de l&rsquo;Int\u00e9rieur a d\u00e9cid\u00e9 de r\u00e9agir. Ce lundi soir, Beauvau a annonc\u00e9 que 150 hommes suppl\u00e9mentaires avaient \u00e9t\u00e9 appel\u00e9s en renfort, ainsi que le Raid, qui [&hellip;]<\/p>\n","protected":false},"author":2,"featured_media":15914,"comment_status":"open","ping_status":"open","sticky":false,"template":"","format":"standard","meta":{"_jetpack_memberships_contains_paid_content":false,"footnotes":"","jetpack_publicize_message":"","jetpack_publicize_feature_enabled":true,"jetpack_social_post_already_shared":true,"jetpack_social_options":{"image_generator_settings":{"template":"highway","default_image_id":0,"font":"","enabled":false},"version":2},"_wpas_customize_per_network":false},"categories":[405],"tags":[],"class_list":["post-15913","post","type-post","status-publish","format-standard","has-post-thumbnail","hentry","category-actu-france-monde"],"jetpack_publicize_connections":[],"jetpack_featured_media_url":"https:\/\/i0.wp.com\/www.iceagetv.com\/radiosite\/wp-content\/uploads\/2020\/06\/Affrontements-%C3%A0-Dijon.jpeg?fit=1000%2C600&ssl=1","jetpack_sharing_enabled":true,"_links":{"self":[{"href":"https:\/\/www.iceagetv.com\/radiosite\/wp-json\/wp\/v2\/posts\/15913","targetHints":{"allow":["GET"]}}],"collection":[{"href":"https:\/\/www.iceagetv.com\/radiosite\/wp-json\/wp\/v2\/posts"}],"about":[{"href":"https:\/\/www.iceagetv.com\/radiosite\/wp-json\/wp\/v2\/types\/post"}],"author":[{"embeddable":true,"href":"https:\/\/www.iceagetv.com\/radiosite\/wp-json\/wp\/v2\/users\/2"}],"replies":[{"embeddable":true,"href":"https:\/\/www.iceagetv.com\/radiosite\/wp-json\/wp\/v2\/comments?post=15913"}],"version-history":[{"count":1,"href":"https:\/\/www.iceagetv.com\/radiosite\/wp-json\/wp\/v2\/posts\/15913\/revisions"}],"predecessor-version":[{"id":15915,"href":"https:\/\/www.iceagetv.com\/radiosite\/wp-json\/wp\/v2\/posts\/15913\/revisions\/15915"}],"wp:featuredmedia":[{"embeddable":true,"href":"https:\/\/www.iceagetv.com\/radiosite\/wp-json\/wp\/v2\/media\/15914"}],"wp:attachment":[{"href":"https:\/\/www.iceagetv.com\/radiosite\/wp-json\/wp\/v2\/media?parent=15913"}],"wp:term":[{"taxonomy":"category","embeddable":true,"href":"https:\/\/www.iceagetv.com\/radiosite\/wp-json\/wp\/v2\/categories?post=15913"},{"taxonomy":"post_tag","embeddable":true,"href":"https:\/\/www.iceagetv.com\/radiosite\/wp-json\/wp\/v2\/tags?post=15913"}],"curies":[{"name":"wp","href":"https:\/\/api.w.org\/{rel}","templated":true}]}}