{"id":15916,"date":"2020-06-16T09:25:25","date_gmt":"2020-06-16T09:25:25","guid":{"rendered":"http:\/\/www.iceagetv.com\/radiosite\/?p=15916"},"modified":"2020-06-16T09:25:25","modified_gmt":"2020-06-16T09:25:25","slug":"affrontements-a-dijon-la-chronologie-de-sept-jours-de-violences","status":"publish","type":"post","link":"https:\/\/www.iceagetv.com\/radiosite\/affrontements-a-dijon-la-chronologie-de-sept-jours-de-violences\/","title":{"rendered":"Affrontements \u00e0 Dijon: la chronologie de sept jours de violences"},"content":{"rendered":"\n<p>Le calme est revenu lundi soir \u00e0 Dijon apr\u00e8s deux jours d&rsquo;affrontements entre des membres de la communaut\u00e9 tch\u00e9tch\u00e8ne et des habitants du quartier lors d&rsquo;exp\u00e9ditions punitives. Laurent Nu\u00f1ez, le secr\u00e9taire d&rsquo;Etat aupr\u00e8s du ministre de l&rsquo;Int\u00e9rieur, est sur place ce mardi, tandis que des renforts policiers et notamment le Raid, sont arriv\u00e9s sur place.<\/p>\n\n\n\n<p>Apr\u00e8s un week-end d&rsquo;affrontements, le calme est revenu lundi soir \u00e0 Dijon. Alors que des renforts policiers ont \u00e9t\u00e9 d\u00e9ploy\u00e9s, dont des gendarmes mobiles et le Raid, Laurent Nu\u00f1ez,&nbsp;<a href=\"https:\/\/www.bfmtv.com\/police-justice\/dijon-beauvau-annonce-l-ouverture-d-une-enquete-judiciaire-et-envoie-le-raid-sur-place-1933777.html\">le secr\u00e9taire d&rsquo;Etat aupr\u00e8s du ministre de l&rsquo;Int\u00e9rieur se rend sur place ce mardi matin<\/a>. Christophe Castaner a&nbsp;jug\u00e9 \u00ab\u00a0inadmissibles\u00a0\u00bb les \u00ab\u00a0violents troubles \u00e0 l\u2019ordre public et les actes d\u2019intimidation\u00a0\u00bb de ces derniers jours, promettant \u00ab\u00a0une r\u00e9ponse ferme\u00a0\u00bb.<\/p>\n\n\n\n<p>Exp\u00e9ditions punitives, sc\u00e8nes de gu\u00e9rilla urbaine avec des attroupements d&rsquo;hommes masqu\u00e9s et arm\u00e9s&#8230;. en quelques jours,&nbsp;<a href=\"https:\/\/www.bfmtv.com\/police-justice\/fusillade-et-expeditions-punitives-le-recit-des-3-nuits-d-affrontements-entre-la-communaute-tchetchene-et-des-dijonnais-1933652.html\">la situation est devenue explosive dans cette ville peu habitu\u00e9e \u00e0 ce genre de troubles<\/a>.&nbsp;Des hommes, cagoul\u00e9s pour la plupart, ont tir\u00e9 en l\u2019air, d\u00e9truit des cam\u00e9ras de vid\u00e9o-protection et incendi\u00e9 poubelles et v\u00e9hicules, et ces sc\u00e8nes ont \u00e9t\u00e9 film\u00e9es et publi\u00e9es sur les r\u00e9seaux sociaux. Comment en est-on arriv\u00e9 \u00e0 ce niveau de tension?&nbsp;<\/p>\n\n\n\n<p>Une enqu\u00eate a \u00e9t\u00e9 ouverte pour \u00ab\u00a0tentative de meurtre en bande organis\u00e9e\u00a0\u00bb, \u00ab\u00a0violences volontaires\u00a0\u00bb, \u00ab\u00a0d\u00e9gradations aggrav\u00e9es\u00a0\u00bb et \u00ab\u00a0incitation \u00e0 la violence\u00a0\u00bb. Elle a \u00e9t\u00e9 confi\u00e9e \u00e0 la s\u00fbret\u00e9 d\u00e9partementale et \u00e0 la police judiciaire. Il n&rsquo;y a pas eu d&rsquo;interpellation \u00e0 ce stade. Une source judiciaire fait \u00e9tat d&rsquo;au moins six bless\u00e9s li\u00e9s \u00e0 tous ces \u00e9pisodes. BFMTV.com revient les sept jours qui ont conduit \u00e0 ces sc\u00e8nes de violences dans le quartier populaire des Gr\u00e9silles.<\/p>\n\n\n\n<ul class=\"wp-block-list\"><li>Mercredi 10 juin<\/li><\/ul>\n\n\n\n<p>L&rsquo;\u00e9l\u00e9ment d\u00e9clencheur de ces violences semble \u00eatre, de l&rsquo;avis du procureur de Dijon Eric Mathais, l&rsquo;agression d&rsquo;un jeune Tch\u00e9tch\u00e8ne par \u00ab\u00a0un membre de la communaut\u00e9 maghr\u00e9bine\u00a0\u00bb. Selon la communaut\u00e9 tch\u00e9tch\u00e8ne, l&rsquo;adolescent \u00e2g\u00e9 de 16 ans, habitant le&nbsp;quartier des Gr\u00e9silles, a \u00e9t\u00e9 pass\u00e9 \u00e0 tabac et menac\u00e9 avec une arme dans la bouche par des dealers en raison de son origine.<\/p>\n\n\n\n<p>La famille n&rsquo;a pas port\u00e9 plainte imm\u00e9diatement \u00ab\u00a0par peur de repr\u00e9sailles\u00a0\u00bb, selon les versions recueillies par BFMTV. Une enqu\u00eate en flagrance a \u00e9t\u00e9 ouverte&nbsp;pour \u00ab\u00a0violences volontaires sur mineur\u00a0\u00bb&nbsp;afin de v\u00e9rifier l&rsquo;exactitude de ces faits.<\/p>\n\n\n\n<ul class=\"wp-block-list\"><li>Vendredi 12 juin<\/li><\/ul>\n\n\n\n<p>Vers 23 heures ce jour-l\u00e0, une centaine d&rsquo;hommes, la plupart le visage masqu\u00e9 et arm\u00e9s de barres de fer, de couteaux, ou d&rsquo;objets de m\u00eame type, font une descente dans un bar \u00e0 chicha, le Black Pearl. Ce sont des Tch\u00e9tch\u00e8nes, venus venger l&rsquo;adolescent et mener une op\u00e9ration d&rsquo;intimidation dans ce lieu qu&rsquo;ils consid\u00e8rent \u00eatre le repaire des dealers. Ils saccagent tout \u00e0 l&rsquo;int\u00e9rieur, et blessent trois personnes.<\/p>\n\n\n\n<p>Sur place, les premiers policiers font usage de lacrymog\u00e8ne pour tenter de ma\u00eetriser la situation. Selon une source polici\u00e8re, les Tch\u00e9tch\u00e8nes se sont alors pr\u00e9sent\u00e9s \u00e0 eux, sans hostilit\u00e9, en expliquant avoir eu \u00ab\u00a0une affaire \u00e0 r\u00e9gler\u00a0\u00bb, \u00ab\u00a0une exp\u00e9dition punitive afin de rendre justice\u00a0\u00bb \u00e0 l&rsquo;adolescent. Et sont repartis. Une source polici\u00e8re indique que dans ce contexte particuli\u00e8rement dangereux, aucune interpellation n&rsquo;\u00e9tait possible, mais pr\u00e9cise que les Tch\u00e9tch\u00e8nes ne se sont jamais montr\u00e9s violents envers les forces de l&rsquo;ordre.<\/p>\n\n\n\n<ul class=\"wp-block-list\"><li>Samedi 13 juin<\/li><\/ul>\n\n\n\n<p>Au lendemain de la descente des Tch\u00e9tch\u00e8nes dans le bar le Black Pearl, des dealers et des habitants du quartier des Gr\u00e9silles menacent la communaut\u00e9. Ils passent l&rsquo;apr\u00e8s-midi \u00e0 \u00ab\u00a0patrouiller\u00a0\u00bb dans le quartier et s&rsquo;en prennent sur les r\u00e9seaux sociaux \u00e0 toute personne d&rsquo;origine tch\u00e9tch\u00e8ne. Face \u00e0 ces menaces, un appel est lanc\u00e9 au sein de la communaut\u00e9 tch\u00e9tch\u00e8ne pour qu&rsquo;ils viennent en renfort, nombreux, \u00e0 Dijon. L&rsquo;appel est&nbsp;entendu \u00e0 la fois dans les d\u00e9partements alentours, mais aussi plus loin en France.<\/p>\n\n\n\n<p>Vers 23 heures, un attroupement se forme devant le fast food Planet Pizza&nbsp;rue d&rsquo;York, dans le quartier des Gr\u00e9silles. Les policiers identifient les personnes pr\u00e9sentes et comprennent qu&rsquo;il s&rsquo;agit&nbsp;de discussions entre un repr\u00e9sentant de la communaut\u00e9 tch\u00e9tch\u00e8ne&nbsp;et un repr\u00e9sentant de la communaut\u00e9 maghr\u00e9bine avec d&rsquo;autres jeunes autour. L&rsquo;attroupement se disperse, et les Tch\u00e9tch\u00e8nes, au nombre d&rsquo;une cinquantaine, repartent en voiture.&nbsp;Leurs plaques d&rsquo;immatriculation sont masqu\u00e9es par du scotch.<\/p>\n\n\n\n<p>Une demi-heure plus tard, une fusillade \u00e9clate au m\u00eame endroit. Selon une source polici\u00e8re, deux hommes sont arriv\u00e9s dans un v\u00e9hicule vol\u00e9, en sont descendus et ont fait feu. Un homme est gri\u00e8vement bless\u00e9 par balle, il est le g\u00e9rant du Planet Pizza. Il est hospitalis\u00e9 dans un \u00e9tat grave. L&rsquo;enqu\u00eate ouverte pour \u00ab\u00a0tentative de meurtre en bande organis\u00e9e\u00a0\u00bb doit d\u00e9terminer d&rsquo;o\u00f9 venaient les tirs. Le v\u00e9hicule a \u00e9t\u00e9 retrouv\u00e9 incendi\u00e9 plus tard dans la soir\u00e9e.<\/p>\n\n\n\n<ul class=\"wp-block-list\"><li>Dimanche 14 juin<\/li><\/ul>\n\n\n\n<p>Le dimanche est marqu\u00e9 par une nouvelle exp\u00e9dition punitive. Les Tch\u00e9tch\u00e8nes reviennent, ils sont pr\u00e8s de 200 cette fois-ci. Ils se rendent lourdement arm\u00e9s dans le quartier des Gr\u00e9silles. Une voiture folle fait un rod\u00e9o sous leurs yeux et le conducteur manque de percuter certains d&rsquo;entre eux. Il braque&nbsp;le volant et fait des tonneaux. Les deux personnes \u00e0 bord sont gri\u00e8vement bless\u00e9es.<\/p>\n\n\n\n<p>Ce soir-l\u00e0, la s\u00e9curit\u00e9 publique de la ville a \u00e9t\u00e9 rejointe par 37 CRS et des renforts de BAC et de gendarmerie. Aucune interpellation n&rsquo;est r\u00e9alis\u00e9e&nbsp;pour ne pas envenimer la situation. Les membres de la communaut\u00e9 tch\u00e9tch\u00e8ne&nbsp;repartent.<\/p>\n\n\n\n<ul class=\"wp-block-list\"><li>Lundi 15 juin<\/li><\/ul>\n\n\n\n<p>Des habitants du quartier des Gr\u00e9silles, pour la plupart masqu\u00e9s plupart et arm\u00e9s, vandalisent du mobilier urbain et incendient des v\u00e9hicules. Ils disent vouloir d\u00e9fendre les lieux et intimer aux Tch\u00e9tch\u00e8nes de ne plus revenir. Sur des vid\u00e9os, on les voit tirer en l&rsquo;air avec des armes de type kalachnikov. Selon une source polici\u00e8re, il pourrait donc s&rsquo;agir de v\u00e9ritables armes. L&rsquo;enqu\u00eate judiciaire doit le d\u00e9terminer.<\/p>\n\n\n\n<p>Lundi&nbsp;soir, des renforts ont \u00e9t\u00e9 d\u00e9ploy\u00e9s pour s\u00e9curiser les lieux avec 60 gendarmes mobiles, 40 CRS, des effectifs&nbsp;de BAC ainsi que le RAID. La situation est revenue au calme.&nbsp;Hier, au t\u00e9l\u00e9phone, le maire de la ville notait que les d\u00e9gradations autres que celles du bar \u00e0 chicha \u00e9taient le fait de Dijonnais et pas des Tch\u00e9tch\u00e8nes venus dans la ville.&nbsp;<\/p>\n\n\n\n<p>Selon le maire de la ville, Fran\u00e7ois Rebsamen, les violences de lundi sont du fait des jeunes habitants du quartier. \u00ab\u00a0Il n&rsquo;est pas tol\u00e9rable que des milices d&rsquo;auto-d\u00e9fense se mettent en place dans le quartier\u00a0\u00bb, a martel\u00e9 l&rsquo;\u00e9dile sur BFMTV, appelant \u00ab\u00a0tout le monde \u00e0 rentrer\u00a0\u00bb.<\/p>\n\n\n\n<p><\/p>\n","protected":false},"excerpt":{"rendered":"<p>Le calme est revenu lundi soir \u00e0 Dijon apr\u00e8s deux jours d&rsquo;affrontements entre des membres de la communaut\u00e9 tch\u00e9tch\u00e8ne et des habitants du quartier lors d&rsquo;exp\u00e9ditions punitives. Laurent Nu\u00f1ez, le secr\u00e9taire d&rsquo;Etat aupr\u00e8s du ministre de l&rsquo;Int\u00e9rieur, est sur place ce mardi, tandis que des renforts policiers et notamment le Raid, sont arriv\u00e9s sur place. [&hellip;]<\/p>\n","protected":false},"author":2,"featured_media":15917,"comment_status":"open","ping_status":"open","sticky":false,"template":"","format":"standard","meta":{"_jetpack_memberships_contains_paid_content":false,"footnotes":"","jetpack_publicize_message":"","jetpack_publicize_feature_enabled":true,"jetpack_social_post_already_shared":true,"jetpack_social_options":{"image_generator_settings":{"template":"highway","default_image_id":0,"font":"","enabled":false},"version":2},"_wpas_customize_per_network":false},"categories":[405],"tags":[],"class_list":["post-15916","post","type-post","status-publish","format-standard","has-post-thumbnail","hentry","category-actu-france-monde"],"jetpack_publicize_connections":[],"jetpack_featured_media_url":"https:\/\/i0.wp.com\/www.iceagetv.com\/radiosite\/wp-content\/uploads\/2020\/06\/Affrontements-%C3%A0-Dijon-1.jpeg?fit=1256%2C708&ssl=1","jetpack_sharing_enabled":true,"_links":{"self":[{"href":"https:\/\/www.iceagetv.com\/radiosite\/wp-json\/wp\/v2\/posts\/15916","targetHints":{"allow":["GET"]}}],"collection":[{"href":"https:\/\/www.iceagetv.com\/radiosite\/wp-json\/wp\/v2\/posts"}],"about":[{"href":"https:\/\/www.iceagetv.com\/radiosite\/wp-json\/wp\/v2\/types\/post"}],"author":[{"embeddable":true,"href":"https:\/\/www.iceagetv.com\/radiosite\/wp-json\/wp\/v2\/users\/2"}],"replies":[{"embeddable":true,"href":"https:\/\/www.iceagetv.com\/radiosite\/wp-json\/wp\/v2\/comments?post=15916"}],"version-history":[{"count":1,"href":"https:\/\/www.iceagetv.com\/radiosite\/wp-json\/wp\/v2\/posts\/15916\/revisions"}],"predecessor-version":[{"id":15918,"href":"https:\/\/www.iceagetv.com\/radiosite\/wp-json\/wp\/v2\/posts\/15916\/revisions\/15918"}],"wp:featuredmedia":[{"embeddable":true,"href":"https:\/\/www.iceagetv.com\/radiosite\/wp-json\/wp\/v2\/media\/15917"}],"wp:attachment":[{"href":"https:\/\/www.iceagetv.com\/radiosite\/wp-json\/wp\/v2\/media?parent=15916"}],"wp:term":[{"taxonomy":"category","embeddable":true,"href":"https:\/\/www.iceagetv.com\/radiosite\/wp-json\/wp\/v2\/categories?post=15916"},{"taxonomy":"post_tag","embeddable":true,"href":"https:\/\/www.iceagetv.com\/radiosite\/wp-json\/wp\/v2\/tags?post=15916"}],"curies":[{"name":"wp","href":"https:\/\/api.w.org\/{rel}","templated":true}]}}