{"id":15919,"date":"2020-06-16T16:19:27","date_gmt":"2020-06-16T16:19:27","guid":{"rendered":"http:\/\/www.iceagetv.com\/radiosite\/?p=15919"},"modified":"2020-06-16T16:19:27","modified_gmt":"2020-06-16T16:19:27","slug":"paris-16-interpellations-en-marge-de-la-manifestation-des-soignants-sur-lesplanade-des-invalides","status":"publish","type":"post","link":"https:\/\/www.iceagetv.com\/radiosite\/paris-16-interpellations-en-marge-de-la-manifestation-des-soignants-sur-lesplanade-des-invalides\/","title":{"rendered":"Paris: 16 interpellations en marge de la manifestation des soignants sur l&rsquo;esplanade des Invalides"},"content":{"rendered":"\n<h2 class=\"wp-block-heading\">Des affrontements ont \u00e9clat\u00e9 entre des individus et les forces de l&rsquo;ordre en marge de la manifestations organis\u00e9e par les personnels soignants ce mardi apr\u00e8s-midi.<\/h2>\n\n\n\n<p>Des heurts ont \u00e9clat\u00e9 en marge de la manifestation des personnels soignants \u00e0 Paris ce mardi apr\u00e8s-midi. Vers 16 heures, 16 personnes avaient \u00e9t\u00e9&nbsp;interpell\u00e9es, a appris BFMTV de source polici\u00e8res.&nbsp;<\/p>\n\n\n\n<p>Ces incidents sont survenus alors que le cort\u00e8ge approchait de l&rsquo;esplanade des Invalides. \u00ab\u00a0Des groupes d&rsquo;individus cagoul\u00e9s se sont joints \u00e0 la manifestation et ont proc\u00e9d\u00e9 \u00e0 des exactions, \u00e0 des casses de mat\u00e9riel urbain, ont renvers\u00e9&nbsp;des v\u00e9hicules&#8230;\u00a0\u00bb, a affirm\u00e9 Lo\u00efc Walder, d\u00e9l\u00e9gu\u00e9 du syndicat UNSA Police, sur l&rsquo;antenne de BFMTV. En outre, des poubelles ont \u00e9t\u00e9 incendi\u00e9es et des projectiles jet\u00e9s en direction des forces de l&rsquo;ordre. Des sources polici\u00e8res \u00e9voquent des profils \u00ab\u00a0ultras jaunes\u00a0\u00bb et ont recens\u00e9 \u00ab\u00a0250 \u00e0 300 individus violents\u00a0\u00bb en t\u00eate de cort\u00e8ge.&nbsp;<\/p>\n\n\n\n<p>La police a r\u00e9pliqu\u00e9 par des tirs de&nbsp;grenades lacrymog\u00e8nes pour disperser la foule&nbsp;et encercler les \u00ab\u00a0individus violents\u00a0\u00bb, avant un retour au calme aux alentours de 18h.&nbsp;<\/p>\n\n\n\n<h3 class=\"wp-block-heading\">\u00ab\u00a0Ils nous ont vol\u00e9 notre manifestation\u00a0\u00bb<\/h3>\n\n\n\n<p>Selon la pr\u00e9fecture de police, 18.000 personnes ont pris part \u00e0 la manifestation des personnels soignants.&nbsp;Patrick Pelloux, pr\u00e9sident de l&rsquo;Association des m\u00e9decins urgentistes de France, \u00e9tait pr\u00e9sent dans le cort\u00e8ge. Sur BFMTV, il a d\u00e9nonc\u00e9 \u00ab\u00a0des groupuscules ultra-violents\u00a0\u00bb. Certains \u00ab\u00a0se sont d\u00e9guis\u00e9s en soignants, a-t-il affirm\u00e9. Ils nous ont vol\u00e9 notre manifestation\u00a0\u00bb.<\/p>\n\n\n\n<p>Ce rassemblement avait pour objectif de peser sur le&nbsp;<a href=\"https:\/\/www.bfmtv.com\/sante\/avenir-des-hopitaux-pourquoi-parle-t-on-de-segur-de-la-sante-1920601.html#content\/contribution\/edit\">S\u00e9gur de la sant\u00e9<\/a>&nbsp;et notamment d&rsquo;obtenir des avanc\u00e9es pour les salari\u00e9s des h\u00f4pitaux et des Ehpad sur la question des r\u00e9mun\u00e9rations.<\/p>\n","protected":false},"excerpt":{"rendered":"<p>Des affrontements ont \u00e9clat\u00e9 entre des individus et les forces de l&rsquo;ordre en marge de la manifestations organis\u00e9e par les personnels soignants ce mardi apr\u00e8s-midi. Des heurts ont \u00e9clat\u00e9 en marge de la manifestation des personnels soignants \u00e0 Paris ce mardi apr\u00e8s-midi. Vers 16 heures, 16 personnes avaient \u00e9t\u00e9&nbsp;interpell\u00e9es, a appris BFMTV de source polici\u00e8res.&nbsp; [&hellip;]<\/p>\n","protected":false},"author":2,"featured_media":15920,"comment_status":"open","ping_status":"open","sticky":false,"template":"","format":"standard","meta":{"_jetpack_memberships_contains_paid_content":false,"footnotes":"","jetpack_publicize_message":"","jetpack_publicize_feature_enabled":true,"jetpack_social_post_already_shared":true,"jetpack_social_options":{"image_generator_settings":{"template":"highway","default_image_id":0,"font":"","enabled":false},"version":2},"_wpas_customize_per_network":false},"categories":[405],"tags":[],"class_list":["post-15919","post","type-post","status-publish","format-standard","has-post-thumbnail","hentry","category-actu-france-monde"],"jetpack_publicize_connections":[],"jetpack_featured_media_url":"https:\/\/i0.wp.com\/www.iceagetv.com\/radiosite\/wp-content\/uploads\/2020\/06\/16-interpellations-en-marge-de-la-manifestation-des-soignants-sur-lesplanade-des-Invalides.jpg?fit=980%2C450&ssl=1","jetpack_sharing_enabled":true,"_links":{"self":[{"href":"https:\/\/www.iceagetv.com\/radiosite\/wp-json\/wp\/v2\/posts\/15919","targetHints":{"allow":["GET"]}}],"collection":[{"href":"https:\/\/www.iceagetv.com\/radiosite\/wp-json\/wp\/v2\/posts"}],"about":[{"href":"https:\/\/www.iceagetv.com\/radiosite\/wp-json\/wp\/v2\/types\/post"}],"author":[{"embeddable":true,"href":"https:\/\/www.iceagetv.com\/radiosite\/wp-json\/wp\/v2\/users\/2"}],"replies":[{"embeddable":true,"href":"https:\/\/www.iceagetv.com\/radiosite\/wp-json\/wp\/v2\/comments?post=15919"}],"version-history":[{"count":1,"href":"https:\/\/www.iceagetv.com\/radiosite\/wp-json\/wp\/v2\/posts\/15919\/revisions"}],"predecessor-version":[{"id":15921,"href":"https:\/\/www.iceagetv.com\/radiosite\/wp-json\/wp\/v2\/posts\/15919\/revisions\/15921"}],"wp:featuredmedia":[{"embeddable":true,"href":"https:\/\/www.iceagetv.com\/radiosite\/wp-json\/wp\/v2\/media\/15920"}],"wp:attachment":[{"href":"https:\/\/www.iceagetv.com\/radiosite\/wp-json\/wp\/v2\/media?parent=15919"}],"wp:term":[{"taxonomy":"category","embeddable":true,"href":"https:\/\/www.iceagetv.com\/radiosite\/wp-json\/wp\/v2\/categories?post=15919"},{"taxonomy":"post_tag","embeddable":true,"href":"https:\/\/www.iceagetv.com\/radiosite\/wp-json\/wp\/v2\/tags?post=15919"}],"curies":[{"name":"wp","href":"https:\/\/api.w.org\/{rel}","templated":true}]}}