{"id":15936,"date":"2020-06-17T15:50:55","date_gmt":"2020-06-17T15:50:55","guid":{"rendered":"http:\/\/www.iceagetv.com\/radiosite\/?p=15936"},"modified":"2020-06-17T15:50:55","modified_gmt":"2020-06-17T15:50:55","slug":"disparition-de-la-petite-maddie-en-2007-au-portugal-les-enqueteurs-allemands-ont-des-preuves-que-la-fillette-est-morte-parquet","status":"publish","type":"post","link":"https:\/\/www.iceagetv.com\/radiosite\/disparition-de-la-petite-maddie-en-2007-au-portugal-les-enqueteurs-allemands-ont-des-preuves-que-la-fillette-est-morte-parquet\/","title":{"rendered":"Disparition de la petite Maddie en 2007 au Portugal: les enqu\u00eateurs allemands ont des \u00ab\u00a0preuves\u00a0\u00bb que la fillette est morte (parquet)"},"content":{"rendered":"\n<p>Les enqu\u00eateurs affirment disposer de \u00abpreuves\u00bb indiquant que la petite Britannique Madeleine McCann, disparue en 2007 au Portugal, est morte, indique le parquet de Brunswick, en Allemagne.<\/p>\n\n\n\n<p>\u00ab&nbsp;Ce sont des preuves ou des faits concrets dont nous disposons, et non de simples indications&nbsp;\u00bb, a d\u00e9clar\u00e9 \u00e0 l\u2019AFP ce porte-parole.<\/p>\n\n\n\n<p>Il ne s\u2019agit toutefois pas de \u00ab&nbsp;preuves m\u00e9dico-l\u00e9gales (telles que le corps)&nbsp;\u00bb de la disparition de la fillette, dont le principal suspect est un Allemand actuellement en d\u00e9tention dans une autre affaire, selon le parquet.<\/p>\n\n\n\n<p>\u00ab&nbsp;Je ne peux pas, pour l\u2019instant, vous r\u00e9v\u00e9ler les informations exactes dont nous disposons et qui indiquent que notre suspect a tu\u00e9 Madeleine&nbsp;\u00bb, a ajout\u00e9 ce porte-parole, pr\u00e9cisant que les autorit\u00e9s allemandes avaient \u00e9crit aux parents de la fillette.<\/p>\n\n\n\n<p>La police allemande a relanc\u00e9 de mani\u00e8re spectaculaire l\u2019enqu\u00eate sur la myst\u00e9rieuse disparition de Madeleine McCann, trois ans, en 2007 en annon\u00e7ant d\u00e9but juin qu\u2019elle avait identifi\u00e9 un suspect, Christian B., 43 ans, un p\u00e9dophile multir\u00e9cidiviste actuellement en d\u00e9tention \u00e0 Kiel, dans le nord de l\u2019Allemagne.<\/p>\n\n\n\n<p>Il vivait \u00e0 l\u2019\u00e9poque des faits \u00e0 quelques kilom\u00e8tres de l\u2019h\u00f4tel o\u00f9 l\u2019enfant avait disparu.<\/p>\n\n\n\n<p>Dans cette rocambolesque affaire, il est soup\u00e7onn\u00e9 du meurtre de la petite fille, en vacances avec ses parents et leurs deux autres enfants au Portugal \u00e0 l\u2019\u00e9poque de sa disparition.<\/p>\n\n\n\n<p>Les enqu\u00eateurs ont d\u00e9couvert, selon des m\u00e9dias allemands, dans une autocaravane du suspect des maillots de bain pour enfants. Ils auraient aussi mis la main sur des cl\u00e9s USB contenant des milliers d\u2019images p\u00e9dophiles, dont certaines mettant en sc\u00e8ne le suspect, dissimul\u00e9es \u00e0 l\u2019endroit il avait enterr\u00e9 son chien.<\/p>\n\n\n\n<p>Le suspect a fait une demande de remise en libert\u00e9 qui n\u2019aboutira pas, selon le parquet. Il est en effet vis\u00e9 par une demande d\u2019extradition au Portugal pour le viol d\u2019une femme de 72 ans.<\/p>\n\n\n\n<p>La police allemande est mise en cause dans l\u2019enqu\u00eate sur la disparition de la petite Britannique pour avoir inform\u00e9 d\u00e8s 2013 le principal suspect qu\u2019elle l\u2019avait dans le collimateur, ce qui pourrait lui avoir laiss\u00e9 la possibilit\u00e9 de d\u00e9truire des preuves \u00e9ventuelle<\/p>\n","protected":false},"excerpt":{"rendered":"<p>Les enqu\u00eateurs affirment disposer de \u00abpreuves\u00bb indiquant que la petite Britannique Madeleine McCann, disparue en 2007 au Portugal, est morte, indique le parquet de Brunswick, en Allemagne. \u00ab&nbsp;Ce sont des preuves ou des faits concrets dont nous disposons, et non de simples indications&nbsp;\u00bb, a d\u00e9clar\u00e9 \u00e0 l\u2019AFP ce porte-parole. Il ne s\u2019agit toutefois pas de [&hellip;]<\/p>\n","protected":false},"author":2,"featured_media":15938,"comment_status":"open","ping_status":"open","sticky":false,"template":"","format":"standard","meta":{"_jetpack_memberships_contains_paid_content":false,"footnotes":"","jetpack_publicize_message":"","jetpack_publicize_feature_enabled":true,"jetpack_social_post_already_shared":true,"jetpack_social_options":{"image_generator_settings":{"template":"highway","default_image_id":0,"font":"","enabled":false},"version":2},"_wpas_customize_per_network":false},"categories":[405],"tags":[],"class_list":["post-15936","post","type-post","status-publish","format-standard","has-post-thumbnail","hentry","category-actu-france-monde"],"jetpack_publicize_connections":[],"jetpack_featured_media_url":"https:\/\/i0.wp.com\/www.iceagetv.com\/radiosite\/wp-content\/uploads\/2020\/06\/Disparition-de-la-petite-Maddie-en-2007-au-Portugal.png?fit=638%2C271&ssl=1","jetpack_sharing_enabled":true,"_links":{"self":[{"href":"https:\/\/www.iceagetv.com\/radiosite\/wp-json\/wp\/v2\/posts\/15936","targetHints":{"allow":["GET"]}}],"collection":[{"href":"https:\/\/www.iceagetv.com\/radiosite\/wp-json\/wp\/v2\/posts"}],"about":[{"href":"https:\/\/www.iceagetv.com\/radiosite\/wp-json\/wp\/v2\/types\/post"}],"author":[{"embeddable":true,"href":"https:\/\/www.iceagetv.com\/radiosite\/wp-json\/wp\/v2\/users\/2"}],"replies":[{"embeddable":true,"href":"https:\/\/www.iceagetv.com\/radiosite\/wp-json\/wp\/v2\/comments?post=15936"}],"version-history":[{"count":1,"href":"https:\/\/www.iceagetv.com\/radiosite\/wp-json\/wp\/v2\/posts\/15936\/revisions"}],"predecessor-version":[{"id":15939,"href":"https:\/\/www.iceagetv.com\/radiosite\/wp-json\/wp\/v2\/posts\/15936\/revisions\/15939"}],"wp:featuredmedia":[{"embeddable":true,"href":"https:\/\/www.iceagetv.com\/radiosite\/wp-json\/wp\/v2\/media\/15938"}],"wp:attachment":[{"href":"https:\/\/www.iceagetv.com\/radiosite\/wp-json\/wp\/v2\/media?parent=15936"}],"wp:term":[{"taxonomy":"category","embeddable":true,"href":"https:\/\/www.iceagetv.com\/radiosite\/wp-json\/wp\/v2\/categories?post=15936"},{"taxonomy":"post_tag","embeddable":true,"href":"https:\/\/www.iceagetv.com\/radiosite\/wp-json\/wp\/v2\/tags?post=15936"}],"curies":[{"name":"wp","href":"https:\/\/api.w.org\/{rel}","templated":true}]}}