{"id":15956,"date":"2020-06-19T09:32:02","date_gmt":"2020-06-19T09:32:02","guid":{"rendered":"http:\/\/www.iceagetv.com\/radiosite\/?p=15956"},"modified":"2020-06-19T09:32:02","modified_gmt":"2020-06-19T09:32:02","slug":"110-km-h-sur-lautoroute-semaine-de-28h-la-convention-citoyenne-pour-le-climat-a-lheure-des-choix","status":"publish","type":"post","link":"https:\/\/www.iceagetv.com\/radiosite\/110-km-h-sur-lautoroute-semaine-de-28h-la-convention-citoyenne-pour-le-climat-a-lheure-des-choix\/","title":{"rendered":"110 km\/h sur l&rsquo;autoroute, semaine de 28h&#8230; La Convention citoyenne pour le climat \u00e0 l&rsquo;heure des choix"},"content":{"rendered":"\n<p>Apr\u00e8s neuf mois de travaux, les 150 Fran\u00e7ais tir\u00e9s au sort de la Convention citoyenne pour le climat ont list\u00e9 plus de 100 propositions pour r\u00e9duire les \u00e9missions de gaz \u00e0 effet de serre. Elles doivent \u00eatre encore vot\u00e9es ce week-end durant la septi\u00e8me et derni\u00e8re session.<\/p>\n\n\n\n<p>Elles sont le fruit de neuf mois de travail aussi intense qu&rsquo;in\u00e9dit. Les 150 Fran\u00e7ais et Fran\u00e7aises tir\u00e9s au sort au cours de l\u2019\u00e9t\u00e9 2019 pour plancher sur la lutte contre le r\u00e9chauffement climatique ont enfin rendu leur copie, qui doit \u00eatre maintenant vot\u00e9e en assembl\u00e9e pl\u00e9ni\u00e8re avant d\u2019\u00eatre transmise \u00e0 l\u2019ex\u00e9cutif. Plus de 100 mesures vont \u00eatre d\u00e9battues de vendredi 19 \u00e0 dimanche 21 juin par les 150 membres r\u00e9unis au Conseil \u00e9conomique, social et environnemental -une premi\u00e8re depuis l&rsquo;\u00e9pid\u00e9mie &#8211; au cours de la septi\u00e8me et derni\u00e8re session de la Convention.<\/p>\n\n\n\n<p>Il faut dire que leur mission n\u2019\u00e9tait pas des plus simples : \u00e9tablir une s\u00e9rie de mesures visant \u00e0 faire baisser de 40 % les \u00e9missions de gaz \u00e0 effet de serre d\u2019ici 2030, par rapport \u00e0 1990, et tout cela \u00ab\u00a0dans un esprit de justice sociale\u00a0\u00bb. \u00ab\u00a0Ces mesures entrent en coh\u00e9rence les unes avec les autres, nous n\u2019avons pas voulu brider notre travail\u00a0\u00bb, confie \u00e0 LCI Gr\u00e9goire Fraty, membre de la Convention. Et si certaines ont rapidement fait consensus, sur le logement par exemple, d\u2019autres ont davantage fait d\u00e9bat entre les 150, comme celles portant sur les  d\u00e9placements. Voici un panel des propositions qui devront d\u00e9sormais \u00eatre s\u00e9lectionn\u00e9es ou rejet\u00e9es.  Toutes les propositions qui obtiendront la majorit\u00e9 des votes seront adopt\u00e9es. Et certaines sont particuli\u00e8rement ambitieuses.<\/p>\n\n\n\n<p>La r\u00e9vision de la Constitution d\u00e9j\u00e0 vot\u00e9e<\/p>\n\n\n\n<p>Ces mesures ont \u00e9t\u00e9 discut\u00e9es puis amend\u00e9es par chaque groupe de travail (se d\u00e9placer, se loger, se nourrir, produire et travailler) mais certaines sont plus transversales. Notamment celles visant \u00e0 r\u00e9viser la Constitution, sur lesquelles les 150 se sont d\u00e9j\u00e0 mis d\u2019accord. L\u2019une propose d\u2019ajouter \u00e0 son pr\u00e9ambule un nouvel alin\u00e9a mentionnant \u00ab\u00a0la pr\u00e9servation de l\u2019environnement, patrimoine commun de l\u2019humanit\u00e9\u00a0\u00bb, tandis qu\u2019une autre vise \u00e0 int\u00e9grer un troisi\u00e8me alin\u00e9a \u00e0 son article 1er : \u00ab\u00a0La R\u00e9publique garantit la pr\u00e9servation de la biodiversit\u00e9, de l\u2019environnement et lutte contre le d\u00e9r\u00e8glement climatique\u00a0\u00bb. <\/p>\n\n\n\n<p>Parmi les mesures phares du groupe \u00ab\u00a0se loger\u00a0\u00bb, on retrouve la r\u00e9duction de la consommation d\u2019\u00e9nergie dans les espaces publics (en interdisant par exemple le chauffage des terrasses de caf\u00e9s), le changement des chaudi\u00e8res au fioul et \u00e0 charbon d&rsquo;ici \u00e0 2030 dans les b\u00e2timents neufs et r\u00e9nov\u00e9s, ou bien l\u2019interdiction de l\u2019artificialisation des terres tant que des friches commerciales, artisanales ou industrielles sont possibles. Le groupe propose \u00e9galement l\u2019obligation pour les propri\u00e9taires d\u2019isoler thermiquement les logements, une mesure qui serait susceptible d\u2019\u00eatre soumise \u00e0 r\u00e9f\u00e9rendum, a laiss\u00e9 entendre le chef de l\u2019Etat mercredi 17 juin \u00e0 la presse.<\/p>\n\n\n\n<blockquote class=\"wp-block-quote is-layout-flow wp-block-quote-is-layout-flow\"><p>Ren\u00e9gociation du CETA et crime d&rsquo;\u00e9cocide<\/p><\/blockquote>\n\n\n\n<p>Le groupe&nbsp;<em>\u00ab\u00a0se nourrir\u00a0\u00bb,&nbsp;<\/em>lui, propose de diminuer l\u2019usage des pesticides en interdisant notamment les pesticides les plus dommageables pour l\u2019environnement en 2035, d\u2019int\u00e9grer l\u2019enseignement de l\u2019agro\u00e9cologie dans les programmes scolaires, ou de taxer les produits ultra-transform\u00e9s \u00e0 forte empreinte carbone et faible apport nutritionnel. Parmi les mesures les plus ambitieuses, on peut citer la ren\u00e9gociation du CETA au niveau europ\u00e9en pour y int\u00e9grer les objectifs de l\u2019Accord de Paris, ou encore l\u2019adoption d\u2019une loi p\u00e9nalisant le crime d\u2019\u00e9cocide.&nbsp;<\/p>\n\n\n\n<p>Les propositions du groupe&nbsp;<em>\u00ab\u00a0consommer\u00a0\u00bb&nbsp;<\/em>couvrent elles aussi un large spectre, allant de l\u2019information du consommateur aux r\u00e8gles encadrant la publicit\u00e9. Il propose d\u2019afficher l&#8217;empreinte carbone des produits sur l\u2019emballage, d\u2019interdire la publicit\u00e9 des produits les plus polluants, d\u2019obliger la publicit\u00e9 \u00e0 faire passer des messages incitant \u00e0 moins consommer, mais aussi de mettre en place progressivement un syst\u00e8me de consigne de verre, qui sera g\u00e9n\u00e9ralis\u00e9 d\u2019ici 2025.&nbsp;<\/p>\n\n\n\n<blockquote class=\"wp-block-quote is-layout-flow wp-block-quote-is-layout-flow\"><p>R\u00e9duire le temps de travail<\/p><\/blockquote>\n\n\n\n<p>Le groupe<em>&nbsp;\u00ab\u00a0se d\u00e9placer\u00a0\u00bb,<\/em>&nbsp;lui, a eu la mission de s\u2019atteler au secteur tr\u00e8s polluant du trafic routier et a\u00e9rien. Et de concilier ses propositions avec ce fameux<em>&nbsp;\u00ab\u00a0esprit de justice sociale\u00a0\u00bb :<\/em>&nbsp;on se rappelle le vif d\u00e9bat autour de la taxe carbone et le mouvement social des Gilets jaunes qui en a d\u00e9coul\u00e9. Parmi les mesures vot\u00e9es par le groupe, on retrouve l\u2019interdiction des v\u00e9hicules les plus polluants en centre-ville, la limitation de la vitesse sur l\u2019autoroute \u00e0 110km\/h, l\u2019interdiction d\u00e8s 2025 de la commercialisation de v\u00e9hicules neufs tr\u00e8s \u00e9metteurs de gaz \u00e0 effet de serre. Sur l\u2019aviation, le groupe propose des mesures fortes : en finir avec les vols int\u00e9rieurs d\u2019ici 2025, ou encore interdire la construction de nouveaux a\u00e9roports.<\/p>\n\n\n\n<p>Le dernier groupe de travail s&rsquo;est pench\u00e9 sur la th\u00e9matique&nbsp;<em>\u00ab\u00a0produire et travailler\u00a0\u00bb,<\/em>&nbsp;int\u00e9grant l\u00e0 aussi de nombreuses questions li\u00e9es \u00e0 la transition \u00e9cologique. Parmi ses propositions phares, on peut retenir le recyclage obligatoire de l\u2019ensemble du plastique ainsi que la suppression de tous les plastiques \u00e0 usage unique d\u00e8s 2023, ou bien la r\u00e9duction du temps de travail hebdomadaire qui passerait de 35h \u00e0 28h avec un salaire inchang\u00e9.<\/p>\n\n\n\n<blockquote class=\"wp-block-quote is-layout-flow wp-block-quote-is-layout-flow\"><p>\u00ab\u00a0Les 150\u00a0\u00bb pour continuer le combat<\/p><\/blockquote>\n\n\n\n<p>Toujours est-il que le sort r\u00e9serv\u00e9 \u00e0 ces propositions reste flou. Si ce sont aux citoyens de d\u00e9cider ce week-end de la forme donn\u00e9e \u00e0 leurs mesures (loi, r\u00e8glement, ou r\u00e9f\u00e9rendum), une fois celles-ci vot\u00e9es et rendues, ils n&rsquo;ont aucune certitude sur leur reprise par l&rsquo;ex\u00e9cutif. Lors de sa visite \u00e0 la Convention, le chef de l\u2019Etat a promis aux 150 de reprendre<em>&nbsp;\u00ab\u00a0sans filtre\u00a0\u00bb<\/em>&nbsp;certaines des mesures finales et s&rsquo;est d&rsquo;ailleurs engag\u00e9 \u00e0 revenir devant eux pour leur indiquer ses choix. Gr\u00e9goire, lui, a&nbsp;<em>\u00ab\u00a0envie d\u2019y croire\u00a0\u00bb.<\/em>&nbsp;<\/p>\n\n\n\n<p>En attendant, les 150 ont -presque- rempli la t\u00e2che confi\u00e9e par l\u2019ex\u00e9cutif mais n\u2019ont pas pour autant l&rsquo;intention d&rsquo;en rester l\u00e0. Avec leur association<em>&nbsp;\u00ab\u00a0Les 150\u00a0\u00bb&nbsp;<\/em>nouvellement cr\u00e9\u00e9e, les 110 \u00e0 120 citoyens d\u00e9j\u00e0 inscrits ont l\u2019intention, d\u00e8s la cl\u00f4ture de la convention, de continuer \u00e0 d\u00e9fendre leurs propositions,&nbsp;<em>\u00ab\u00a0La convention est l\u00e0 pour produire des mesures, en revanche nous n\u2019avons pas de mandat pour les d\u00e9fendre\u00a0\u00bb,&nbsp;<\/em>explique Gr\u00e9goire.<em>&nbsp;\u00ab\u00a0Maintenant qu\u2019on a produit quelque chose, on ne veut pas s\u2019arr\u00eater si proches du but.\u00a0\u00bb<\/em><\/p>\n\n\n\n<p><\/p>\n\n\n\n<p><\/p>\n","protected":false},"excerpt":{"rendered":"<p>Apr\u00e8s neuf mois de travaux, les 150 Fran\u00e7ais tir\u00e9s au sort de la Convention citoyenne pour le climat ont list\u00e9 plus de 100 propositions pour r\u00e9duire les \u00e9missions de gaz \u00e0 effet de serre. Elles doivent \u00eatre encore vot\u00e9es ce week-end durant la septi\u00e8me et derni\u00e8re session. Elles sont le fruit de neuf mois de [&hellip;]<\/p>\n","protected":false},"author":2,"featured_media":15957,"comment_status":"open","ping_status":"open","sticky":false,"template":"","format":"standard","meta":{"_jetpack_memberships_contains_paid_content":false,"footnotes":"","jetpack_publicize_message":"","jetpack_publicize_feature_enabled":true,"jetpack_social_post_already_shared":true,"jetpack_social_options":{"image_generator_settings":{"template":"highway","default_image_id":0,"font":"","enabled":false},"version":2},"_wpas_customize_per_network":false},"categories":[405],"tags":[],"class_list":["post-15956","post","type-post","status-publish","format-standard","has-post-thumbnail","hentry","category-actu-france-monde"],"jetpack_publicize_connections":[],"jetpack_featured_media_url":"https:\/\/i0.wp.com\/www.iceagetv.com\/radiosite\/wp-content\/uploads\/2020\/06\/110-km-h-sur-l-autoroute-semaine-de-28h.png?fit=1188%2C550&ssl=1","jetpack_sharing_enabled":true,"_links":{"self":[{"href":"https:\/\/www.iceagetv.com\/radiosite\/wp-json\/wp\/v2\/posts\/15956","targetHints":{"allow":["GET"]}}],"collection":[{"href":"https:\/\/www.iceagetv.com\/radiosite\/wp-json\/wp\/v2\/posts"}],"about":[{"href":"https:\/\/www.iceagetv.com\/radiosite\/wp-json\/wp\/v2\/types\/post"}],"author":[{"embeddable":true,"href":"https:\/\/www.iceagetv.com\/radiosite\/wp-json\/wp\/v2\/users\/2"}],"replies":[{"embeddable":true,"href":"https:\/\/www.iceagetv.com\/radiosite\/wp-json\/wp\/v2\/comments?post=15956"}],"version-history":[{"count":1,"href":"https:\/\/www.iceagetv.com\/radiosite\/wp-json\/wp\/v2\/posts\/15956\/revisions"}],"predecessor-version":[{"id":15958,"href":"https:\/\/www.iceagetv.com\/radiosite\/wp-json\/wp\/v2\/posts\/15956\/revisions\/15958"}],"wp:featuredmedia":[{"embeddable":true,"href":"https:\/\/www.iceagetv.com\/radiosite\/wp-json\/wp\/v2\/media\/15957"}],"wp:attachment":[{"href":"https:\/\/www.iceagetv.com\/radiosite\/wp-json\/wp\/v2\/media?parent=15956"}],"wp:term":[{"taxonomy":"category","embeddable":true,"href":"https:\/\/www.iceagetv.com\/radiosite\/wp-json\/wp\/v2\/categories?post=15956"},{"taxonomy":"post_tag","embeddable":true,"href":"https:\/\/www.iceagetv.com\/radiosite\/wp-json\/wp\/v2\/tags?post=15956"}],"curies":[{"name":"wp","href":"https:\/\/api.w.org\/{rel}","templated":true}]}}