{"id":15964,"date":"2020-06-19T09:35:54","date_gmt":"2020-06-19T09:35:54","guid":{"rendered":"http:\/\/www.iceagetv.com\/radiosite\/?p=15964"},"modified":"2020-06-19T09:35:54","modified_gmt":"2020-06-19T09:35:54","slug":"allemagne-le-plus-grand-abattoir-deurope-touche-par-lepidemie-de-coronavirus-730-salaries-positifs-sur-1-106-deja-testes","status":"publish","type":"post","link":"https:\/\/www.iceagetv.com\/radiosite\/allemagne-le-plus-grand-abattoir-deurope-touche-par-lepidemie-de-coronavirus-730-salaries-positifs-sur-1-106-deja-testes\/","title":{"rendered":"Allemagne : le plus grand abattoir d&rsquo;Europe touch\u00e9 par l&rsquo;\u00e9pid\u00e9mie de coronavirus, 730 salari\u00e9s positifs sur 1 106 d\u00e9j\u00e0 test\u00e9s"},"content":{"rendered":"\n<p>Le plus grand abattoir d\u2019<a href=\"https:\/\/www.francetvinfo.fr\/monde\/europe\/\">Europe<\/a>&nbsp;pr\u00e8s de M\u00fcnster en Allemagne a \u00e9t\u00e9 touch\u00e9 massivement par l\u2019\u00e9pid\u00e9mie de&nbsp;<a href=\"https:\/\/www.francetvinfo.fr\/sante\/maladie\/coronavirus\/\">coronavirus<\/a>, selon le correspondant de franceinfo .en&nbsp;<a href=\"https:\/\/www.francetvinfo.fr\/monde\/europe\/allemagne\/\">Allemagne<\/a>. Sur 1106 salari\u00e9s d\u00e9j\u00e0 test\u00e9s, 730 salari\u00e9s sont d\u00e9clar\u00e9s positifs, soit pr\u00e8s des trois quarts. Ils ont \u00e9t\u00e9 plac\u00e9s en quarantaine. Des contr\u00f4les vont \u00eatre \u00e9tendus \u00e0 tous les autres salari\u00e9s pendant plusieurs jours.&nbsp;20 000 porcs sont abattus chaque jour dans l\u2019entreprise T\u00f6nnies qui emploie 6 400 ouvriers. Dans ce secteur, beaucoup de travailleurs sous-traitants viennent de Pologne, de Roumanie ou de Bulgarie.<\/p>\n\n\n\n<p>Avec la r\u00e9ouverture des fronti\u00e8res, certains d\u2019entre eux ont voyag\u00e9, sont retourn\u00e9s dans leurs familles, et auraient, selon les propos du pr\u00e9sident de la r\u00e9gion Armin Laschet, membre de l&rsquo;Union chr\u00e9tienne-d\u00e9mocrate et&nbsp;<a href=\"https:\/\/www.francetvinfo.fr\/replay-radio\/micro-europeen\/micro-europeen-allemagne-lapres-merkel-a-commence_3827087.html\">candidat \u00e0 la succession d\u2019Angela Merkel<\/a>, &lsquo;<em>&lsquo;import\u00e9 le virus<\/em>\u00a0\u00bb. Une affirmation qui a fait scandale en Allemagne. Il est d\u2019ailleurs revenu sur ses propos.<\/p>\n\n\n\n<h2 class=\"wp-block-heading\">Les conditions de travail et d&rsquo;h\u00e9bergement en cause<\/h2>\n\n\n\n<p>Ce sont les conditions de travail et l\u2019h\u00e9bergement de ces personnes qui sont en cause. Apr\u00e8s de pr\u00e9c\u00e9dents cas au mois de mai dans d\u2019autres abattoirs du pays, le ministre du Travail avait pourtant durci les contr\u00f4les en interdisant notamment certains contrats de travail. Il a promis jeudi de redoubler de vigilance dans ce secteur o\u00f9 le froid favorise l\u2019\u00e9pid\u00e9mie.<\/p>\n\n\n\n<p>L\u2019usine devrait continuer \u00e0 fonctionner encore environ une quinzaine de jours, le temps d\u2019abattre et transformer les b\u00eates qui se trouvent encore dans l\u2019abattoir. Les salari\u00e9s qui ne seront pas test\u00e9s positifs et donc pas plac\u00e9s en quarantaine, auront cette charge.&nbsp;L\u2019entreprise T\u00f6nnies repr\u00e9sente 30% de part de march\u00e9 de la viande en Allemagne. Ce foyer de contamination pourrait avoir des cons\u00e9quences sur le march\u00e9 de la viande notamment dans le circuit du hard-discount, tr\u00e8s d\u00e9velopp\u00e9 en Allemagne. Les magasins pourraient faire face \u00e0 une p\u00e9nurie de viandes dans les prochaines semaines ou appliquer une hausse des prix.<\/p>\n","protected":false},"excerpt":{"rendered":"<p>Le plus grand abattoir d\u2019Europe&nbsp;pr\u00e8s de M\u00fcnster en Allemagne a \u00e9t\u00e9 touch\u00e9 massivement par l\u2019\u00e9pid\u00e9mie de&nbsp;coronavirus, selon le correspondant de franceinfo .en&nbsp;Allemagne. Sur 1106 salari\u00e9s d\u00e9j\u00e0 test\u00e9s, 730 salari\u00e9s sont d\u00e9clar\u00e9s positifs, soit pr\u00e8s des trois quarts. Ils ont \u00e9t\u00e9 plac\u00e9s en quarantaine. Des contr\u00f4les vont \u00eatre \u00e9tendus \u00e0 tous les autres salari\u00e9s pendant plusieurs [&hellip;]<\/p>\n","protected":false},"author":2,"featured_media":15965,"comment_status":"open","ping_status":"open","sticky":false,"template":"","format":"standard","meta":{"_jetpack_memberships_contains_paid_content":false,"footnotes":"","jetpack_publicize_message":"","jetpack_publicize_feature_enabled":true,"jetpack_social_post_already_shared":true,"jetpack_social_options":{"image_generator_settings":{"template":"highway","default_image_id":0,"font":"","enabled":false},"version":2},"_wpas_customize_per_network":false},"categories":[405],"tags":[],"class_list":["post-15964","post","type-post","status-publish","format-standard","has-post-thumbnail","hentry","category-actu-france-monde"],"jetpack_publicize_connections":[],"jetpack_featured_media_url":"https:\/\/i0.wp.com\/www.iceagetv.com\/radiosite\/wp-content\/uploads\/2020\/06\/le-plus-grand-abattoir-dEurope-touch%C3%A9-par-l%C3%A9pid%C3%A9mie-de-coronavirus-730-salari%C3%A9s-positifs-sur-1-106-d%C3%A9j%C3%A0-test%C3%A9s.jpg?fit=1024%2C384&ssl=1","jetpack_sharing_enabled":true,"_links":{"self":[{"href":"https:\/\/www.iceagetv.com\/radiosite\/wp-json\/wp\/v2\/posts\/15964","targetHints":{"allow":["GET"]}}],"collection":[{"href":"https:\/\/www.iceagetv.com\/radiosite\/wp-json\/wp\/v2\/posts"}],"about":[{"href":"https:\/\/www.iceagetv.com\/radiosite\/wp-json\/wp\/v2\/types\/post"}],"author":[{"embeddable":true,"href":"https:\/\/www.iceagetv.com\/radiosite\/wp-json\/wp\/v2\/users\/2"}],"replies":[{"embeddable":true,"href":"https:\/\/www.iceagetv.com\/radiosite\/wp-json\/wp\/v2\/comments?post=15964"}],"version-history":[{"count":1,"href":"https:\/\/www.iceagetv.com\/radiosite\/wp-json\/wp\/v2\/posts\/15964\/revisions"}],"predecessor-version":[{"id":15966,"href":"https:\/\/www.iceagetv.com\/radiosite\/wp-json\/wp\/v2\/posts\/15964\/revisions\/15966"}],"wp:featuredmedia":[{"embeddable":true,"href":"https:\/\/www.iceagetv.com\/radiosite\/wp-json\/wp\/v2\/media\/15965"}],"wp:attachment":[{"href":"https:\/\/www.iceagetv.com\/radiosite\/wp-json\/wp\/v2\/media?parent=15964"}],"wp:term":[{"taxonomy":"category","embeddable":true,"href":"https:\/\/www.iceagetv.com\/radiosite\/wp-json\/wp\/v2\/categories?post=15964"},{"taxonomy":"post_tag","embeddable":true,"href":"https:\/\/www.iceagetv.com\/radiosite\/wp-json\/wp\/v2\/tags?post=15964"}],"curies":[{"name":"wp","href":"https:\/\/api.w.org\/{rel}","templated":true}]}}