{"id":15974,"date":"2020-06-20T12:22:06","date_gmt":"2020-06-20T12:22:06","guid":{"rendered":"http:\/\/www.iceagetv.com\/radiosite\/?p=15974"},"modified":"2020-06-20T12:22:06","modified_gmt":"2020-06-20T12:22:06","slug":"covid-19-le-bresil-franchit-le-cap-du-million-de-contaminations-averees","status":"publish","type":"post","link":"https:\/\/www.iceagetv.com\/radiosite\/covid-19-le-bresil-franchit-le-cap-du-million-de-contaminations-averees\/","title":{"rendered":"Covid-19 : le Br\u00e9sil franchit le cap du million de contaminations av\u00e9r\u00e9es"},"content":{"rendered":"\n<p>Le g\u00e9ant sud-am\u00e9ricain peine encore \u00e0 endiguer l\u2019\u00e9pid\u00e9mie, m\u00eame si le gouvernement entraper\u00e7oit des motifs d\u2019optimisme.<\/p>\n\n\n\n<p>Le Br\u00e9sil a d\u00e9pass\u00e9 vendredi le cap du million de cas de contaminations confirm\u00e9es de&nbsp;<a href=\"https:\/\/www.leparisien.fr\/coronavirus\/\" target=\"_blank\" rel=\"noreferrer noopener\">coronavirus.<\/a>&nbsp;Une annonce faite par le gouvernement apr\u00e8s un record de nouveaux cas quotidiens.<\/p>\n\n\n\n<p>Officiellement, le plus grand pays d&rsquo;Am\u00e9rique latine (210 millions d&rsquo;habitants) recense ainsi 48 954 d\u00e9c\u00e8s, apr\u00e8s 1206 morts suppl\u00e9mentaires en 24 heures. En valeur absolue, ces donn\u00e9es font du Br\u00e9sil le deuxi\u00e8me pays au monde o\u00f9 le Covid-19 tue le plus et contamine le plus derri\u00e8re les Etats-Unis (119 000 d\u00e9c\u00e8s). Cela \u00e9quivaut \u00e0 environ 23 d\u00e9c\u00e8s pour 100 000 habitants, contre 44 en France, 57 en Italie, 63 au Royaume-Uni et 84 en Belgique, des pays confront\u00e9s plus t\u00f4t au Sras-Cov-2.<\/p>\n\n\n\n<p>Mais les statistiques officielles br\u00e9siliennes sont&nbsp;<a href=\"https:\/\/www.leparisien.fr\/societe\/coronavirus-le-bresil-republie-ses-statistiques-le-nombre-de-deces-double-10-06-2020-8332764.php\" target=\"_blank\" rel=\"noreferrer noopener\">jug\u00e9es tr\u00e8s sous-estim\u00e9es par les scientifiques<\/a>&nbsp;en raison du manque de d\u00e9pistages massifs dans ce gigantesque pays.<\/p>\n\n\n\n<h2 class=\"wp-block-heading\">Un plateau qui peine \u00e0 arriver<\/h2>\n\n\n\n<p>Surtout, depuis le d\u00e9but de juin, le Br\u00e9sil a enregistr\u00e9 le plus de nouvelles contaminations (518 000) et de d\u00e9c\u00e8s (19 000) qu&rsquo;aucun autre pays au monde.<\/p>\n\n\n\n<p>Le minist\u00e8re a expliqu\u00e9 la forte pouss\u00e9e de vendredi \u00ab en partie par une instabilit\u00e9 dans le mode d&rsquo;extraction des donn\u00e9es d&rsquo;Etats comme Bahia, Rio de Janeiro et Sao Paulo \u00bb. Des donn\u00e9es concernant plusieurs jours auraient ainsi \u00e9t\u00e9 comptabilis\u00e9es au titre d&rsquo;une seule journ\u00e9e.<\/p>\n\n\n\n<p>Avec 12 232 morts, l&rsquo;Etat de Sao Paulo, capitale \u00e9conomique du Br\u00e9sil et aussi peupl\u00e9 que l&rsquo;Espagne avec 46 millions d&rsquo;habitants, reste de loin le premier foyer de coronavirus, devant celui de Rio de Janeiro (8595 d\u00e9c\u00e8s).<\/p>\n\n\n\n<h2 class=\"wp-block-heading\">Impact du d\u00e9confinement<\/h2>\n\n\n\n<p>Toutefois, en d\u00e9pit du cap symbolique du million de cas, les experts estiment prudemment que la pand\u00e9mie semble atteindre enfin un plateau, m\u00eame si cela cache de fortes disparit\u00e9s r\u00e9gionales. Interrog\u00e9 sur l&rsquo;\u00e9volution de la pand\u00e9mie, l&rsquo;ancien ministre de la Sant\u00e9 Luiz Henrique Mandetta avait estim\u00e9 jeudi que \u00ab le pire est pass\u00e9 dans les villes du Nord et du Nord-est et que Sao Paulo s&rsquo;oriente vers une baisse dans les prochaines semaines, comme Rio \u00bb. <\/p>\n\n\n\n<p>Mais, a-t-il averti, il faudra observer l&rsquo;impact du d\u00e9confinement. C&rsquo;est ce qui inqui\u00e8te les \u00e9pid\u00e9miologistes, comme l&rsquo;Organisation mondiale de la Sant\u00e9 (OMS), alors que de nombreux Etats br\u00e9siliens, dont les plus touch\u00e9s, ont entam\u00e9 un d\u00e9confinement.<\/p>\n\n\n\n<h2 class=\"wp-block-heading\">L&rsquo;\u00e9pid\u00e9mie pass\u00e9e \u00ab \u00e0 la fin ao\u00fbt ou en septembre \u00bb<\/h2>\n\n\n\n<p>Certains, comme celui de Sao Paulo, ont autoris\u00e9 la r\u00e9ouverture des commerces \u00ab non-essentiels \u00bb, apr\u00e8s pr\u00e8s de trois mois de paralysie. \u00c0 Rio, le championnat de football a repris jeudi. \u00ab Dans d&rsquo;autres villes du Sud-est, il me semble (que la pand\u00e9mie est) encore en progression. Dans le Sud (le reflux) n&rsquo;a pas encore commenc\u00e9 \u00bb, a ajout\u00e9 Luiz Henrique Mandetta. \u00ab En consid\u00e9rant le Br\u00e9sil dans son ensemble, l&rsquo;\u00e9pid\u00e9mie (devrait \u00eatre pass\u00e9e) \u00e0 la fin ao\u00fbt ou en septembre \u00bb, a-t-il pr\u00e9dit.<\/p>\n\n\n\n<h2 class=\"wp-block-heading\">Valse des ministres<\/h2>\n\n\n\n<p>Pays sans strat\u00e9gie sanitaire face au coronavirus, le Br\u00e9sil est gouvern\u00e9 par un pr\u00e9sident Jair Bolsonaro qui a minimis\u00e9 la crise et appel\u00e9 la population \u00e0 ne pas rester confin\u00e9e, au nom de la pr\u00e9servation des emplois.<\/p>\n\n\n\n<p>Tandis que les Etats prenaient des mesures en ordre dispers\u00e9, le minist\u00e8re de la Sant\u00e9 a connu&nbsp;<a href=\"https:\/\/www.leparisien.fr\/international\/bresil-le-ministre-de-la-sante-limoge-en-pleine-crise-du-coronavirus-16-04-2020-8301030.php\" target=\"_blank\" rel=\"noreferrer noopener\">une valse de ses titulaires<\/a>&nbsp;depuis l&rsquo;apparition de la pand\u00e9mie. Le g\u00e9n\u00e9ral Eduardo Pazuello est le troisi\u00e8me ministre de la Sant\u00e9 depuis avril. Il a nomm\u00e9 une vingtaine de militaires au sein du minist\u00e8re et a g\u00e9n\u00e9ralis\u00e9 l&rsquo;hydroxychloroquine, tr\u00e8s contest\u00e9e, \u00e0 l&rsquo;insistance du pr\u00e9sident Bolsonaro.<\/p>\n\n\n\n<p><\/p>\n\n\n\n<p><\/p>\n\n\n\n<p><\/p>\n\n\n\n<p><\/p>\n","protected":false},"excerpt":{"rendered":"<p>Le g\u00e9ant sud-am\u00e9ricain peine encore \u00e0 endiguer l\u2019\u00e9pid\u00e9mie, m\u00eame si le gouvernement entraper\u00e7oit des motifs d\u2019optimisme. Le Br\u00e9sil a d\u00e9pass\u00e9 vendredi le cap du million de cas de contaminations confirm\u00e9es de&nbsp;coronavirus.&nbsp;Une annonce faite par le gouvernement apr\u00e8s un record de nouveaux cas quotidiens. Officiellement, le plus grand pays d&rsquo;Am\u00e9rique latine (210 millions d&rsquo;habitants) recense ainsi [&hellip;]<\/p>\n","protected":false},"author":2,"featured_media":15975,"comment_status":"open","ping_status":"open","sticky":false,"template":"","format":"standard","meta":{"_jetpack_memberships_contains_paid_content":false,"footnotes":"","jetpack_publicize_message":"","jetpack_publicize_feature_enabled":true,"jetpack_social_post_already_shared":true,"jetpack_social_options":{"image_generator_settings":{"template":"highway","default_image_id":0,"font":"","enabled":false},"version":2},"_wpas_customize_per_network":false},"categories":[405],"tags":[],"class_list":["post-15974","post","type-post","status-publish","format-standard","has-post-thumbnail","hentry","category-actu-france-monde"],"jetpack_publicize_connections":[],"jetpack_featured_media_url":"https:\/\/i0.wp.com\/www.iceagetv.com\/radiosite\/wp-content\/uploads\/2020\/06\/le-Br%C3%A9sil-franchit-le-cap-du-million-de-contaminations-av%C3%A9r%C3%A9es.jpg?fit=932%2C582&ssl=1","jetpack_sharing_enabled":true,"_links":{"self":[{"href":"https:\/\/www.iceagetv.com\/radiosite\/wp-json\/wp\/v2\/posts\/15974","targetHints":{"allow":["GET"]}}],"collection":[{"href":"https:\/\/www.iceagetv.com\/radiosite\/wp-json\/wp\/v2\/posts"}],"about":[{"href":"https:\/\/www.iceagetv.com\/radiosite\/wp-json\/wp\/v2\/types\/post"}],"author":[{"embeddable":true,"href":"https:\/\/www.iceagetv.com\/radiosite\/wp-json\/wp\/v2\/users\/2"}],"replies":[{"embeddable":true,"href":"https:\/\/www.iceagetv.com\/radiosite\/wp-json\/wp\/v2\/comments?post=15974"}],"version-history":[{"count":1,"href":"https:\/\/www.iceagetv.com\/radiosite\/wp-json\/wp\/v2\/posts\/15974\/revisions"}],"predecessor-version":[{"id":15976,"href":"https:\/\/www.iceagetv.com\/radiosite\/wp-json\/wp\/v2\/posts\/15974\/revisions\/15976"}],"wp:featuredmedia":[{"embeddable":true,"href":"https:\/\/www.iceagetv.com\/radiosite\/wp-json\/wp\/v2\/media\/15975"}],"wp:attachment":[{"href":"https:\/\/www.iceagetv.com\/radiosite\/wp-json\/wp\/v2\/media?parent=15974"}],"wp:term":[{"taxonomy":"category","embeddable":true,"href":"https:\/\/www.iceagetv.com\/radiosite\/wp-json\/wp\/v2\/categories?post=15974"},{"taxonomy":"post_tag","embeddable":true,"href":"https:\/\/www.iceagetv.com\/radiosite\/wp-json\/wp\/v2\/tags?post=15974"}],"curies":[{"name":"wp","href":"https:\/\/api.w.org\/{rel}","templated":true}]}}