{"id":15993,"date":"2020-06-22T15:14:43","date_gmt":"2020-06-22T15:14:43","guid":{"rendered":"http:\/\/www.iceagetv.com\/radiosite\/?p=15993"},"modified":"2020-06-22T15:14:43","modified_gmt":"2020-06-22T15:14:43","slug":"apres-4-mois-de-fermeture-disneyland-paris-va-rouvrir-progressivement-ses-portes-au-public-a-partir-du-15-juillet-prochain","status":"publish","type":"post","link":"https:\/\/www.iceagetv.com\/radiosite\/apres-4-mois-de-fermeture-disneyland-paris-va-rouvrir-progressivement-ses-portes-au-public-a-partir-du-15-juillet-prochain\/","title":{"rendered":"Apr\u00e8s 4 mois de fermeture, Disneyland Paris va rouvrir progressivement ses portes au public \u00e0 partir du 15 juillet prochain"},"content":{"rendered":"\n<p>pr\u00e8s quatre mois de fermeture, Disneyland Paris rouvrira progressivement au public \u00e0 partir du 15 juillet, avec une capacit\u00e9 d\u2019accueil r\u00e9duite et le port du masque obligatoire pour les visiteurs d\u00e8s 11 ans, a annonc\u00e9 lundi \u00e0 l\u2019AFP la premi\u00e8re destination touristique priv\u00e9e en Europe.<\/p>\n\n\n\n<p>Le site &#8211; qui ne communique plus son nombre de visiteurs depuis 2015, ann\u00e9e o\u00f9 il avait accueilli 14,8 millions de personnes &#8211; est implant\u00e9 \u00e0 Marne-la-Vall\u00e9e en Ile-de-France, r\u00e9gion rest\u00e9e class\u00e9e en \u201czone orange\u201d jusqu\u2019au 15 juin dernier en raison de la pand\u00e9mie.<\/p>\n\n\n\n<p>Lundi, la filiale fran\u00e7aise de The Walt Disney Company a annonc\u00e9 \u00e0 l\u2019AFP que ses deux parcs \u00e0 th\u00e8mes &#8211; le Parc Disneyland et le Parc Walt Disney Studios &#8211; ferm\u00e9s depuis le 14 mars, rouvriront \u00ab&nbsp;progressivement&nbsp;\u00bb \u00e0 partir du 15 juillet \u00ab&nbsp;avec une capacit\u00e9 d\u2019accueil limit\u00e9e&nbsp;\u00bb, sans pr\u00e9ciser la jauge choisie. La r\u00e9servation du billet ou du s\u00e9jour sera obligatoire et se fera uniquement en ligne.<\/p>\n\n\n\n<p>Les salari\u00e9s comme les visiteurs, d\u00e8s l\u2019\u00e2ge de 11 ans, devront porter un masque sur l\u2019ensemble du site, o\u00f9 \u00ab&nbsp;les mesures d\u2019hygi\u00e8ne et de s\u00e9curit\u00e9 ont \u00e9t\u00e9 renforc\u00e9es&nbsp;\u00bb, pr\u00e9cise le communiqu\u00e9. Pour tenir compte des normes sanitaires en vigueur, de distanciation physique notamment, un certain nombre d\u00ab&nbsp;\u2019exp\u00e9riences, spectacles ou \u00e9v\u00e9nements seront indisponibles, ou pourront \u00eatre modifi\u00e9s lors de la r\u00e9ouverture en fonction de l\u2019\u00e9volution des mesures de s\u00e9curit\u00e9 et sanitaires et des recommandations des pouvoirs publics&nbsp;\u00bb, pr\u00e9cise Disneyland Paris.<\/p>\n\n\n\n<p>Entre autres, la c\u00e9l\u00e8bre parade ou le spectacle nocturne \u00ab&nbsp;Disney Illuminations&nbsp;\u00bb ne pourront se tenir et \u00ab&nbsp;seront de retour \u00e0 une date ult\u00e9rieure&nbsp;\u00bb.<\/p>\n","protected":false},"excerpt":{"rendered":"<p>pr\u00e8s quatre mois de fermeture, Disneyland Paris rouvrira progressivement au public \u00e0 partir du 15 juillet, avec une capacit\u00e9 d\u2019accueil r\u00e9duite et le port du masque obligatoire pour les visiteurs d\u00e8s 11 ans, a annonc\u00e9 lundi \u00e0 l\u2019AFP la premi\u00e8re destination touristique priv\u00e9e en Europe. Le site &#8211; qui ne communique plus son nombre de [&hellip;]<\/p>\n","protected":false},"author":2,"featured_media":15994,"comment_status":"open","ping_status":"open","sticky":false,"template":"","format":"standard","meta":{"_jetpack_memberships_contains_paid_content":false,"footnotes":"","jetpack_publicize_message":"","jetpack_publicize_feature_enabled":true,"jetpack_social_post_already_shared":true,"jetpack_social_options":{"image_generator_settings":{"template":"highway","default_image_id":0,"font":"","enabled":false},"version":2},"_wpas_customize_per_network":false},"categories":[405],"tags":[],"class_list":["post-15993","post","type-post","status-publish","format-standard","has-post-thumbnail","hentry","category-actu-france-monde"],"jetpack_publicize_connections":[],"jetpack_featured_media_url":"https:\/\/i0.wp.com\/www.iceagetv.com\/radiosite\/wp-content\/uploads\/2020\/06\/Disneyland-Paris-va-rouvrir.png?fit=624%2C266&ssl=1","jetpack_sharing_enabled":true,"_links":{"self":[{"href":"https:\/\/www.iceagetv.com\/radiosite\/wp-json\/wp\/v2\/posts\/15993","targetHints":{"allow":["GET"]}}],"collection":[{"href":"https:\/\/www.iceagetv.com\/radiosite\/wp-json\/wp\/v2\/posts"}],"about":[{"href":"https:\/\/www.iceagetv.com\/radiosite\/wp-json\/wp\/v2\/types\/post"}],"author":[{"embeddable":true,"href":"https:\/\/www.iceagetv.com\/radiosite\/wp-json\/wp\/v2\/users\/2"}],"replies":[{"embeddable":true,"href":"https:\/\/www.iceagetv.com\/radiosite\/wp-json\/wp\/v2\/comments?post=15993"}],"version-history":[{"count":1,"href":"https:\/\/www.iceagetv.com\/radiosite\/wp-json\/wp\/v2\/posts\/15993\/revisions"}],"predecessor-version":[{"id":15995,"href":"https:\/\/www.iceagetv.com\/radiosite\/wp-json\/wp\/v2\/posts\/15993\/revisions\/15995"}],"wp:featuredmedia":[{"embeddable":true,"href":"https:\/\/www.iceagetv.com\/radiosite\/wp-json\/wp\/v2\/media\/15994"}],"wp:attachment":[{"href":"https:\/\/www.iceagetv.com\/radiosite\/wp-json\/wp\/v2\/media?parent=15993"}],"wp:term":[{"taxonomy":"category","embeddable":true,"href":"https:\/\/www.iceagetv.com\/radiosite\/wp-json\/wp\/v2\/categories?post=15993"},{"taxonomy":"post_tag","embeddable":true,"href":"https:\/\/www.iceagetv.com\/radiosite\/wp-json\/wp\/v2\/tags?post=15993"}],"curies":[{"name":"wp","href":"https:\/\/api.w.org\/{rel}","templated":true}]}}