{"id":16009,"date":"2020-06-24T11:30:42","date_gmt":"2020-06-24T11:30:42","guid":{"rendered":"http:\/\/www.iceagetv.com\/radiosite\/?p=16009"},"modified":"2020-06-24T11:30:42","modified_gmt":"2020-06-24T11:30:42","slug":"bernard-poirette-qui-presente-la-matinale-week-end-deurope-1-rejoint-radio-classique-des-le-13-juillet-le-journaliste-animera-la-matinale-cet-ete","status":"publish","type":"post","link":"https:\/\/www.iceagetv.com\/radiosite\/bernard-poirette-qui-presente-la-matinale-week-end-deurope-1-rejoint-radio-classique-des-le-13-juillet-le-journaliste-animera-la-matinale-cet-ete\/","title":{"rendered":"Bernard Poirette, qui pr\u00e9sente la matinale week-end d\u2019Europe 1, rejoint Radio Classique d\u00e8s le 13 juillet &#8211; Le journaliste animera la matinale cet \u00e9t\u00e9"},"content":{"rendered":"\n<p>Alors qu&rsquo;il pr\u00e9sentera sa derni\u00e8re matinale week-end sur Europe 1 le dimanche 5 juillet, Bernard Poirette rejoint Radio Classique d\u00e8s cet \u00e9t\u00e9. Dans un communiqu\u00e9, la station indique que le journaliste va animer la nouvelle matinale d&rsquo;\u00e9t\u00e9, du 13 juillet au 28 ao\u00fbt, entre 8h et 9h du lundi au vendredi.&nbsp;<\/p>\n\n\n\n<p>D\u00e8s le 4 septembre prochain, Bernard Poirette animera, de 7 heures 30 \u00e0 9 heures, les matinales info du vendredi sur Radio Classique. Il remplacera \u00e9galement Guillaume Durand pendant ses cong\u00e9s.<\/p>\n\n\n\n<p>\u00ab\u00a0Radio Classique, c&rsquo;est \u2013 en plus de la musique \u2013 la mise en ondes de la culture et des id\u00e9es, avec la rigueur journalistique indispensable&#8230; Tout ce que j&rsquo;aime. Et donc ravi de relever le d\u00e9fi !\u00a0\u00bb, a d\u00e9clar\u00e9 le journaliste.<\/p>\n\n\n\n<p>Arriv\u00e9 en septembre 2018 sur Europe 1, apr\u00e8s avoir \u00e9t\u00e9 \u00e9vinc\u00e9 de la matinale week-end de RTL, Bernard Poirette a annonc\u00e9 fin mai que la direction d&rsquo;Europe 1 n&rsquo;avait pas \u00ab\u00a0les moyens de [le] garder, au vu de l&rsquo;\u00e9tat financier du groupe Lagard\u00e8re\u00a0\u00bb.<\/p>\n","protected":false},"excerpt":{"rendered":"<p>Alors qu&rsquo;il pr\u00e9sentera sa derni\u00e8re matinale week-end sur Europe 1 le dimanche 5 juillet, Bernard Poirette rejoint Radio Classique d\u00e8s cet \u00e9t\u00e9. Dans un communiqu\u00e9, la station indique que le journaliste va animer la nouvelle matinale d&rsquo;\u00e9t\u00e9, du 13 juillet au 28 ao\u00fbt, entre 8h et 9h du lundi au vendredi.&nbsp; D\u00e8s le 4 septembre [&hellip;]<\/p>\n","protected":false},"author":2,"featured_media":16010,"comment_status":"open","ping_status":"open","sticky":false,"template":"","format":"standard","meta":{"_jetpack_memberships_contains_paid_content":false,"footnotes":"","jetpack_publicize_message":"","jetpack_publicize_feature_enabled":true,"jetpack_social_post_already_shared":true,"jetpack_social_options":{"image_generator_settings":{"template":"highway","default_image_id":0,"font":"","enabled":false},"version":2},"_wpas_customize_per_network":false},"categories":[68],"tags":[],"class_list":["post-16009","post","type-post","status-publish","format-standard","has-post-thumbnail","hentry","category-actu-culturelle"],"jetpack_publicize_connections":[],"jetpack_featured_media_url":"https:\/\/i0.wp.com\/www.iceagetv.com\/radiosite\/wp-content\/uploads\/2020\/06\/Bernard-Poirette.png?fit=323%2C150&ssl=1","jetpack_sharing_enabled":true,"_links":{"self":[{"href":"https:\/\/www.iceagetv.com\/radiosite\/wp-json\/wp\/v2\/posts\/16009","targetHints":{"allow":["GET"]}}],"collection":[{"href":"https:\/\/www.iceagetv.com\/radiosite\/wp-json\/wp\/v2\/posts"}],"about":[{"href":"https:\/\/www.iceagetv.com\/radiosite\/wp-json\/wp\/v2\/types\/post"}],"author":[{"embeddable":true,"href":"https:\/\/www.iceagetv.com\/radiosite\/wp-json\/wp\/v2\/users\/2"}],"replies":[{"embeddable":true,"href":"https:\/\/www.iceagetv.com\/radiosite\/wp-json\/wp\/v2\/comments?post=16009"}],"version-history":[{"count":1,"href":"https:\/\/www.iceagetv.com\/radiosite\/wp-json\/wp\/v2\/posts\/16009\/revisions"}],"predecessor-version":[{"id":16011,"href":"https:\/\/www.iceagetv.com\/radiosite\/wp-json\/wp\/v2\/posts\/16009\/revisions\/16011"}],"wp:featuredmedia":[{"embeddable":true,"href":"https:\/\/www.iceagetv.com\/radiosite\/wp-json\/wp\/v2\/media\/16010"}],"wp:attachment":[{"href":"https:\/\/www.iceagetv.com\/radiosite\/wp-json\/wp\/v2\/media?parent=16009"}],"wp:term":[{"taxonomy":"category","embeddable":true,"href":"https:\/\/www.iceagetv.com\/radiosite\/wp-json\/wp\/v2\/categories?post=16009"},{"taxonomy":"post_tag","embeddable":true,"href":"https:\/\/www.iceagetv.com\/radiosite\/wp-json\/wp\/v2\/tags?post=16009"}],"curies":[{"name":"wp","href":"https:\/\/api.w.org\/{rel}","templated":true}]}}