{"id":16012,"date":"2020-06-24T11:32:46","date_gmt":"2020-06-24T11:32:46","guid":{"rendered":"http:\/\/www.iceagetv.com\/radiosite\/?p=16012"},"modified":"2020-06-24T11:32:46","modified_gmt":"2020-06-24T11:32:46","slug":"paris-une-deuxieme-ecole-elementaire-fermee-ce-matin-apres-un-cas-positif-de-covid-19-dans-letablissement","status":"publish","type":"post","link":"https:\/\/www.iceagetv.com\/radiosite\/paris-une-deuxieme-ecole-elementaire-fermee-ce-matin-apres-un-cas-positif-de-covid-19-dans-letablissement\/","title":{"rendered":"Paris: Une deuxi\u00e8me \u00e9cole \u00e9l\u00e9mentaire ferm\u00e9e ce matin apr\u00e8s un cas positif de Covid-19 dans l&rsquo;\u00e9tablissement"},"content":{"rendered":"\n<p>Deux \u00e9coles \u00e9l\u00e9mentaires parisiennes sont ferm\u00e9es depuis mardi et mercredi par mesure de prudence suite \u00e0 la confirmation de cas positifs de Covid-19, mais il ne s&rsquo;agit \u00ab\u00a0pas de cluster\u00a0\u00bb selon l&rsquo;ARS (Agence r\u00e9gionale de sant\u00e9).<\/p>\n\n\n\n<p><strong>Depuis mardi matin et jusqu&rsquo;au vendredi&nbsp;26&nbsp;juin inclus, l&rsquo;\u00e9cole \u00e9l\u00e9mentaire Lamorici\u00e8re situ\u00e9e dans le XIIe arrondissement de&nbsp;Paris&nbsp;et totalisant&nbsp;180&nbsp;\u00e9l\u00e8ves est ferm\u00e9e \u00ab\u00a0par mesure de prudence et de vigilance\u00a0\u00bb, suite \u00e0 la confirmation de \u00ab\u00a0trois cas positifs de Covid-19\u00a0\u00bb, explique l&rsquo;ARS \u00e0 l&rsquo;AFP, sans donner de d\u00e9tail sur les personnes concern\u00e9es.<\/strong><\/p>\n\n\n\n<p>Selon l&rsquo;ARS, \u00ab\u00a0\u00e9tant donn\u00e9 que ces trois cas ont \u00e9t\u00e9 r\u00e9partis dans le temps entre d\u00e9but juin et lundi, il ne s&rsquo;agit pas de cluster\u00a0\u00bb. L&rsquo;ARS est en attente \u00ab\u00a0d&rsquo;investigations de veille sanitaire et verra ensuite les mesures \u00e0 prendre\u00a0\u00bb, sur une \u00e9ventuelle prolongation de cette fermeture ou pas.<\/p>\n\n\n\n<p>Si cette \u00e9cole \u00e9l\u00e9mentaire a \u00e9t\u00e9 contrainte \u00e0 fermer ses portes, la maternelle qui y est rattach\u00e9e reste elle ouverte. \u00ab\u00a0Il s&rsquo;agit de deux structures diff\u00e9rentes, les deux \u00e9coles n&rsquo;ont pas de cours en commun, il n&rsquo;y a donc aucun risque\u00a0\u00bb, assure l&rsquo;ARS.<\/p>\n\n\n\n<p><strong>Une deuxi\u00e8me \u00e9cole parisienne, l&rsquo;\u00e9cole \u00e9l\u00e9mentaire du Renard, situ\u00e9e dans le IVe arrondissement de la ville, qui compte environ&nbsp;200&nbsp;\u00e9l\u00e8ves, est, elle, ferm\u00e9e depuis mercredi matin \u00ab\u00a0suite \u00e0 la confirmation d&rsquo;un cas positif\u00a0\u00bb, pr\u00e9cise l&rsquo;ARS. \u00ab\u00a0Il ne s&rsquo;agit pas non plus d&rsquo;un cluster\u00a0\u00bb, a-t-elle souhait\u00e9 souligner.<\/strong><\/p>\n\n\n\n<p>Dans cette \u00e9cole du centre de Paris, \u00ab\u00a0il n&rsquo;y a qu&rsquo;un seul cas mais qui a \u00e9t\u00e9 en contact avec de nombreux \u00e9l\u00e8ves et enseignants donc nous avons pris la d\u00e9cision de fermer l&rsquo;\u00e9tablissement, jusqu&rsquo;au&nbsp;7&nbsp;juillet\u00a0\u00bb. Interrog\u00e9e, l&rsquo;ARS a affirm\u00e9 qu&rsquo;il n&rsquo;y a pas d&rsquo;autres \u00e9coles ferm\u00e9es en Ile-de-France en raison de d\u00e9tection de Covid-19.<\/p>\n","protected":false},"excerpt":{"rendered":"<p>Deux \u00e9coles \u00e9l\u00e9mentaires parisiennes sont ferm\u00e9es depuis mardi et mercredi par mesure de prudence suite \u00e0 la confirmation de cas positifs de Covid-19, mais il ne s&rsquo;agit \u00ab\u00a0pas de cluster\u00a0\u00bb selon l&rsquo;ARS (Agence r\u00e9gionale de sant\u00e9). Depuis mardi matin et jusqu&rsquo;au vendredi&nbsp;26&nbsp;juin inclus, l&rsquo;\u00e9cole \u00e9l\u00e9mentaire Lamorici\u00e8re situ\u00e9e dans le XIIe arrondissement de&nbsp;Paris&nbsp;et totalisant&nbsp;180&nbsp;\u00e9l\u00e8ves est ferm\u00e9e [&hellip;]<\/p>\n","protected":false},"author":2,"featured_media":16013,"comment_status":"open","ping_status":"open","sticky":false,"template":"","format":"standard","meta":{"_jetpack_memberships_contains_paid_content":false,"footnotes":"","jetpack_publicize_message":"","jetpack_publicize_feature_enabled":true,"jetpack_social_post_already_shared":true,"jetpack_social_options":{"image_generator_settings":{"template":"highway","default_image_id":0,"font":"","enabled":false},"version":2},"_wpas_customize_per_network":false},"categories":[405],"tags":[],"class_list":["post-16012","post","type-post","status-publish","format-standard","has-post-thumbnail","hentry","category-actu-france-monde"],"jetpack_publicize_connections":[],"jetpack_featured_media_url":"https:\/\/i0.wp.com\/www.iceagetv.com\/radiosite\/wp-content\/uploads\/2020\/06\/Une-deuxi%C3%A8me-%C3%A9cole-%C3%A9l%C3%A9mentaire-ferm%C3%A9e-ce-matin.png?fit=885%2C374&ssl=1","jetpack_sharing_enabled":true,"_links":{"self":[{"href":"https:\/\/www.iceagetv.com\/radiosite\/wp-json\/wp\/v2\/posts\/16012","targetHints":{"allow":["GET"]}}],"collection":[{"href":"https:\/\/www.iceagetv.com\/radiosite\/wp-json\/wp\/v2\/posts"}],"about":[{"href":"https:\/\/www.iceagetv.com\/radiosite\/wp-json\/wp\/v2\/types\/post"}],"author":[{"embeddable":true,"href":"https:\/\/www.iceagetv.com\/radiosite\/wp-json\/wp\/v2\/users\/2"}],"replies":[{"embeddable":true,"href":"https:\/\/www.iceagetv.com\/radiosite\/wp-json\/wp\/v2\/comments?post=16012"}],"version-history":[{"count":1,"href":"https:\/\/www.iceagetv.com\/radiosite\/wp-json\/wp\/v2\/posts\/16012\/revisions"}],"predecessor-version":[{"id":16014,"href":"https:\/\/www.iceagetv.com\/radiosite\/wp-json\/wp\/v2\/posts\/16012\/revisions\/16014"}],"wp:featuredmedia":[{"embeddable":true,"href":"https:\/\/www.iceagetv.com\/radiosite\/wp-json\/wp\/v2\/media\/16013"}],"wp:attachment":[{"href":"https:\/\/www.iceagetv.com\/radiosite\/wp-json\/wp\/v2\/media?parent=16012"}],"wp:term":[{"taxonomy":"category","embeddable":true,"href":"https:\/\/www.iceagetv.com\/radiosite\/wp-json\/wp\/v2\/categories?post=16012"},{"taxonomy":"post_tag","embeddable":true,"href":"https:\/\/www.iceagetv.com\/radiosite\/wp-json\/wp\/v2\/tags?post=16012"}],"curies":[{"name":"wp","href":"https:\/\/api.w.org\/{rel}","templated":true}]}}