{"id":16015,"date":"2020-06-25T08:45:13","date_gmt":"2020-06-25T08:45:13","guid":{"rendered":"http:\/\/www.iceagetv.com\/radiosite\/?p=16015"},"modified":"2020-06-25T08:45:13","modified_gmt":"2020-06-25T08:45:13","slug":"didier-raoult-face-aux-deputes-je-suis-desole-que-vous-naimiez-pas-mon-essai-moi-je-laime-beaucoup","status":"publish","type":"post","link":"https:\/\/www.iceagetv.com\/radiosite\/didier-raoult-face-aux-deputes-je-suis-desole-que-vous-naimiez-pas-mon-essai-moi-je-laime-beaucoup\/","title":{"rendered":"Didier Raoult face aux d\u00e9put\u00e9s : \u00abJe suis d\u00e9sol\u00e9 que vous n\u2019aimiez pas mon essai, moi je l\u2019aime beaucoup\u00bb"},"content":{"rendered":"\n<p>Le patron de l\u2019Institut hospitalo-universitaire de Marseille, figure polarisante et controvers\u00e9e, a \u00e9t\u00e9 auditionn\u00e9 mercredi par la commission d\u2019enqu\u00eate sur le Covid-19 de l\u2019Assembl\u00e9e nationale. Est-ce le s\u00e9rieux et la solennit\u00e9 d\u2019une audition sous serment qui l\u2019a r\u00e9v\u00e9l\u00e9 sous un nouveau jour\u00a0? Mercredi 24 juin, Didier Raoult a \u00e9t\u00e9 entendu trois heures par la commission d\u2019enqu\u00eate de l\u2019Assembl\u00e9e nationale sur le Covid-19. Le directeur de l\u2019Institut hospitalo-universitaire M\u00e9diterran\u00e9e Infection de Marseille,\u00a0<a href=\"https:\/\/www.liberation.fr\/france\/2020\/03\/24\/antiviral-antirivaux_1782929\">infectiologue de renom<\/a>, principal promoteur de l\u2019hydroxychloroquine en France, n\u2019\u00e9tait jamais apparu en public aussi sage et r\u00e9fl\u00e9chi depuis le d\u00e9but de la crise. Lui, le professeur vedette qui s\u2019est tant de fois montr\u00e9 d\u00e9sinvolte, pr\u00e9somptueux et m\u00e9prisant, s\u2019est pr\u00e9sent\u00e9 devant les d\u00e9put\u00e9s costard sur le dos, le ton courtois et relativement pond\u00e9r\u00e9. Forc\u00e9ment plus audible. <\/p>\n\n\n\n<p>A quelques digressions d\u2019ego trip pr\u00e8s, l\u2019homme a expliqu\u00e9, d\u00e9velopp\u00e9, justifi\u00e9, critiqu\u00e9, dans une ambiance studieuse et non inflammable. Mais un seul instant a suffi pour \u00e9lectriser les d\u00e9bats. C\u2019\u00e9tait lors du tout dernier \u00e9change de la soir\u00e9e et sans surprise, il \u00e9tait question d\u2019hydroxychloroquine. \u00ab<em>Pourquoi n\u2019avez-vous pas fait des essais cliniques dignes de ce nom d\u00e8s le d\u00e9part qui auraient pu d\u00e9finitivement r\u00e9pondre si oui ou non l\u2019hydroxychloroquine a un effet&nbsp;?<\/em>\u00bb a interrog\u00e9 le d\u00e9put\u00e9 Philippe Berta (lui-m\u00eame m\u00e9decin). Plusieurs fois cuisin\u00e9 sur ce point durant l\u2019audition, Didier Raoult avait jusqu\u2019alors tenu bon par l\u2019esquive et le trait d\u2019humour. Mais l\u00e0, il est devenu col\u00e9rique, tapant m\u00eame du poing sur la table. \u00ab<em>Je suis d\u00e9sol\u00e9 que vous n\u2019aimiez pas mon essai, moi je l\u2019aime beaucoup<\/em>\u00bb, a-t-il l\u00e2ch\u00e9, assumant de nouveau son choix de n\u2019avoir pas mis en place un protocole classique d\u2019essai clinique randomis\u00e9 (par tirage au sort, en comparant des groupes de patients aux caract\u00e9ristiques \u00e9quivalentes).<\/p>\n\n\n\n<p>Et condamnant au passage les \u00e9tudes de tr\u00e8s grande ampleur&nbsp;<a href=\"https:\/\/www.liberation.fr\/france\/2020\/06\/05\/essai-recovery-la-chloroquine-ca-ne-marche-pas_1790491\">comme Recovery<\/a>&nbsp;et consorts :&nbsp;<em>\u00abMoins il y a de gens quand c\u2019est significatif, et plus c\u2019est significatif. Tout essai qui comporte plus de 10&nbsp;000&nbsp;personnes est un essai qui cherche \u00e0 d\u00e9montrer des choses qui n\u2019existent pas.\u00bb<\/em>&nbsp;Puis le rideau s\u2019est referm\u00e9 sur cette conclusion p\u00e9remptoire&nbsp;:&nbsp;<em>\u00abJe suis un grand scientifique, je sais ce qui est un essai et je peux vous dire qu\u2019il y a une dizaine de traitements que j\u2019ai invent\u00e9s qui sont dans tous les livres m\u00e9dicaux&nbsp;de r\u00e9f\u00e9rence. Et celui-l\u00e0 le sera aussi, je vous le dis, nous verrons.\u00bb<\/em><\/p>\n\n\n\n<h3 class=\"wp-block-heading\">Des \u00abblaireaux dans leur terrier\u00bb<\/h3>\n\n\n\n<p>Avant cette ultime minute, Didier Raoult\u00a0<em>\u00abl\u2019antisyst\u00e8me\u00bb<\/em>\u00a0apparaissait comme une force tranquille. M\u00eame lorsqu\u2019il a r\u00e9it\u00e9r\u00e9 ses propos sur ses d\u00e9tracteurs, qui selon lui, sont financi\u00e8rement li\u00e9s au laboratoire Gilead (fabricant du\u00a0<a href=\"https:\/\/www.liberation.fr\/direct\/element\/a-son-tour-le-japon-approuve-le-medicament-remdesivir-contre-le-covid-19_113291\/\">remdesivir<\/a>, un autre m\u00e9dicament test\u00e9 contre la maladie). L\u2019homme n\u2019a pas non plus hauss\u00e9 la voix quand il a \u00e9t\u00e9 questionn\u00e9 sur les d\u00e9crets gouvernementaux qui limitent fortement la prescription de sa mol\u00e9cule (en m\u00e9decine de ville mais aussi \u00e0 l\u2019h\u00f4pital).\u00a0<em>\u00abJe suis surpris que l\u2019ordre des m\u00e9decins ait accept\u00e9 une chose pareille,<\/em>\u00a0a-t-il exprim\u00e9.\u00a0<em>C\u2019est la responsabilit\u00e9 des m\u00e9decins de faire pour le mieux, pour leur malade, en leur \u00e2me et conscience, compte tenu de leur \u00e9tat de connaissance.\u00bb<\/em><\/p>\n\n\n\n<p>Question sant\u00e9 publique, le professeur a estim\u00e9 \u00eatre incomp\u00e9tent pour juger certains points.&nbsp;<em>\u00abLa d\u00e9cision du confinement, comme la d\u00e9cision des masques dans la rue, ne reposent pas sur des donn\u00e9es scientifiques \u00e9tablies, claires et d\u00e9montrables,<\/em>&nbsp;a-t-il justifi\u00e9.&nbsp;<em>Le confinement \u00e0 la maison, je l\u2019ai dit deux fois au Pr\u00e9sident, c\u2019est un domaine politique qui m\u2019\u00e9chappe. Parce que c\u2019est celui de la gestion de la population, de la crainte de la population, sur laquelle je me suis interdit d\u2019avoir une opinion.<\/em>\u00bb En revanche, sur la faiblesse du nombre tests, l\u2019infectiologue s\u2019est montr\u00e9 plut\u00f4t bavard.&nbsp;<em>\u00abJe ne suis pas d\u2019accord avec la d\u00e9cision qui a \u00e9t\u00e9 prise de ne pas les g\u00e9n\u00e9raliser. L\u2019id\u00e9e qu\u2019on ne pouvait pas faire les tests n\u2019\u00e9tait pas vraie\u00bb,<\/em>&nbsp;a jug\u00e9 le m\u00e9decin. Selon ses dires, le couac se situe au niveau de l\u2019organisation&nbsp;<em>\u00abtotalement archa\u00efque\u00bb<\/em>&nbsp;et centralis\u00e9e vers les centres nationaux de r\u00e9f\u00e9rence (CNR) trop peu partageurs de leurs pr\u00e9rogatives (et de leurs machines). Des&nbsp;<em>\u00abblaireaux dans leur terrier qui mordent si on s\u2019en approche\u00bb,<\/em>&nbsp;a-t-il houspill\u00e9.<\/p>\n\n\n\n<h3 class=\"wp-block-heading\">Incompatibilit\u00e9<\/h3>\n\n\n\n<p>Interpell\u00e9 \u00e9galement sur son d\u00e9part pr\u00e9coce du Conseil scientifique, qui a \u00e9t\u00e9 install\u00e9 par l\u2019Elys\u00e9e quelques semaines avant le confinement, Didier Raoult a pris le temps d\u2019exposer son point de vue.&nbsp;<em>\u00abLes discussions qu\u2019il y avait dans ce Conseil scientifique ne me concernaient pas. Moi je veux bien parler de science, je veux bien parler de m\u00e9decine. Ce n\u2019\u00e9tait pas \u00e0 nous de nous prononcer sur le confinement\u00bb,<\/em>&nbsp;a-t-il expliqu\u00e9. Seconde raison de son retrait (que le pr\u00e9sident du conseil, Jean-Fran\u00e7ois Delfraissy, a dit&nbsp;<em>\u00abregretter\u00bb<\/em>) : l\u2019incompatibilit\u00e9 avec les autres membres.&nbsp;<em>\u00abIl se trouve que dans ce Conseil scientifique, j\u2019\u00e9tais un ovni. Il n\u2019y avait pas de compatibilit\u00e9 g\u00e9n\u00e9tique entre nous. C\u2019\u00e9tait un groupe qui se connaissait entre eux, qui travaillait depuis des ann\u00e9es ensemble [\u2026].&nbsp;J\u2019ai vu que nous n\u2019arrivions pas \u00e0 parler.\u00bb<\/em><\/p>\n\n\n\n<p>Concernant le risque d\u2019une seconde vague,&nbsp;<a href=\"https:\/\/www.liberation.fr\/france\/2020\/06\/22\/le-conseil-scientifique-craint-une-deuxieme-vague-du-covid-a-l-approche-de-l-hiver_1792049\">justement soulign\u00e9 par le Conseil scientifique<\/a>, l\u2019expert a jou\u00e9 la carte de la prudence.&nbsp;<em>\u00abParmi les hypoth\u00e8ses les plus plausibles, il y a l\u2019hypoth\u00e8se que cette maladie devienne une maladie saisonni\u00e8re comme les autres coronavirus et l\u2019hypoth\u00e8se qu\u2019elle disparaisse comme le Sras purement et simplement \u00e0 la fin de l\u2019\u00e9pid\u00e9mie\u00bb,<\/em>&nbsp;a-t-il rappel\u00e9. Loin d\u2019\u00eatre un&nbsp;<em>\u00abproph\u00e8te\u00bb,<\/em>&nbsp;Didier Raoult s\u2019est dit&nbsp;<em>\u00abignorant comme tout le monde\u00bb.<\/em>&nbsp;Il s\u2019\u00e9tait pourtant montr\u00e9 beaucoup plus s\u00fbr de lui \u00e0 ce propos il y a quelques semaines, en comparant le risque d\u2019une reprise \u00e9pid\u00e9mique \u00e0 une&nbsp;<em>\u00abfantaisie\u00bb.&nbsp;<\/em>Aujourd\u2019hui, il affirme que<em>&nbsp;\u00abtous les gens qui vous feront des mod\u00e8les projectifs sur des maladies qu\u2019on ne conna\u00eet pas encore sont des fous<\/em>\u00bb.<\/p>\n\n\n\n<p><\/p>\n\n\n\n<p><\/p>\n","protected":false},"excerpt":{"rendered":"<p>Le patron de l\u2019Institut hospitalo-universitaire de Marseille, figure polarisante et controvers\u00e9e, a \u00e9t\u00e9 auditionn\u00e9 mercredi par la commission d\u2019enqu\u00eate sur le Covid-19 de l\u2019Assembl\u00e9e nationale. Est-ce le s\u00e9rieux et la solennit\u00e9 d\u2019une audition sous serment qui l\u2019a r\u00e9v\u00e9l\u00e9 sous un nouveau jour\u00a0? Mercredi 24 juin, Didier Raoult a \u00e9t\u00e9 entendu trois heures par la commission [&hellip;]<\/p>\n","protected":false},"author":2,"featured_media":16017,"comment_status":"open","ping_status":"open","sticky":false,"template":"","format":"standard","meta":{"_jetpack_memberships_contains_paid_content":false,"footnotes":"","jetpack_publicize_message":"","jetpack_publicize_feature_enabled":true,"jetpack_social_post_already_shared":true,"jetpack_social_options":{"image_generator_settings":{"template":"highway","default_image_id":0,"font":"","enabled":false},"version":2},"_wpas_customize_per_network":false},"categories":[405],"tags":[],"class_list":["post-16015","post","type-post","status-publish","format-standard","has-post-thumbnail","hentry","category-actu-france-monde"],"jetpack_publicize_connections":[],"jetpack_featured_media_url":"https:\/\/i0.wp.com\/www.iceagetv.com\/radiosite\/wp-content\/uploads\/2020\/06\/Didier-Raoult-face-aux-d%C3%A9put%C3%A9s.jpg?fit=960%2C639&ssl=1","jetpack_sharing_enabled":true,"_links":{"self":[{"href":"https:\/\/www.iceagetv.com\/radiosite\/wp-json\/wp\/v2\/posts\/16015","targetHints":{"allow":["GET"]}}],"collection":[{"href":"https:\/\/www.iceagetv.com\/radiosite\/wp-json\/wp\/v2\/posts"}],"about":[{"href":"https:\/\/www.iceagetv.com\/radiosite\/wp-json\/wp\/v2\/types\/post"}],"author":[{"embeddable":true,"href":"https:\/\/www.iceagetv.com\/radiosite\/wp-json\/wp\/v2\/users\/2"}],"replies":[{"embeddable":true,"href":"https:\/\/www.iceagetv.com\/radiosite\/wp-json\/wp\/v2\/comments?post=16015"}],"version-history":[{"count":1,"href":"https:\/\/www.iceagetv.com\/radiosite\/wp-json\/wp\/v2\/posts\/16015\/revisions"}],"predecessor-version":[{"id":16018,"href":"https:\/\/www.iceagetv.com\/radiosite\/wp-json\/wp\/v2\/posts\/16015\/revisions\/16018"}],"wp:featuredmedia":[{"embeddable":true,"href":"https:\/\/www.iceagetv.com\/radiosite\/wp-json\/wp\/v2\/media\/16017"}],"wp:attachment":[{"href":"https:\/\/www.iceagetv.com\/radiosite\/wp-json\/wp\/v2\/media?parent=16015"}],"wp:term":[{"taxonomy":"category","embeddable":true,"href":"https:\/\/www.iceagetv.com\/radiosite\/wp-json\/wp\/v2\/categories?post=16015"},{"taxonomy":"post_tag","embeddable":true,"href":"https:\/\/www.iceagetv.com\/radiosite\/wp-json\/wp\/v2\/tags?post=16015"}],"curies":[{"name":"wp","href":"https:\/\/api.w.org\/{rel}","templated":true}]}}