{"id":16019,"date":"2020-06-25T09:35:11","date_gmt":"2020-06-25T09:35:11","guid":{"rendered":"http:\/\/www.iceagetv.com\/radiosite\/?p=16019"},"modified":"2020-06-25T09:35:11","modified_gmt":"2020-06-25T09:35:11","slug":"fermee-depuis-le-13-mars-dernier-en-raison-du-coronavirus-la-tour-eiffel-rouvre-aujourdhui-ses-portes-au-public","status":"publish","type":"post","link":"https:\/\/www.iceagetv.com\/radiosite\/fermee-depuis-le-13-mars-dernier-en-raison-du-coronavirus-la-tour-eiffel-rouvre-aujourdhui-ses-portes-au-public\/","title":{"rendered":"Ferm\u00e9e depuis le 13 mars dernier en raison du coronavirus, la tour Eiffel rouvre aujourd\u2019hui ses portes au public"},"content":{"rendered":"\n<p>La c\u00e9l\u00e8bre Dame de fer fran\u00e7aise, la tour Eiffel, qui surplombe Paris du haut de ses 324 m\u00e8tres, rouvre ce jeudi au public, esp\u00e9rant attirer les habitants de la r\u00e9gion parisienne \u00e0 d\u00e9faut des traditionnels touristes \u00e9trangers, toujours rares dans la capitale.<\/p>\n\n\n\n<p>Ce monument qui est d\u2019ordinaire l\u2019un des plus fr\u00e9quent\u00e9s au monde avec ses sept millions de visiteurs par an, selon ses gestionnaires, avait ferm\u00e9 d\u00e8s le 13 mars en raison de l\u2019\u00e9pid\u00e9mie de Covid-19, avant m\u00eame l\u2019instauration d\u2019un confinement g\u00e9n\u00e9ralis\u00e9 en France, le 17.<\/p>\n\n\n\n<p>L\u2019embl\u00e8me de Paris, mondialement connu, n\u2019a pas pour autant renonc\u00e9, pendant ces trois mois, \u00e0 ses illuminations nocturnes, dont le clou est le \u00ab&nbsp;phare&nbsp;\u00bb&nbsp;: deux faisceaux lumineux d\u2019une port\u00e9e de 80 kilom\u00e8tres. Quelque 336 projecteurs concourent au spectacle ainsi que 20.000 ampoules r\u00e9parties sur la structure pour faire scintiller l\u2019\u00e9difice cinq minutes au d\u00e9but de chaque heure nocturne.<\/p>\n\n\n\n<p>Les visiteurs pourront la gravir \u00e0 partir de 10H00 (08H00 GMT).<\/p>\n\n\n\n<p>Dans un premier temps, seules les visites par les escaliers seront possible, jusqu\u2019au 2e \u00e9tage. D\u00e9but juillet, si la situation sanitaire le permet, les ascenseurs pourraient \u00eatre rouverts jusqu\u2019au 2e \u00e9tage, mais pas ceux, plus petits, menant du 2\u00e8me au sommet, \u00ab&nbsp;pour \u00e9viter toute situation de confinement&nbsp;\u00bb dans ces ascenseurs-l\u00e0.<\/p>\n\n\n\n<p>Parcours fl\u00e9ch\u00e9s, port du masque obligatoire, limitation du nombre de visiteurs, distanciation&nbsp;: la r\u00e9ouverture se fait aussi sous haute vigilance.<\/p>\n","protected":false},"excerpt":{"rendered":"<p>La c\u00e9l\u00e8bre Dame de fer fran\u00e7aise, la tour Eiffel, qui surplombe Paris du haut de ses 324 m\u00e8tres, rouvre ce jeudi au public, esp\u00e9rant attirer les habitants de la r\u00e9gion parisienne \u00e0 d\u00e9faut des traditionnels touristes \u00e9trangers, toujours rares dans la capitale. Ce monument qui est d\u2019ordinaire l\u2019un des plus fr\u00e9quent\u00e9s au monde avec ses [&hellip;]<\/p>\n","protected":false},"author":2,"featured_media":16020,"comment_status":"open","ping_status":"open","sticky":false,"template":"","format":"standard","meta":{"_jetpack_memberships_contains_paid_content":false,"footnotes":"","jetpack_publicize_message":"","jetpack_publicize_feature_enabled":true,"jetpack_social_post_already_shared":true,"jetpack_social_options":{"image_generator_settings":{"template":"highway","default_image_id":0,"font":"","enabled":false},"version":2},"_wpas_customize_per_network":false},"categories":[405],"tags":[],"class_list":["post-16019","post","type-post","status-publish","format-standard","has-post-thumbnail","hentry","category-actu-france-monde"],"jetpack_publicize_connections":[],"jetpack_featured_media_url":"https:\/\/i0.wp.com\/www.iceagetv.com\/radiosite\/wp-content\/uploads\/2020\/06\/Ferm%C3%A9e-depuis-le-13-mars-dernier-en-raison-du-coronavirus-la-tour-Eiffel-rouvre-aujourd%E2%80%99hui-ses-portes-au-public.png?fit=628%2C273&ssl=1","jetpack_sharing_enabled":true,"_links":{"self":[{"href":"https:\/\/www.iceagetv.com\/radiosite\/wp-json\/wp\/v2\/posts\/16019","targetHints":{"allow":["GET"]}}],"collection":[{"href":"https:\/\/www.iceagetv.com\/radiosite\/wp-json\/wp\/v2\/posts"}],"about":[{"href":"https:\/\/www.iceagetv.com\/radiosite\/wp-json\/wp\/v2\/types\/post"}],"author":[{"embeddable":true,"href":"https:\/\/www.iceagetv.com\/radiosite\/wp-json\/wp\/v2\/users\/2"}],"replies":[{"embeddable":true,"href":"https:\/\/www.iceagetv.com\/radiosite\/wp-json\/wp\/v2\/comments?post=16019"}],"version-history":[{"count":1,"href":"https:\/\/www.iceagetv.com\/radiosite\/wp-json\/wp\/v2\/posts\/16019\/revisions"}],"predecessor-version":[{"id":16021,"href":"https:\/\/www.iceagetv.com\/radiosite\/wp-json\/wp\/v2\/posts\/16019\/revisions\/16021"}],"wp:featuredmedia":[{"embeddable":true,"href":"https:\/\/www.iceagetv.com\/radiosite\/wp-json\/wp\/v2\/media\/16020"}],"wp:attachment":[{"href":"https:\/\/www.iceagetv.com\/radiosite\/wp-json\/wp\/v2\/media?parent=16019"}],"wp:term":[{"taxonomy":"category","embeddable":true,"href":"https:\/\/www.iceagetv.com\/radiosite\/wp-json\/wp\/v2\/categories?post=16019"},{"taxonomy":"post_tag","embeddable":true,"href":"https:\/\/www.iceagetv.com\/radiosite\/wp-json\/wp\/v2\/tags?post=16019"}],"curies":[{"name":"wp","href":"https:\/\/api.w.org\/{rel}","templated":true}]}}