{"id":16022,"date":"2020-06-25T12:33:14","date_gmt":"2020-06-25T12:33:14","guid":{"rendered":"http:\/\/www.iceagetv.com\/radiosite\/?p=16022"},"modified":"2020-06-25T12:33:14","modified_gmt":"2020-06-25T12:33:14","slug":"un-enfant-de-cinq-ans-a-ete-gravement-blesse-apres-avoir-ete-renverse-par-un-deux-roues-qui-faisait-un-rodeo-a-vaulx-en-velin","status":"publish","type":"post","link":"https:\/\/www.iceagetv.com\/radiosite\/un-enfant-de-cinq-ans-a-ete-gravement-blesse-apres-avoir-ete-renverse-par-un-deux-roues-qui-faisait-un-rodeo-a-vaulx-en-velin\/","title":{"rendered":"Un enfant de cinq ans a \u00e9t\u00e9 gravement bless\u00e9 apr\u00e8s avoir \u00e9t\u00e9 renvers\u00e9 par un deux-roues qui faisait un rod\u00e9o \u00e0 Vaulx-en-Velin"},"content":{"rendered":"\n<p>Un enfant de cinq ans a \u00e9t\u00e9 gravement bless\u00e9 mercredi soir apr\u00e8s avoir \u00e9t\u00e9 renvers\u00e9 par un deux-roues qui faisait un rod\u00e9o \u00e0 Vaulx-en-Velin (m\u00e9tropole de Lyon) et ne s\u2019est pas arr\u00eat\u00e9, a-t-on appris de sources concordantes. L\u2019accident s\u2019est produit vers 21H00 avenue Voltaire, non loin du centre ville, a indiqu\u00e9 la police.<\/p>\n\n\n\n<p>Selon le parquet de Lyon, l\u2019enfant traversait la route \u00e0 v\u00e9lo lorsqu\u2019il s\u2019est fait renverser par une moto qui a imm\u00e9diatement pris la fuite.<\/p>\n\n\n\n<p>Son pronostic vital est engag\u00e9, ajoute le parquet. Il souffre d\u2019un traumatisme cr\u00e2nien et d\u2019une h\u00e9morragie c\u00e9r\u00e9brale, selon une source polici\u00e8re. L\u2019enqu\u00eate a \u00e9t\u00e9 confi\u00e9e \u00e0 la Brigade des accidents et d\u00e9lits routiers (BADR) de Meyzieu.<\/p>\n\n\n\n<p>Fin mai, le ministre de l\u2019Int\u00e9rieur Christophe Castaner a confi\u00e9 \u00e0 deux d\u00e9put\u00e9es une mission de r\u00e9flexion afin d\u2019\u00e9laborer un nouveau plan de lutte contre les rod\u00e9os urbains. La maire PS de Vaulx-en-Velin, H\u00e9l\u00e8ne Geoffroy, rappelle dans une d\u00e9claration transmise \u00e0 l\u2019AFP avoir demand\u00e9 au ministre, \u00ab&nbsp;avec de nombreux maires, de renforcer les op\u00e9rations de police sur le terrain pour \u00e9radiquer avec la plus grande fermet\u00e9 tous les agissements contraires \u00e0 la loi&nbsp;\u00bb.<\/p>\n\n\n\n<p>D\u00e9non\u00e7ant \u00ab&nbsp;le comportement totalement irresponsable et condamnable d\u2019un chauffard&nbsp;\u00bb, elle s\u2019est rendue au chevet de la famille.<\/p>\n\n\n\n<p>Mme Goeffroy, candidate \u00e0 sa succession, indique aussi avoir sollicit\u00e9 une rencontre avec M. Castaner, qui sera dans la m\u00e9tropole de Lyon vendredi, \u00ab&nbsp;afin de d\u00e9finir les modalit\u00e9s concr\u00e8tes de mise en oeuvre \u00e0 Vaulx-en-Velin du Plan d\u2019action national de lutte contre la d\u00e9linquance routi\u00e8re&nbsp;\u00bb<\/p>\n","protected":false},"excerpt":{"rendered":"<p>Un enfant de cinq ans a \u00e9t\u00e9 gravement bless\u00e9 mercredi soir apr\u00e8s avoir \u00e9t\u00e9 renvers\u00e9 par un deux-roues qui faisait un rod\u00e9o \u00e0 Vaulx-en-Velin (m\u00e9tropole de Lyon) et ne s\u2019est pas arr\u00eat\u00e9, a-t-on appris de sources concordantes. L\u2019accident s\u2019est produit vers 21H00 avenue Voltaire, non loin du centre ville, a indiqu\u00e9 la police. Selon le [&hellip;]<\/p>\n","protected":false},"author":2,"featured_media":16023,"comment_status":"open","ping_status":"open","sticky":false,"template":"","format":"standard","meta":{"_jetpack_memberships_contains_paid_content":false,"footnotes":"","jetpack_publicize_message":"","jetpack_publicize_feature_enabled":true,"jetpack_social_post_already_shared":true,"jetpack_social_options":{"image_generator_settings":{"template":"highway","default_image_id":0,"font":"","enabled":false},"version":2},"_wpas_customize_per_network":false},"categories":[405],"tags":[],"class_list":["post-16022","post","type-post","status-publish","format-standard","has-post-thumbnail","hentry","category-actu-france-monde"],"jetpack_publicize_connections":[],"jetpack_featured_media_url":"https:\/\/i0.wp.com\/www.iceagetv.com\/radiosite\/wp-content\/uploads\/2020\/06\/Un-enfant-de-cinq-ans-a-%C3%A9t%C3%A9-gravement-bless%C3%A9-apr%C3%A8s-avoir-%C3%A9t%C3%A9-renvers%C3%A9-par-un-deux-roues-qui-faisait-un-rod%C3%A9o-%C3%A0-Vaulx-en-Velin.png?fit=638%2C267&ssl=1","jetpack_sharing_enabled":true,"_links":{"self":[{"href":"https:\/\/www.iceagetv.com\/radiosite\/wp-json\/wp\/v2\/posts\/16022","targetHints":{"allow":["GET"]}}],"collection":[{"href":"https:\/\/www.iceagetv.com\/radiosite\/wp-json\/wp\/v2\/posts"}],"about":[{"href":"https:\/\/www.iceagetv.com\/radiosite\/wp-json\/wp\/v2\/types\/post"}],"author":[{"embeddable":true,"href":"https:\/\/www.iceagetv.com\/radiosite\/wp-json\/wp\/v2\/users\/2"}],"replies":[{"embeddable":true,"href":"https:\/\/www.iceagetv.com\/radiosite\/wp-json\/wp\/v2\/comments?post=16022"}],"version-history":[{"count":1,"href":"https:\/\/www.iceagetv.com\/radiosite\/wp-json\/wp\/v2\/posts\/16022\/revisions"}],"predecessor-version":[{"id":16024,"href":"https:\/\/www.iceagetv.com\/radiosite\/wp-json\/wp\/v2\/posts\/16022\/revisions\/16024"}],"wp:featuredmedia":[{"embeddable":true,"href":"https:\/\/www.iceagetv.com\/radiosite\/wp-json\/wp\/v2\/media\/16023"}],"wp:attachment":[{"href":"https:\/\/www.iceagetv.com\/radiosite\/wp-json\/wp\/v2\/media?parent=16022"}],"wp:term":[{"taxonomy":"category","embeddable":true,"href":"https:\/\/www.iceagetv.com\/radiosite\/wp-json\/wp\/v2\/categories?post=16022"},{"taxonomy":"post_tag","embeddable":true,"href":"https:\/\/www.iceagetv.com\/radiosite\/wp-json\/wp\/v2\/tags?post=16022"}],"curies":[{"name":"wp","href":"https:\/\/api.w.org\/{rel}","templated":true}]}}