{"id":16033,"date":"2020-06-27T16:34:14","date_gmt":"2020-06-27T16:34:14","guid":{"rendered":"http:\/\/www.iceagetv.com\/radiosite\/?p=16033"},"modified":"2020-06-27T16:34:14","modified_gmt":"2020-06-27T16:34:14","slug":"paris-200-policiers-manifestent-contre-les-accusations-de-racisme-et-de-violences","status":"publish","type":"post","link":"https:\/\/www.iceagetv.com\/radiosite\/paris-200-policiers-manifestent-contre-les-accusations-de-racisme-et-de-violences\/","title":{"rendered":"Paris: 200 policiers manifestent contre les accusations de racisme et de violences"},"content":{"rendered":"\n<p>Les accusations de violences et de racisme continuent de faire des vagues dans la&nbsp;<a href=\"https:\/\/www.20minutes.fr\/dossier\/police\">police<\/a>&nbsp;fran\u00e7aise. Plus de 200 policiers se sont r\u00e9unis vendredi soir devant le&nbsp;<a href=\"https:\/\/www.20minutes.fr\/dossier\/bataclan\">Bataclan<\/a>&nbsp;\u00e0 Paris, lieu symbolique des attentats du 13-Novembre, pour protester contre ces accusations \u00e0 l\u2019encontre de leur profession, et d\u00e9noncer un manque de soutien de l\u2019Int\u00e9rieur.<\/p>\n\n\n\n<h2 class=\"wp-block-heading\">Une Marseillaise comme chant de protestation<\/h2>\n\n\n\n<p>Plusieurs dizaines de fourgons, motos, et voitures ont bloqu\u00e9 la rue devant la salle de concert vers 23h30. En civil ou en tenue, arme \u00e0 la ceinture, les policiers ont d\u00e9pos\u00e9 leurs menottes en silence sur la chauss\u00e9e, avant d\u2019entonner une Marseillaise en signe de protestation. \u00ab\u00a0On r\u00e9fute les accusations de violences et de pseudo-racisme\u00a0\u00bb, a souffl\u00e9 un des participants, sous couvert d\u2019anonymat. \u00ab\u00a0On ne comprend pas d\u2019avoir \u00e9t\u00e9 acclam\u00e9s \u00e0 l\u2019\u00e9poque des attentats et d\u2019\u00eatre point\u00e9s du doigt aujourd\u2019hui.\u00a0\u00bb<\/p>\n\n\n\n<p>Le ministre de l\u2019Int\u00e9rieur&nbsp;<a href=\"https:\/\/www.20minutes.fr\/politique\/christophe-castaner?tagparamdecoded=actu%2Fvideo_actu\/\">Christophe Castaner<\/a>&nbsp;a, depuis pr\u00e8s d\u2019un mois, de plus en plus de mal \u00e0 calmer la col\u00e8re de ses troupes. \u00ab&nbsp;Notre hi\u00e9rarchie nous l\u00e2che en p\u00e2ture sur la voie publique&nbsp;\u00bb, a d\u00e9plor\u00e9 un policier du Val-de-Marne, venu pour l\u2019occasion. \u00ab&nbsp;Ils nous demandent beaucoup de choses, ils ne nous donnent pas de moyens et apr\u00e8s ils nous crachent dessus. (\u2026) On veut nous retirer la cl\u00e9 d\u2019\u00e9tranglement, mais c\u2019est quoi l\u2019alternative&nbsp;?&nbsp;Si on la fait sur quelqu\u2019un, c\u2019est que cette personne n\u2019est pas tr\u00e8s docile.&nbsp;\u00bb<\/p>\n\n\n\n<h2 class=\"wp-block-heading\">\u00ab&nbsp;Vous n\u2019\u00eates pas seuls&nbsp;\u00bb<\/h2>\n\n\n\n<p>Lors d\u2019un d\u00e9placement \u00e0 l\u2019\u00e9cole nationale de la police \u00e0 Saint-Cyr-au-Mont-d\u2019Or, le ministre a pourtant insist\u00e9 vendredi sur \u00ab&nbsp;le respect&nbsp;\u00bb d\u00fb aux policiers et les a r\u00e9assur\u00e9s de son soutien. \u00ab&nbsp;Nous serons l\u00e0 pour d\u00e9fendre votre honneur, \u00e0 chaque fois qu\u2019il sera attaqu\u00e9 (\u2026) vous n\u2019\u00eates pas seuls&nbsp;\u00bb, a-t-il lanc\u00e9 \u00e0 plusieurs nouveaux officiers et commissaires en fin de formation. Pour le moment, cela semble ne pas suffire.<\/p>\n\n\n\n<p><\/p>\n","protected":false},"excerpt":{"rendered":"<p>Les accusations de violences et de racisme continuent de faire des vagues dans la&nbsp;police&nbsp;fran\u00e7aise. Plus de 200 policiers se sont r\u00e9unis vendredi soir devant le&nbsp;Bataclan&nbsp;\u00e0 Paris, lieu symbolique des attentats du 13-Novembre, pour protester contre ces accusations \u00e0 l\u2019encontre de leur profession, et d\u00e9noncer un manque de soutien de l\u2019Int\u00e9rieur. Une Marseillaise comme chant de [&hellip;]<\/p>\n","protected":false},"author":2,"featured_media":16034,"comment_status":"open","ping_status":"open","sticky":false,"template":"","format":"standard","meta":{"_jetpack_memberships_contains_paid_content":false,"footnotes":"","jetpack_publicize_message":"","jetpack_publicize_feature_enabled":true,"jetpack_social_post_already_shared":true,"jetpack_social_options":{"image_generator_settings":{"template":"highway","default_image_id":0,"font":"","enabled":false},"version":2},"_wpas_customize_per_network":false},"categories":[405],"tags":[],"class_list":["post-16033","post","type-post","status-publish","format-standard","has-post-thumbnail","hentry","category-actu-france-monde"],"jetpack_publicize_connections":[],"jetpack_featured_media_url":"https:\/\/i0.wp.com\/www.iceagetv.com\/radiosite\/wp-content\/uploads\/2020\/06\/200-policiers-manifestent-contre-les-accusations-de-racisme-et-de-violences.png?fit=644%2C390&ssl=1","jetpack_sharing_enabled":true,"_links":{"self":[{"href":"https:\/\/www.iceagetv.com\/radiosite\/wp-json\/wp\/v2\/posts\/16033","targetHints":{"allow":["GET"]}}],"collection":[{"href":"https:\/\/www.iceagetv.com\/radiosite\/wp-json\/wp\/v2\/posts"}],"about":[{"href":"https:\/\/www.iceagetv.com\/radiosite\/wp-json\/wp\/v2\/types\/post"}],"author":[{"embeddable":true,"href":"https:\/\/www.iceagetv.com\/radiosite\/wp-json\/wp\/v2\/users\/2"}],"replies":[{"embeddable":true,"href":"https:\/\/www.iceagetv.com\/radiosite\/wp-json\/wp\/v2\/comments?post=16033"}],"version-history":[{"count":1,"href":"https:\/\/www.iceagetv.com\/radiosite\/wp-json\/wp\/v2\/posts\/16033\/revisions"}],"predecessor-version":[{"id":16035,"href":"https:\/\/www.iceagetv.com\/radiosite\/wp-json\/wp\/v2\/posts\/16033\/revisions\/16035"}],"wp:featuredmedia":[{"embeddable":true,"href":"https:\/\/www.iceagetv.com\/radiosite\/wp-json\/wp\/v2\/media\/16034"}],"wp:attachment":[{"href":"https:\/\/www.iceagetv.com\/radiosite\/wp-json\/wp\/v2\/media?parent=16033"}],"wp:term":[{"taxonomy":"category","embeddable":true,"href":"https:\/\/www.iceagetv.com\/radiosite\/wp-json\/wp\/v2\/categories?post=16033"},{"taxonomy":"post_tag","embeddable":true,"href":"https:\/\/www.iceagetv.com\/radiosite\/wp-json\/wp\/v2\/tags?post=16033"}],"curies":[{"name":"wp","href":"https:\/\/api.w.org\/{rel}","templated":true}]}}