{"id":16043,"date":"2020-06-28T06:40:39","date_gmt":"2020-06-28T06:40:39","guid":{"rendered":"http:\/\/www.iceagetv.com\/radiosite\/?p=16043"},"modified":"2020-06-28T06:40:39","modified_gmt":"2020-06-28T06:40:39","slug":"climat-des-entrepreneurs-soutiennent-les-travaux-de-la-convention-citoyenne","status":"publish","type":"post","link":"https:\/\/www.iceagetv.com\/radiosite\/climat-des-entrepreneurs-soutiennent-les-travaux-de-la-convention-citoyenne\/","title":{"rendered":"Climat : des entrepreneurs soutiennent les travaux de la Convention citoyenne"},"content":{"rendered":"\n<p> Alors que les 150 citoyens tir\u00e9s au sort doivent \u00eatre re\u00e7us \u00e0 l&rsquo;Elys\u00e9e lundi par Emmanuel Macorn, des dirigeants d&rsquo;entreprises, dont les patrons de Danone ou Biocoop, soutiennent leurs travaux dans une tribune publi\u00e9e par \u00ab\u00a0Le Journal du dimanche\u00a0\u00bb. <\/p>\n\n\n\n<p><em>Le monde change, nos clients changent, nos salari\u00e9s changent. Nos entreprises doivent donc changer\u00a0\u00bb<\/em>. Quelque 70 entrepreneurs et patrons, parmi lesquels ceux de Danone, Actes Sud ou Biocoop, expriment leur soutien aux travaux de&nbsp;<a href=\"https:\/\/www.francetvinfo.fr\/monde\/environnement\/convention-citoyenne-sur-le-climat\/\">la Convention citoyenne pour le climat<\/a>, dans une tribune publi\u00e9e dimanche 28 juin par&nbsp;<em><a href=\"https:\/\/www.lejdd.fr\/Societe\/danone-camif-armor-biocoop-les-patrons-de-76-entreprises-appellent-a-semparer-de-lurgence-climatique-3977632\">Le Journal du Dimanche<\/a><\/em>.&nbsp;Ce texte est publi\u00e9 un jour avant que le pr\u00e9sident Emmanuel Macron re\u00e7oive les 150 membres de la Convention et apporte&nbsp;<em>\u00ab\u00a0une premi\u00e8re r\u00e9ponse\u00a0\u00bb<\/em>&nbsp;\u00e0&nbsp;<a href=\"https:\/\/www.francetvinfo.fr\/monde\/environnement\/convention-citoyenne-sur-le-climat\/logements-voitures-temps-de-travail-voici-les-principales-propositions-soumises-au-vote-de-la-convention-citoyenne-pour-le-climat_4012537.html\">leurs propositions<\/a>.<\/p>\n\n\n\n<p><em>\u00ab\u00a0Votre travail est fondateur pour notre d\u00e9mocratie\u2009: il s\u2019appuie sur des donn\u00e9es scientifiques, et s\u2019empare de l\u2019urgence climatique, bien au-del\u00e0 des dispositions pr\u00e9c\u00e9demment adopt\u00e9es (&#8230;) Vos conclusions nous invitent \u00e0 d\u00e9passer les postures et les pr\u00e9jug\u00e9s\u2009: chacun de nous pourrait trouver mati\u00e8re \u00e0 critiquer votre travail, mais ce serait ignorer les faits qui ont nourri vos travaux\u00a0\u00bb<\/em>, saluent les dirigeants d&rsquo;entreprises.<\/p>\n\n\n\n<h2 class=\"wp-block-heading\">Un appel aux entreprises<\/h2>\n\n\n\n<p><em>\u00ab\u00a0Nous pensons que nos entreprises ne conna\u00eetront pas d&rsquo;avenir durable dans un monde d\u00e9pendant des \u00e9nergies carbon\u00e9es. Nous nous emparerons donc de vos propositions pour en approfondir les conditions \u00e9conomiques et les inscrire dans une feuille de route en coh\u00e9rence avec nos responsabilit\u00e9s sociales. Nous engageons chaque entreprise, y compris lorsqu&rsquo;elle n&rsquo;approuve pas la totalit\u00e9 des propositions que vous faites, \u00e0 faire de m\u00eame\u00a0\u00bb<\/em>, argumentent les signataires.<\/p>\n\n\n\n<p><em>Profitons de l\u2019\u00e9lan qui accompagne l\u2019effort de reconstruction, apr\u00e8s la catastrophe de la pand\u00e9mie<\/em>Les signataires de la tribune<em>au Journal du dimanche<\/em><\/p>\n\n\n\n<p>Parmi&nbsp;eux figurent les PDG de Danone Emmanuel Faber et d&rsquo;Euler Hermes France Eric Lenoir, ainsi que la directrice g\u00e9n\u00e9rale d&rsquo;Harmonie Mutuelle, Catherine Touvrey. Ont aussi sign\u00e9 le pr\u00e9sident du Centre des jeunes dirigeants Pierre Minodier, la patronne d&rsquo;Actes Sud et ex-ministre de la Culture Fran\u00e7oise Nyssen, le pr\u00e9sident de Biocoop Pierrick de Ronne, le pr\u00e9sident de KissKissBankBank Vincent Ricordeau et le chef Olivier Roellinger. Ou encore Isabelle Kocher, ex-directrice g\u00e9n\u00e9rale d&rsquo;Engie, et Serge Papin, ex-pr\u00e9sident de Syst\u00e8me U.<\/p>\n\n\n\n<p><\/p>\n","protected":false},"excerpt":{"rendered":"<p>Alors que les 150 citoyens tir\u00e9s au sort doivent \u00eatre re\u00e7us \u00e0 l&rsquo;Elys\u00e9e lundi par Emmanuel Macorn, des dirigeants d&rsquo;entreprises, dont les patrons de Danone ou Biocoop, soutiennent leurs travaux dans une tribune publi\u00e9e par \u00ab\u00a0Le Journal du dimanche\u00a0\u00bb. Le monde change, nos clients changent, nos salari\u00e9s changent. Nos entreprises doivent donc changer\u00a0\u00bb. Quelque 70 [&hellip;]<\/p>\n","protected":false},"author":2,"featured_media":16044,"comment_status":"open","ping_status":"open","sticky":false,"template":"","format":"standard","meta":{"_jetpack_memberships_contains_paid_content":false,"footnotes":"","jetpack_publicize_message":"","jetpack_publicize_feature_enabled":true,"jetpack_social_post_already_shared":true,"jetpack_social_options":{"image_generator_settings":{"template":"highway","default_image_id":0,"font":"","enabled":false},"version":2},"_wpas_customize_per_network":false},"categories":[405],"tags":[],"class_list":["post-16043","post","type-post","status-publish","format-standard","has-post-thumbnail","hentry","category-actu-france-monde"],"jetpack_publicize_connections":[],"jetpack_featured_media_url":"https:\/\/i0.wp.com\/www.iceagetv.com\/radiosite\/wp-content\/uploads\/2020\/06\/des-entrepreneurs-soutiennent-les-travaux-de-la-Convention-citoyenne.jpg?fit=1196%2C450&ssl=1","jetpack_sharing_enabled":true,"_links":{"self":[{"href":"https:\/\/www.iceagetv.com\/radiosite\/wp-json\/wp\/v2\/posts\/16043","targetHints":{"allow":["GET"]}}],"collection":[{"href":"https:\/\/www.iceagetv.com\/radiosite\/wp-json\/wp\/v2\/posts"}],"about":[{"href":"https:\/\/www.iceagetv.com\/radiosite\/wp-json\/wp\/v2\/types\/post"}],"author":[{"embeddable":true,"href":"https:\/\/www.iceagetv.com\/radiosite\/wp-json\/wp\/v2\/users\/2"}],"replies":[{"embeddable":true,"href":"https:\/\/www.iceagetv.com\/radiosite\/wp-json\/wp\/v2\/comments?post=16043"}],"version-history":[{"count":1,"href":"https:\/\/www.iceagetv.com\/radiosite\/wp-json\/wp\/v2\/posts\/16043\/revisions"}],"predecessor-version":[{"id":16045,"href":"https:\/\/www.iceagetv.com\/radiosite\/wp-json\/wp\/v2\/posts\/16043\/revisions\/16045"}],"wp:featuredmedia":[{"embeddable":true,"href":"https:\/\/www.iceagetv.com\/radiosite\/wp-json\/wp\/v2\/media\/16044"}],"wp:attachment":[{"href":"https:\/\/www.iceagetv.com\/radiosite\/wp-json\/wp\/v2\/media?parent=16043"}],"wp:term":[{"taxonomy":"category","embeddable":true,"href":"https:\/\/www.iceagetv.com\/radiosite\/wp-json\/wp\/v2\/categories?post=16043"},{"taxonomy":"post_tag","embeddable":true,"href":"https:\/\/www.iceagetv.com\/radiosite\/wp-json\/wp\/v2\/tags?post=16043"}],"curies":[{"name":"wp","href":"https:\/\/api.w.org\/{rel}","templated":true}]}}