{"id":16046,"date":"2020-06-28T07:21:56","date_gmt":"2020-06-28T07:21:56","guid":{"rendered":"http:\/\/www.iceagetv.com\/radiosite\/?p=16046"},"modified":"2020-06-28T07:21:56","modified_gmt":"2020-06-28T07:21:56","slug":"projet-x-aux-invalides-incidents-entre-jeunes-et-policiers-lors-dune-fete-improvisee-5-interpellations","status":"publish","type":"post","link":"https:\/\/www.iceagetv.com\/radiosite\/projet-x-aux-invalides-incidents-entre-jeunes-et-policiers-lors-dune-fete-improvisee-5-interpellations\/","title":{"rendered":"Projet X\u00a0\u00bb aux Invalides : incidents entre jeunes et policiers lors d&rsquo;une f\u00eate improvis\u00e9e, 5 interpellations"},"content":{"rendered":"\n<p>HEURTS &#8211; Une f\u00eate improvis\u00e9e a d\u00e9g\u00e9n\u00e9r\u00e9 samedi soir \u00e0 Paris. Des incidents ont \u00e9clat\u00e9 entre quelques centaines de jeunes qui participaient \u00e0 ce rassemblement et des forces de l&rsquo;ordre venues interrompre les festivit\u00e9s. Cinq interpellations ont eu lieu.<\/p>\n\n\n\n<p>a f\u00eate improvis\u00e9e avait pour nom de code \u00ab\u00a0Projet X\u00a0\u00bb. Des incidents ont \u00e9clat\u00e9 samedi 27 juin au soir sur l&rsquo;esplanade des Invalides \u00e0 Paris entre quelques centaines de jeunes qui participaient \u00e0 une f\u00eate et des forces de l&rsquo;ordre venues interrompre les festivit\u00e9s. L&rsquo;appel \u00e0 ce rassemblement festif avait \u00e9t\u00e9 lanc\u00e9 discr\u00e8tement sur les r\u00e9seaux sociaux, en r\u00e9f\u00e9rence au film am\u00e9ricain culte \u00ab\u00a0Project X\u00a0\u00bb de 2012 sur une f\u00eate organis\u00e9e par des adolescents et qui d\u00e9rape de par son ampleur.<\/p>\n\n\n\n<p>\u00ab\u00a0<em>Il y a une \u00e9norme f\u00eate. On veut participer \u00e0 \u00e7a, parce que c&rsquo;est un \u00e9v\u00e9nement qui ne va pas se reproduire avant tr\u00e8s longtemps<\/em>\u00ab\u00a0, disait \u00e0 LCI un f\u00eatard en d\u00e9but de soir\u00e9e. Les incidents ont d\u00e9but\u00e9 peu avant minuit sur les pelouses de l&rsquo;esplanade des Invalides. Des jeunes, qui s&rsquo;y \u00e9taient r\u00e9unis, ont lanc\u00e9 des projectiles au passage de plusieurs v\u00e9hicules des forces de l&rsquo;ordre qui arrivaient sur place pour \u00e9vacuer les lieux. Les policiers ont alors fait usage de gaz lacrymog\u00e8ne pour disperser les f\u00eatards. Selon nos informations, 5 interpellations ont eu lieu, principalement pour des jets de projectiles.<\/p>\n\n\n\n<blockquote class=\"wp-block-quote is-layout-flow wp-block-quote-is-layout-flow\"><p>\u00ab\u00a0C&rsquo;est parti en vrille\u00a0\u00bb<\/p><\/blockquote>\n\n\n\n<p>Selon Ana\u00eblle, une Parisienne \u00e2g\u00e9e de 19 ans, venue passer la soir\u00e9e aux Invalides avec deux amies, \u00ab\u00a0<em>on en a entendu parler sur les r\u00e9seaux, on \u00e9tait quelques centaines, il y avait un peu de musique, des gens avec des enceintes mais rien d&rsquo;organis\u00e9<\/em>\u00ab\u00a0, a-t-elle racont\u00e9 sur place \u00e0 l&rsquo;AFP. Ensuite \u00ab\u00a0<em>c&rsquo;est parti en vrille, il y a des gens qui ont commenc\u00e9 \u00e0 se lancer des bouteilles \u00e0 la t\u00eate, en deux secondes la police est arriv\u00e9e, on \u00e9tait encercl\u00e9, ils ont commenc\u00e9 \u00e0 tirer des lacrymos<\/em>\u00ab\u00a0, a-t-elle poursuivi.<\/p>\n\n\n\n<p>Vers 01h30 du matin, quelques dizaines de jeunes tr\u00e8s mobiles \u00e9taient encore sur&nbsp;l&rsquo;esplanade, situ\u00e9e dans le VIIe arrondissement de Paris, \u00e0 jeter des bouteilles parfois les uns sur les autres et aussi sur&nbsp;les policiers qui, \u00e0 nouveau, ont d\u00fb tirer des grenades lacrymog\u00e8nes pour&nbsp;disperser les derniers r\u00e9calcitrants, a constat\u00e9 une journaliste de l&rsquo;AFP.<\/p>\n\n\n\n<p>Ces incidents interviennent une semaine seulement apr\u00e8s&nbsp;<a href=\"https:\/\/www.lci.fr\/sante\/coronavirus-fete-de-la-musique-canal-saint-martin-aperos-de-rue-ces-attroupements-festifs-sont-ils-dangereux-face-au-covid-19-2157298.html\">la F\u00eate de la musique<\/a>&nbsp;qui&nbsp;avait donn\u00e9 lieu \u00e0 Paris et dans plusieurs villes en France \u00e0 de controvers\u00e9s rassemblements massifs de jeunes,&nbsp;malgr\u00e9 la circulation toujours active du coronavirus.<\/p>\n\n\n\n<p><\/p>\n\n\n\n<p><\/p>\n","protected":false},"excerpt":{"rendered":"<p>HEURTS &#8211; Une f\u00eate improvis\u00e9e a d\u00e9g\u00e9n\u00e9r\u00e9 samedi soir \u00e0 Paris. Des incidents ont \u00e9clat\u00e9 entre quelques centaines de jeunes qui participaient \u00e0 ce rassemblement et des forces de l&rsquo;ordre venues interrompre les festivit\u00e9s. Cinq interpellations ont eu lieu. a f\u00eate improvis\u00e9e avait pour nom de code \u00ab\u00a0Projet X\u00a0\u00bb. Des incidents ont \u00e9clat\u00e9 samedi 27 [&hellip;]<\/p>\n","protected":false},"author":2,"featured_media":16047,"comment_status":"open","ping_status":"open","sticky":false,"template":"","format":"standard","meta":{"_jetpack_memberships_contains_paid_content":false,"footnotes":"","jetpack_publicize_message":"","jetpack_publicize_feature_enabled":true,"jetpack_social_post_already_shared":true,"jetpack_social_options":{"image_generator_settings":{"template":"highway","default_image_id":0,"font":"","enabled":false},"version":2},"_wpas_customize_per_network":false},"categories":[405],"tags":[],"class_list":["post-16046","post","type-post","status-publish","format-standard","has-post-thumbnail","hentry","category-actu-france-monde"],"jetpack_publicize_connections":[],"jetpack_featured_media_url":"https:\/\/i0.wp.com\/www.iceagetv.com\/radiosite\/wp-content\/uploads\/2020\/06\/Projet-X.jpg?fit=540%2C282&ssl=1","jetpack_sharing_enabled":true,"_links":{"self":[{"href":"https:\/\/www.iceagetv.com\/radiosite\/wp-json\/wp\/v2\/posts\/16046","targetHints":{"allow":["GET"]}}],"collection":[{"href":"https:\/\/www.iceagetv.com\/radiosite\/wp-json\/wp\/v2\/posts"}],"about":[{"href":"https:\/\/www.iceagetv.com\/radiosite\/wp-json\/wp\/v2\/types\/post"}],"author":[{"embeddable":true,"href":"https:\/\/www.iceagetv.com\/radiosite\/wp-json\/wp\/v2\/users\/2"}],"replies":[{"embeddable":true,"href":"https:\/\/www.iceagetv.com\/radiosite\/wp-json\/wp\/v2\/comments?post=16046"}],"version-history":[{"count":1,"href":"https:\/\/www.iceagetv.com\/radiosite\/wp-json\/wp\/v2\/posts\/16046\/revisions"}],"predecessor-version":[{"id":16048,"href":"https:\/\/www.iceagetv.com\/radiosite\/wp-json\/wp\/v2\/posts\/16046\/revisions\/16048"}],"wp:featuredmedia":[{"embeddable":true,"href":"https:\/\/www.iceagetv.com\/radiosite\/wp-json\/wp\/v2\/media\/16047"}],"wp:attachment":[{"href":"https:\/\/www.iceagetv.com\/radiosite\/wp-json\/wp\/v2\/media?parent=16046"}],"wp:term":[{"taxonomy":"category","embeddable":true,"href":"https:\/\/www.iceagetv.com\/radiosite\/wp-json\/wp\/v2\/categories?post=16046"},{"taxonomy":"post_tag","embeddable":true,"href":"https:\/\/www.iceagetv.com\/radiosite\/wp-json\/wp\/v2\/tags?post=16046"}],"curies":[{"name":"wp","href":"https:\/\/api.w.org\/{rel}","templated":true}]}}