{"id":16071,"date":"2020-06-29T09:25:44","date_gmt":"2020-06-29T09:25:44","guid":{"rendered":"http:\/\/www.iceagetv.com\/radiosite\/?p=16071"},"modified":"2020-06-29T09:25:44","modified_gmt":"2020-06-29T09:25:44","slug":"racisme-coca-cola-annonce-suspendre-a-son-tour-pendant-au-moins-30-jours-toute-promotion-sur-tous-les-reseaux-sociaux","status":"publish","type":"post","link":"https:\/\/www.iceagetv.com\/radiosite\/racisme-coca-cola-annonce-suspendre-a-son-tour-pendant-au-moins-30-jours-toute-promotion-sur-tous-les-reseaux-sociaux\/","title":{"rendered":"Racisme: Coca-Cola annonce suspendre \u00e0 son tour pendant au moins 30 jours toute promotion sur tous les r\u00e9seaux sociaux"},"content":{"rendered":"\n<p>Coca-Cola, l&rsquo;une des marques les plus connues du monde qui d\u00e9pense des sommes \u00e9normes en publicit\u00e9, a annonc\u00e9 qu&rsquo;elle suspendait pendant au moins 30 jours toute promotion sur tous les r\u00e9seaux sociaux, parce qu'\u00a0\u00bbil n&rsquo;y a pas de place pour le racisme\u00a0\u00bb.<\/p>\n\n\n\n<p>\u00ab\u00a0Il n&rsquo;y a pas de place pour le racisme dans le monde et il n&rsquo;y a pas de place pour le racisme sur les r\u00e9seaux sociaux\u00a0\u00bb, a dit James Quincey, le PDG du g\u00e9ant mondial, dans un tr\u00e8s bref communiqu\u00e9.<\/p>\n\n\n\n<p>Il a exig\u00e9 des plateformes &#8211;que d&rsquo;autres marques ont d\u00e9cid\u00e9 de boycotter et priver de leurs revenus publicitaires pour les forcer \u00e0 faire davantage pour supprimer les contenus haineux&#8211; qu&rsquo;ils fassent preuve de plus de \u00ab\u00a0transparence et de responsabilit\u00e9\u00a0\u00bb.<\/p>\n\n\n\n<p>Coca-Cola va mettre \u00e0 profit sa pause pour \u00ab\u00a0faire le point sur (ses) strat\u00e9gies publicitaires et voir si des r\u00e9visions sont n\u00e9cessaires\u00a0\u00bb, a expliqu\u00e9 M. Quincey.<\/p>\n\n\n\n<p>Le g\u00e9ant des boissons gazeuses a pr\u00e9cis\u00e9 \u00e0 la cha\u00eene CNBC, que cette \u00ab\u00a0pause\u00a0\u00bb ne signifiait pas qu&rsquo;il rejoignait le mouvement lanc\u00e9 la semaine derni\u00e8re par des associations de d\u00e9fense des Noirs am\u00e9ricains et de la soci\u00e9t\u00e9 civile.<\/p>\n\n\n\n<p>Baptis\u00e9e #StopHateForProfit (\u00ab\u00a0Non \u00e0 la haine pour les profits\u00a0\u00bb), cette campagne de boycott des publicit\u00e9s sur Facebook en juillet est notamment soutenue par la National Association for the Advancement of Colored People (NAACP), ColorOfChange, ADL (Anti-Defamation League, une organisation juive), FreePress et Sleeping Giants.<\/p>\n\n\n\n<p>Elle vise \u00e0 obtenir une meilleure r\u00e9gulation des groupes incitant \u00e0 la haine, au racisme ou \u00e0 la violence sur le r\u00e9seau.<\/p>\n\n\n\n<p>Vendredi c&rsquo;est Unilever, un des leaders mondiaux de l&rsquo;agroalimentaire et des cosm\u00e9tiques, qui a annonc\u00e9 qu&rsquo;il mettait un terme \u00e0 ses publicit\u00e9s sur Facebook, Twitter et Instagram aux Etats-Unis jusqu&rsquo;\u00e0 la fin de l&rsquo;ann\u00e9e, au moins, en raison d&rsquo;une p\u00e9riode \u00e9lectorale \u00ab\u00a0polaris\u00e9e\u00a0\u00bb.<\/p>\n\n\n\n<p>Sous la pression, Facebook a l\u00e2ch\u00e9 du lest sur les principes affich\u00e9s par son fondateur Mark Zuckerberg, qui a lui-m\u00eame annonc\u00e9 un durcissement de la position du r\u00e9seau social face aux messages haineux.<\/p>\n","protected":false},"excerpt":{"rendered":"<p>Coca-Cola, l&rsquo;une des marques les plus connues du monde qui d\u00e9pense des sommes \u00e9normes en publicit\u00e9, a annonc\u00e9 qu&rsquo;elle suspendait pendant au moins 30 jours toute promotion sur tous les r\u00e9seaux sociaux, parce qu&rsquo;\u00a0\u00bbil n&rsquo;y a pas de place pour le racisme\u00a0\u00bb. \u00ab\u00a0Il n&rsquo;y a pas de place pour le racisme dans le monde et [&hellip;]<\/p>\n","protected":false},"author":2,"featured_media":16072,"comment_status":"open","ping_status":"open","sticky":false,"template":"","format":"standard","meta":{"_jetpack_memberships_contains_paid_content":false,"footnotes":"","jetpack_publicize_message":"","jetpack_publicize_feature_enabled":true,"jetpack_social_post_already_shared":true,"jetpack_social_options":{"image_generator_settings":{"template":"highway","default_image_id":0,"font":"","enabled":false},"version":2},"_wpas_customize_per_network":false},"categories":[405],"tags":[],"class_list":["post-16071","post","type-post","status-publish","format-standard","has-post-thumbnail","hentry","category-actu-france-monde"],"jetpack_publicize_connections":[],"jetpack_featured_media_url":"https:\/\/i0.wp.com\/www.iceagetv.com\/radiosite\/wp-content\/uploads\/2020\/06\/Racisme.png?fit=639%2C261&ssl=1","jetpack_sharing_enabled":true,"_links":{"self":[{"href":"https:\/\/www.iceagetv.com\/radiosite\/wp-json\/wp\/v2\/posts\/16071","targetHints":{"allow":["GET"]}}],"collection":[{"href":"https:\/\/www.iceagetv.com\/radiosite\/wp-json\/wp\/v2\/posts"}],"about":[{"href":"https:\/\/www.iceagetv.com\/radiosite\/wp-json\/wp\/v2\/types\/post"}],"author":[{"embeddable":true,"href":"https:\/\/www.iceagetv.com\/radiosite\/wp-json\/wp\/v2\/users\/2"}],"replies":[{"embeddable":true,"href":"https:\/\/www.iceagetv.com\/radiosite\/wp-json\/wp\/v2\/comments?post=16071"}],"version-history":[{"count":1,"href":"https:\/\/www.iceagetv.com\/radiosite\/wp-json\/wp\/v2\/posts\/16071\/revisions"}],"predecessor-version":[{"id":16073,"href":"https:\/\/www.iceagetv.com\/radiosite\/wp-json\/wp\/v2\/posts\/16071\/revisions\/16073"}],"wp:featuredmedia":[{"embeddable":true,"href":"https:\/\/www.iceagetv.com\/radiosite\/wp-json\/wp\/v2\/media\/16072"}],"wp:attachment":[{"href":"https:\/\/www.iceagetv.com\/radiosite\/wp-json\/wp\/v2\/media?parent=16071"}],"wp:term":[{"taxonomy":"category","embeddable":true,"href":"https:\/\/www.iceagetv.com\/radiosite\/wp-json\/wp\/v2\/categories?post=16071"},{"taxonomy":"post_tag","embeddable":true,"href":"https:\/\/www.iceagetv.com\/radiosite\/wp-json\/wp\/v2\/tags?post=16071"}],"curies":[{"name":"wp","href":"https:\/\/api.w.org\/{rel}","templated":true}]}}