{"id":16081,"date":"2020-06-30T08:48:52","date_gmt":"2020-06-30T08:48:52","guid":{"rendered":"http:\/\/www.iceagetv.com\/radiosite\/?p=16081"},"modified":"2020-06-30T08:48:52","modified_gmt":"2020-06-30T08:48:52","slug":"la-centrale-nucleaire-de-fessenheim-definitivement-debranchee-du-reseau-electrique-national","status":"publish","type":"post","link":"https:\/\/www.iceagetv.com\/radiosite\/la-centrale-nucleaire-de-fessenheim-definitivement-debranchee-du-reseau-electrique-national\/","title":{"rendered":"LA CENTRALE NUCL\u00c9AIRE DE FESSENHEIM D\u00c9FINITIVEMENT D\u00c9BRANCH\u00c9E DU R\u00c9SEAU \u00c9LECTRIQUE NATIONAL"},"content":{"rendered":"\n<p>\n\nLa centrale nucl\u00e9aire de Fessenheim ferme d\u00e9finitivement dans la nuit de lundi \u00e0 mardi.<\/p>\n\n\n\n<p>Fessenheim, la doyenne des centrales nucl\u00e9aires fran\u00e7aises, ne produira plus d&rsquo;\u00e9lectricit\u00e9:&nbsp;<a href=\"https:\/\/www.bfmtv.com\/economie\/ce-que-represente-la-fermeture-de-la-centrale-nucleaire-de-fessenheim_AN-202006290158.html\">le second r\u00e9acteur a \u00e9t\u00e9 d\u00e9branch\u00e9 du r\u00e9seau \u00e9lectrique national lundi soir<\/a>&nbsp;\u00e0 23 heures, un cr\u00e9puscule c\u00e9l\u00e9br\u00e9 comme une victoire par les antinucl\u00e9aire mais v\u00e9cu comme un cr\u00e8ve-coeur par les salari\u00e9s et les habitants.<\/p>\n\n\n\n<blockquote class=\"wp-block-quote is-layout-flow wp-block-quote-is-layout-flow\"><p>\u00ab\u00a0Il y a eu beaucoup d&rsquo;\u00e9motion de la part des \u00e9quipes de Fessenheim, et sur l&rsquo;ensemble du parc nucl\u00e9aire\u00a0\u00bb, a soulign\u00e9 une porte-parole d&rsquo;EDF \u00e0 l&rsquo;AFP.<\/p><\/blockquote>\n\n\n\n<h2 class=\"wp-block-heading\">Des banderoles de protestation contre sa fermeture<\/h2>\n\n\n\n<p>Peu avant 23 heures, une vingtaine de salari\u00e9s se sont donn\u00e9 rendez-vous sur le parking devant la centrale, mise en service en 1977, pour \u00eatre pr\u00e9sents au moment de son arr\u00eat d\u00e9finitif. L&rsquo;occasion d&rsquo;\u00e9mouvantes photos de groupe devant les portes de l&rsquo;enceinte.<\/p>\n\n\n\n<p>Sur la cl\u00f4ture de l&rsquo;enceinte sont toujours accroch\u00e9es des banderoles de protestation contre la fermeture, clamant \u00ab\u00a0Fessenheim la sacrifi\u00e9e !\u00a0\u00bb ou \u00ab\u00a0La fermeture anticip\u00e9e est une faute historique\u00a0\u00bb. Des d\u00e9fenseurs de l&rsquo;\u00e9nergie nucl\u00e9aire ont \u00e9galement manifest\u00e9 \u00e0 Paris en d\u00e9but de soir\u00e9e devant le si\u00e8ge de Greenpeace.<\/p>\n\n\n\n<p>La fermeture de la centrale de Fessenheim, install\u00e9e en bordure du Rhin, pr\u00e8s de l&rsquo;Allemagne et de la Suisse, intervient comme&nbsp;<a href=\"https:\/\/www.bfmtv.com\/economie\/ce-que-represente-la-fermeture-de-la-centrale-nucleaire-de-fessenheim_AN-202006290158.html\">un point final apr\u00e8s des ann\u00e9es de remous, de d\u00e9bats et de reports de son arr\u00eat<\/a>.<\/p>\n\n\n\n<p>Ses deux r\u00e9acteurs \u00e0 eau pressuris\u00e9e d&rsquo;une puissance de 900 m\u00e9gawatts (MW) chacun produisaient en moyenne 11 milliards de kilowattheure (kWh) chaque ann\u00e9e, soit 70% de la consommation d&rsquo;\u00e9lectricit\u00e9 d&rsquo;une r\u00e9gion comme l&rsquo;Alsace.<\/p>\n","protected":false},"excerpt":{"rendered":"<p>La centrale nucl\u00e9aire de Fessenheim ferme d\u00e9finitivement dans la nuit de lundi \u00e0 mardi. Fessenheim, la doyenne des centrales nucl\u00e9aires fran\u00e7aises, ne produira plus d&rsquo;\u00e9lectricit\u00e9:&nbsp;le second r\u00e9acteur a \u00e9t\u00e9 d\u00e9branch\u00e9 du r\u00e9seau \u00e9lectrique national lundi soir&nbsp;\u00e0 23 heures, un cr\u00e9puscule c\u00e9l\u00e9br\u00e9 comme une victoire par les antinucl\u00e9aire mais v\u00e9cu comme un cr\u00e8ve-coeur par les salari\u00e9s [&hellip;]<\/p>\n","protected":false},"author":2,"featured_media":16082,"comment_status":"open","ping_status":"open","sticky":false,"template":"","format":"standard","meta":{"_jetpack_memberships_contains_paid_content":false,"footnotes":"","jetpack_publicize_message":"","jetpack_publicize_feature_enabled":true,"jetpack_social_post_already_shared":true,"jetpack_social_options":{"image_generator_settings":{"template":"highway","default_image_id":0,"font":"","enabled":false},"version":2},"_wpas_customize_per_network":false},"categories":[405],"tags":[],"class_list":["post-16081","post","type-post","status-publish","format-standard","has-post-thumbnail","hentry","category-actu-france-monde"],"jetpack_publicize_connections":[],"jetpack_featured_media_url":"https:\/\/i0.wp.com\/www.iceagetv.com\/radiosite\/wp-content\/uploads\/2020\/06\/LA-CENTRALE-NUCL%C3%89AIRE-DE-FESSENHEIM-D%C3%89FINITIVEMENT-D%C3%89BRANCH%C3%89E-DU-R%C3%89SEAU-%C3%89LECTRIQUE-NATIONAL.jpg?fit=980%2C450&ssl=1","jetpack_sharing_enabled":true,"_links":{"self":[{"href":"https:\/\/www.iceagetv.com\/radiosite\/wp-json\/wp\/v2\/posts\/16081","targetHints":{"allow":["GET"]}}],"collection":[{"href":"https:\/\/www.iceagetv.com\/radiosite\/wp-json\/wp\/v2\/posts"}],"about":[{"href":"https:\/\/www.iceagetv.com\/radiosite\/wp-json\/wp\/v2\/types\/post"}],"author":[{"embeddable":true,"href":"https:\/\/www.iceagetv.com\/radiosite\/wp-json\/wp\/v2\/users\/2"}],"replies":[{"embeddable":true,"href":"https:\/\/www.iceagetv.com\/radiosite\/wp-json\/wp\/v2\/comments?post=16081"}],"version-history":[{"count":1,"href":"https:\/\/www.iceagetv.com\/radiosite\/wp-json\/wp\/v2\/posts\/16081\/revisions"}],"predecessor-version":[{"id":16083,"href":"https:\/\/www.iceagetv.com\/radiosite\/wp-json\/wp\/v2\/posts\/16081\/revisions\/16083"}],"wp:featuredmedia":[{"embeddable":true,"href":"https:\/\/www.iceagetv.com\/radiosite\/wp-json\/wp\/v2\/media\/16082"}],"wp:attachment":[{"href":"https:\/\/www.iceagetv.com\/radiosite\/wp-json\/wp\/v2\/media?parent=16081"}],"wp:term":[{"taxonomy":"category","embeddable":true,"href":"https:\/\/www.iceagetv.com\/radiosite\/wp-json\/wp\/v2\/categories?post=16081"},{"taxonomy":"post_tag","embeddable":true,"href":"https:\/\/www.iceagetv.com\/radiosite\/wp-json\/wp\/v2\/tags?post=16081"}],"curies":[{"name":"wp","href":"https:\/\/api.w.org\/{rel}","templated":true}]}}