{"id":16090,"date":"2020-06-30T19:16:17","date_gmt":"2020-06-30T19:16:17","guid":{"rendered":"http:\/\/www.iceagetv.com\/radiosite\/?p=16090"},"modified":"2020-06-30T19:16:17","modified_gmt":"2020-06-30T19:16:17","slug":"airbus-va-supprimer-15-000-emplois-dont-5-000-en-france","status":"publish","type":"post","link":"https:\/\/www.iceagetv.com\/radiosite\/airbus-va-supprimer-15-000-emplois-dont-5-000-en-france\/","title":{"rendered":"Airbus va supprimer 15.000 emplois dont 5.000 en France"},"content":{"rendered":"\n<h2 class=\"wp-block-heading\">Face \u00e0 un trafic a\u00e9rien en chute libre, l&rsquo;avionneur europ\u00e9en taille durement dans le vif.&nbsp;Bercy juge \u00ab\u00a0excessif\u00a0\u00bb le chiffre des suppressions d&#8217;emplois.&nbsp;<\/h2>\n\n\n\n<p>Le plan social est sanglant: Airbus va supprimer 14.931 emplois dans le monde dont 5.000 en France (3.488 dans la branche avions commerciaux et 1.464 chez Stelia Aerospace), soit le haut de la fourchette des chiffres qui circulaient r\u00e9cemment.&nbsp;<\/p>\n\n\n\n<p>Le groupe qui emploie&nbsp;environ 90.000 personnes dans sa division d&rsquo;avions commerciaux (qui sera la seule touch\u00e9e) \u00ab\u00a0entend adapter ses effectifs mondiaux \u00e0 la crise du Covid-19\u00a0\u00bb d&rsquo;ici l&rsquo;\u00e9t\u00e9 2021 et \u00ab\u00a0redimensionner son activit\u00e9 dans l\u2019aviation commerciale\u00a0\u00bb, d\u00e9clare l&rsquo;avionneur europ\u00e9en dans un communiqu\u00e9.<\/p>\n\n\n\n<p>\u00ab\u00a0Les mesures prises jusqu&rsquo;\u00e0 pr\u00e9sent par la soci\u00e9t\u00e9 nous ont permis d&rsquo;absorber le choc initial de cette pand\u00e9mie. Nous devons maintenant assurer la durabilit\u00e9 de l&rsquo;entreprise et garantir notre capacit\u00e9 \u00e0 \u00e9merger de la crise en leader global du secteur a\u00e9rospatial, tout en nous adaptant aux d\u00e9fis immenses que rencontrent nos clients\u00a0\u00bb, explique Guillaume Faury, patron d&rsquo;Airbus, se disant \u00ab\u00a0d\u00e9termin\u00e9 \u00e0 limiter l&rsquo;impact social de cette adaptation\u00a0\u00bb.<\/p>\n\n\n\n<p>Le groupe souligne qu&rsquo;il \u00ab\u00a0n&rsquo;exclut pas \u00e0 ce stade des mesures forc\u00e9es mais travaillera avec ses partenaires sociaux pour limiter l&rsquo;impact de ce plan en s&rsquo;appuyant sur toutes les mesures sociales disponibles &nbsp;y compris les d\u00e9parts volontaires, les mesures de retraite anticip\u00e9e, ainsi que le ch\u00f4mage partiel de longue dur\u00e9e pour les activit\u00e9s qui s&rsquo;y pr\u00eatent\u00a0\u00bb.<\/p>\n\n\n\n<p>5.100 postes seront supprim\u00e9s en Allemagne, 1.700 au Royaume-Uni, 900 en Espagne et 1.300 dans les autres pays o\u00f9 le groupe est pr\u00e9sent.<\/p>\n\n\n\n<h3 class=\"wp-block-heading\">Le trafic a\u00e9rien ne reviendra&nbsp;\u00e0 la normale pas avant 2023 selon Airbus<\/h3>\n\n\n\n<p>\u00ab\u00a0Le processus d&rsquo;information et de consultation avec les partenaires sociaux a d\u00e9but\u00e9 en vue de conclure des accords dont la mise en oeuvre d\u00e9butera \u00e0 l&rsquo;automne 2020\u00a0\u00bb, ajoute le groupe.<br><\/p>\n\n\n\n<p>Airbus a plusieurs fois pr\u00e9par\u00e9 le terrain. Il y a encore une semaine, dans une lettre adress\u00e9e aux pr\u00e8s de 140.000 salari\u00e9s du groupe Guillaume Faurypr\u00e9venait:&nbsp;le niveau de trafic a\u00e9rien de 2019 ne sera pas retrouv\u00e9 au niveau mondial avant 2023 \u00ab\u00a0au mieux\u00a0\u00bb, \u00ab\u00a0voire 2025\u00a0\u00bb.<\/p>\n\n\n\n<p>Traduction: il faut s&rsquo;attendre \u00e0 une \u00ab\u00a0r\u00e9duction significative du format de notre entreprise. Apr\u00e8s des d\u00e9cennies de croissance ininterrompue, c&rsquo;est une v\u00e9ritable \u00e9preuve. Elle nous contraint \u00e0 des d\u00e9cisions am\u00e8res\u00a0\u00bb, ajoute M. Faury dans sa lettre qui \u00e9voque aussi le besoin de \u00ab\u00a0courage\u00a0\u00bb face \u00e0 \u00ab\u00a0des d\u00e9cisions difficiles\u00a0\u00bb.<\/p>\n\n\n\n<p>Et il y a quelques jours, l&rsquo;avionneur europ\u00e9en pr\u00e9venait qu&rsquo;il allait r\u00e9duire sa&nbsp;<a href=\"https:\/\/bfmbusiness.bfmtv.com\/entreprise\/airbus-s-attend-a-une-baisse-de-sa-production-de-40percent-au-cours-des-deux-ans-a-venir-1940484.html\">production de 40%<\/a>&nbsp;dans les deux ans \u00e0 venir.&nbsp;<\/p>\n\n\n\n<h3 class=\"wp-block-heading\">Bercy juge le chiffre \u00ab\u00a0excessif\u00a0\u00bb<\/h3>\n\n\n\n<p>Pour autant, le gouvernement juge ce mardi soir que le chiffre annonc\u00e9 \u00ab\u00a0est excessif\u00a0\u00bb et appelle \u00e0 r\u00e9duire au maximum les d\u00e9parts contraints\u00a0\u00bb.<\/p>\n\n\n\n<p>\u00ab\u00a0Nous attendons d&rsquo;Airbus qu&rsquo;il utilise pleinement les instruments mis en place par le gouvernement pour r\u00e9duire le nombre de suppressions d&#8217;emplois\u00a0\u00bb, et qu&rsquo;il limite \u00ab\u00a0au maximum les d\u00e9parts contraints\u00a0\u00bb, a pr\u00e9cis\u00e9 Bercy dans une d\u00e9claration transmise \u00e0 l&rsquo;AFP.<\/p>\n\n\n\n<p>Sur&nbsp;<a href=\"https:\/\/bfmbusiness.bfmtv.com\/entreprise\/airbus-le-gouvernement-appelle-a-limiter-au-maximum-les-suppressions-d-emplois-1940867.html\">BFM Business<\/a>&nbsp;ce mardi,&nbsp;Agn\u00e8s Pannier-Runacher,&nbsp;secr\u00e9taire d&rsquo;\u00c9tat aupr\u00e8s du ministre de l&rsquo;\u00c9conomie et des Finances pr\u00e9venait d&rsquo;ailleurs l&rsquo;avionneur. \u00ab\u00a0Sur l&rsquo;a\u00e9ronautique, nous avons pris nos responsabilit\u00e9s, nous avons pris un plan a\u00e9ronautique qui permet l&rsquo;accompagnement du ch\u00f4mage de longue dur\u00e9e partiel, avec un financement de la R&amp;D absolument \u00e9norme puisque nous multiplions par quatre ce financement\u00a0\u00bb.<\/p>\n\n\n\n<p>\u00ab\u00a0Cela permet de sauver des emplois. Donc, moi ce que je demande \u00e0 Guillaume Faury d&rsquo;utiliser tous les leviers de ce plan pour \u00e9viter, limiter au maximum les suppressions d&#8217;emplois\u00a0\u00bb poursuit-elle.<\/p>\n","protected":false},"excerpt":{"rendered":"<p>Face \u00e0 un trafic a\u00e9rien en chute libre, l&rsquo;avionneur europ\u00e9en taille durement dans le vif.&nbsp;Bercy juge \u00ab\u00a0excessif\u00a0\u00bb le chiffre des suppressions d&#8217;emplois.&nbsp; Le plan social est sanglant: Airbus va supprimer 14.931 emplois dans le monde dont 5.000 en France (3.488 dans la branche avions commerciaux et 1.464 chez Stelia Aerospace), soit le haut de la [&hellip;]<\/p>\n","protected":false},"author":2,"featured_media":16091,"comment_status":"open","ping_status":"open","sticky":false,"template":"","format":"standard","meta":{"_jetpack_memberships_contains_paid_content":false,"footnotes":"","jetpack_publicize_message":"","jetpack_publicize_feature_enabled":true,"jetpack_social_post_already_shared":true,"jetpack_social_options":{"image_generator_settings":{"template":"highway","default_image_id":0,"font":"","enabled":false},"version":2},"_wpas_customize_per_network":false},"categories":[405],"tags":[],"class_list":["post-16090","post","type-post","status-publish","format-standard","has-post-thumbnail","hentry","category-actu-france-monde"],"jetpack_publicize_connections":[],"jetpack_featured_media_url":"https:\/\/i0.wp.com\/www.iceagetv.com\/radiosite\/wp-content\/uploads\/2020\/06\/Airbus-va-supprimer-15.000-emplois-dont-5.000-en-France.jpeg?fit=876%2C600&ssl=1","jetpack_sharing_enabled":true,"_links":{"self":[{"href":"https:\/\/www.iceagetv.com\/radiosite\/wp-json\/wp\/v2\/posts\/16090","targetHints":{"allow":["GET"]}}],"collection":[{"href":"https:\/\/www.iceagetv.com\/radiosite\/wp-json\/wp\/v2\/posts"}],"about":[{"href":"https:\/\/www.iceagetv.com\/radiosite\/wp-json\/wp\/v2\/types\/post"}],"author":[{"embeddable":true,"href":"https:\/\/www.iceagetv.com\/radiosite\/wp-json\/wp\/v2\/users\/2"}],"replies":[{"embeddable":true,"href":"https:\/\/www.iceagetv.com\/radiosite\/wp-json\/wp\/v2\/comments?post=16090"}],"version-history":[{"count":1,"href":"https:\/\/www.iceagetv.com\/radiosite\/wp-json\/wp\/v2\/posts\/16090\/revisions"}],"predecessor-version":[{"id":16092,"href":"https:\/\/www.iceagetv.com\/radiosite\/wp-json\/wp\/v2\/posts\/16090\/revisions\/16092"}],"wp:featuredmedia":[{"embeddable":true,"href":"https:\/\/www.iceagetv.com\/radiosite\/wp-json\/wp\/v2\/media\/16091"}],"wp:attachment":[{"href":"https:\/\/www.iceagetv.com\/radiosite\/wp-json\/wp\/v2\/media?parent=16090"}],"wp:term":[{"taxonomy":"category","embeddable":true,"href":"https:\/\/www.iceagetv.com\/radiosite\/wp-json\/wp\/v2\/categories?post=16090"},{"taxonomy":"post_tag","embeddable":true,"href":"https:\/\/www.iceagetv.com\/radiosite\/wp-json\/wp\/v2\/tags?post=16090"}],"curies":[{"name":"wp","href":"https:\/\/api.w.org\/{rel}","templated":true}]}}