{"id":16099,"date":"2020-07-02T08:16:36","date_gmt":"2020-07-02T08:16:36","guid":{"rendered":"http:\/\/www.iceagetv.com\/radiosite\/?p=16099"},"modified":"2020-07-02T08:16:36","modified_gmt":"2020-07-02T08:16:36","slug":"remaniement-bientot-une-femme-a-matignon","status":"publish","type":"post","link":"https:\/\/www.iceagetv.com\/radiosite\/remaniement-bientot-une-femme-a-matignon\/","title":{"rendered":"Remaniement : bient\u00f4t une femme \u00e0 Matignon ?"},"content":{"rendered":"\n<p> <strong>Si Emmanuel Macron d\u00e9cidait de remercier Edouard Philippe, Florence Parly pourrait le remplacer. Le Pr\u00e9sident cherche aussi des \u00e9cologistes pour entrer au gouvernement.<\/strong>  Le remaniement, c\u2019est un peu: j\u2019ajoute une femme, je retire un homme et je retiens 2&Prime;. Le d\u00e9put\u00e9, qui parle ainsi, pr\u00e9f\u00e8re garder l\u2019anonymat mais n\u2019est pas \u00e0 court de blagues. Il en a une autre pour r\u00e9sumer la situation: \u00ab\u00a0A\u00a0ceux qui veulent adresser une note \u00e0 Macron, je dis: si tu veux \u00eatre lu, commence par le nom de deux femmes \u00e9colo\u00a0\u00bb. \u00c0 travers ces boutades tout est dit. Le nouveau casting minist\u00e9riel devrait comporter des femmes et des figures \u00e9cologistes. <\/p>\n\n\n\n<p>Des femmes, car un certain nombre de figures f\u00e9minines sont appel\u00e9es \u00e0 quitter le gouvernement. C\u2019est d\u00e9j\u00e0 le cas d\u2019Agn\u00e8s Buzyn qui a \u00e9t\u00e9 remplac\u00e9 par un homme, Olivier V\u00e9ran. Muriel P\u00e9nicaud pourrait lui succ\u00e9der. Le nom de Nicole Belloubet est aussi cit\u00e9. \u00ab\u00a0On voudrait que les choses ne s&rsquo;arr\u00eatent jamais\u00a0\u00bb, a-t-elle avou\u00e9 sur France Inter.<\/p>\n\n\n\n<h2 class=\"wp-block-heading\">Parly, pas d&rsquo;ombre au tableau<\/h2>\n\n\n\n<p>Dans l\u2019id\u00e9al, pour marquer les esprits, cr\u00e9er ce fameux effet \u00ab\u00a0wahoo\u00a0\u00bb&nbsp;dont il r\u00eavait d\u00e9j\u00e0 lors du dernier remaniement, Emmanuel Macron aimerait donc nommer une femme \u00e0 Matignon. Le nom de Florence Parly est, depuis quelques jours, sur toutes les l\u00e8vres. Elle rassemble, en effet, de nombreuses qualit\u00e9s. \u00c9narque, elle a une solide exp\u00e9rience politique comme conseill\u00e8re dans plusieurs cabinets minist\u00e9riels, puis secr\u00e9taire d&rsquo;\u00c9tat au Budget sous Lionel Jospin, mais aussi comme \u00e9lue locale en tant que vice-pr\u00e9sidente du conseil r\u00e9gional de Bourgogne.<\/p>\n\n\n\n<p>L\u2019actuelle ministre des Arm\u00e9es a une autre qualit\u00e9: elle est moins cap\u00e9e qu\u2019\u00c9douard Philippe. Or, selon certains proches de l\u2019\u00c9lys\u00e9e, si le Pr\u00e9sident d\u00e9cidait de remercier l\u2019actuel Premier ministre ce serait pour reprendre les r\u00eanes, redescendre dans l\u2019ar\u00e8ne, et donc avoir un chef de gouvernement moins m\u00e9diatique, plus technique, qui ne lui fasse pas d\u2019ombre.<\/p>\n\n\n\n<p>Emmanuel Macron est face \u00e0 un autre incontournable\u2005: verdir son gouvernement. Or, l\u00e0 encore, les candidats ne se bousculent pas. Le nom de Laurence Tubiana qui dirige le haut conseil pour le Climat est souvent cit\u00e9, comme celui de Nathalie Kosciusko-Morizet. En revanche, l\u2019ancienne secr\u00e9taire d\u2019\u00c9tat charg\u00e9e de la biodiversit\u00e9, Barbara Pompili, pourtant membre du groupe LREM, n\u2019\u00e9merge pas de fa\u00e7on \u00e9vidente.<\/p>\n\n\n\n<h2 class=\"wp-block-heading\">Grands p\u00f4les et super ministres<\/h2>\n\n\n\n<p>Une nouvelle architecture gouvernementale pourrait voir le jour. Elle serait constitu\u00e9e de grands p\u00f4les: un p\u00f4le r\u00e9galien, un p\u00f4le \u00e9conomique, un p\u00f4le sant\u00e9 et social, un p\u00f4le \u00e9ducation et culture et un p\u00f4le environnement. Ces p\u00f4les seraient dirig\u00e9s par de super ministres. En dessous, beaucoup plaident pour des postes de ministre de plein exercice qui pourraient \u00eatre \u00e9paul\u00e9s par des secr\u00e9taires d\u2019\u00c9tat th\u00e9matiques et temporaires. Ces derniers \u00ab\u00a0pourraient avoir une mission de 6 mois sur les petites lignes ferroviaires, par exemple o\u00f9 les retraites des agriculteurs\u2026 Ils seraient ainsi les ambassadeurs de leur sujet dans les m\u00e9dias. C\u2019est une id\u00e9e que Bayrou d\u00e9fend depuis longtemps\u00a0\u00bb, assurait, mardi, un pilier de la majorit\u00e9 \u00e0 la D\u00e9p\u00eache.<\/p>\n\n\n\n<p>Mais pour les postes de super ministres, l\u00e0 encore, peu de noms \u00e9mergent. Certains ministres d\u00e9j\u00e0 en place pourraient prendre plus de responsabilit\u00e9s, c\u2019est le cas de G\u00e9rald Darmanin ou encore de Marc Fesneaux. \u00ab\u00a0J&rsquo;esp\u00e8re que Jacqueline (Gourault) va rester car on va avoir besoin de son habilet\u00e9\u00a0\u00bb, pour g\u00e9rer la d\u00e9centralisation voulue par Emmanuel Macron, analysait un \u00e9lu r\u00e9cemment. Marl\u00e8ne Schiappa souhaite aussi avoir un portefeuille plus important. Quant \u00e0 Jean-Michel Blanquer, il n\u2019esp\u00e8re rien d&rsquo;autre que mener sa mission \u00e0 son terme \u00e0 l&rsquo;Education.<\/p>\n\n\n\n<p>Concernant les nouveaux entrants, plusieurs noms reviennent souvent comme celui de Laurence Vichnievsky, bin\u00f4me d\u2019Eva Joly dans l&rsquo;affaire Roland Dumas et actuelle vice-pr\u00e9sidente de la commission des lois, tout comme celui du tr\u00e8s europ\u00e9en Jean-Louis Bourlange. Jean-No\u00ebl Barrot, \u00e9conomiste et vice pr\u00e9sident du Modem, Jean-Luc Warsmann d\u00e9put\u00e9 des Ardennes et Richard Ramos, d\u00e9put\u00e9 du Loiret auraient aussi \u00e9t\u00e9 approch\u00e9s. \u00c0 gauche, ce sont deux anciens ministres qui font parler d\u2019eux, Manuel Valls et Arnaud Montebourg. Parmi les LR les noms des d\u00e9put\u00e9s Guillaume Larriv\u00e9 et Geoffroy Didier, celui du pr\u00e9sident des d\u00e9put\u00e9s LR Damien Abad, ou encore du maire de Ch\u00e2teauroux et pr\u00e9sident du comit\u00e9 des maires de LR Gil Av\u00e9rous reviennent aussi mais pas s\u00fbr que ceux-ci aient envie de quitter leur fonction pour un CDD de deux ans.<\/p>\n\n\n\n<p><\/p>\n\n\n\n<p><\/p>\n","protected":false},"excerpt":{"rendered":"<p>Si Emmanuel Macron d\u00e9cidait de remercier Edouard Philippe, Florence Parly pourrait le remplacer. Le Pr\u00e9sident cherche aussi des \u00e9cologistes pour entrer au gouvernement. Le remaniement, c\u2019est un peu: j\u2019ajoute une femme, je retire un homme et je retiens 2&Prime;. Le d\u00e9put\u00e9, qui parle ainsi, pr\u00e9f\u00e8re garder l\u2019anonymat mais n\u2019est pas \u00e0 court de blagues. Il [&hellip;]<\/p>\n","protected":false},"author":2,"featured_media":16100,"comment_status":"open","ping_status":"open","sticky":false,"template":"","format":"standard","meta":{"_jetpack_memberships_contains_paid_content":false,"footnotes":"","jetpack_publicize_message":"","jetpack_publicize_feature_enabled":true,"jetpack_social_post_already_shared":true,"jetpack_social_options":{"image_generator_settings":{"template":"highway","default_image_id":0,"font":"","enabled":false},"version":2},"_wpas_customize_per_network":false},"categories":[405],"tags":[],"class_list":["post-16099","post","type-post","status-publish","format-standard","has-post-thumbnail","hentry","category-actu-france-monde"],"jetpack_publicize_connections":[],"jetpack_featured_media_url":"https:\/\/i0.wp.com\/www.iceagetv.com\/radiosite\/wp-content\/uploads\/2020\/07\/bient%C3%B4t-une-femme-%C3%A0-Matignon.jpg?fit=885%2C500&ssl=1","jetpack_sharing_enabled":true,"_links":{"self":[{"href":"https:\/\/www.iceagetv.com\/radiosite\/wp-json\/wp\/v2\/posts\/16099","targetHints":{"allow":["GET"]}}],"collection":[{"href":"https:\/\/www.iceagetv.com\/radiosite\/wp-json\/wp\/v2\/posts"}],"about":[{"href":"https:\/\/www.iceagetv.com\/radiosite\/wp-json\/wp\/v2\/types\/post"}],"author":[{"embeddable":true,"href":"https:\/\/www.iceagetv.com\/radiosite\/wp-json\/wp\/v2\/users\/2"}],"replies":[{"embeddable":true,"href":"https:\/\/www.iceagetv.com\/radiosite\/wp-json\/wp\/v2\/comments?post=16099"}],"version-history":[{"count":1,"href":"https:\/\/www.iceagetv.com\/radiosite\/wp-json\/wp\/v2\/posts\/16099\/revisions"}],"predecessor-version":[{"id":16101,"href":"https:\/\/www.iceagetv.com\/radiosite\/wp-json\/wp\/v2\/posts\/16099\/revisions\/16101"}],"wp:featuredmedia":[{"embeddable":true,"href":"https:\/\/www.iceagetv.com\/radiosite\/wp-json\/wp\/v2\/media\/16100"}],"wp:attachment":[{"href":"https:\/\/www.iceagetv.com\/radiosite\/wp-json\/wp\/v2\/media?parent=16099"}],"wp:term":[{"taxonomy":"category","embeddable":true,"href":"https:\/\/www.iceagetv.com\/radiosite\/wp-json\/wp\/v2\/categories?post=16099"},{"taxonomy":"post_tag","embeddable":true,"href":"https:\/\/www.iceagetv.com\/radiosite\/wp-json\/wp\/v2\/tags?post=16099"}],"curies":[{"name":"wp","href":"https:\/\/api.w.org\/{rel}","templated":true}]}}