{"id":16105,"date":"2020-07-02T18:53:26","date_gmt":"2020-07-02T18:53:26","guid":{"rendered":"http:\/\/www.iceagetv.com\/radiosite\/?p=16105"},"modified":"2020-07-02T18:53:26","modified_gmt":"2020-07-02T18:53:26","slug":"emmanuel-macron-il-ny-aura-pas-dabandon-dune-reforme-des-retraites","status":"publish","type":"post","link":"https:\/\/www.iceagetv.com\/radiosite\/emmanuel-macron-il-ny-aura-pas-dabandon-dune-reforme-des-retraites\/","title":{"rendered":"EMMANUEL MACRON: \u00ab\u00a0IL N&rsquo;Y AURA PAS D&rsquo;ABANDON D&rsquo;UNE R\u00c9FORME DES RETRAITES\u00a0\u00bb"},"content":{"rendered":"\n<p>\n\nLe chef de l&rsquo;\u00c9tat ne renoncera pas \u00e0 la r\u00e9forme des retraites. S&rsquo;exprimant dans la presse r\u00e9gionale, Emmanuel Macron se dit \u00ab\u00a0ouvert \u00e0 ce qu\u2019elle soit transform\u00e9e\u00a0\u00bb et invite le gouvernement \u00e0 \u00ab\u00a0r\u00e9engager une concertation avec les partenaires sociaux cet \u00e9t\u00e9\u00a0\u00bb.<\/p>\n\n\n\n<p>Emmanuel Macron n&rsquo;a pas l&rsquo;intention de repousser la r\u00e9forme des retraites aux calendres grecques. \u00ab\u00a0La r\u00e9forme des retraites est-elle \u00e0 mettre \u00e0 la poubelle ? Non. Ce serait une erreur\u00a0\u00bb a d\u00e9clar\u00e9 le chef de l&rsquo;Etat dans un entretien accord\u00e9 \u00e0 la presse r\u00e9gionale.<\/p>\n\n\n\n<blockquote class=\"wp-block-quote is-layout-flow wp-block-quote-is-layout-flow\"><p>\u00ab\u00a0Le d\u00e9bat &#8211; que nous avions connu avant la crise &#8211; autour de la dur\u00e9e du nombre d\u2019ann\u00e9es de cotisations continue \u00e0 se poser. Nous ne pouvons pas vouloir notre ind\u00e9pendance, la reconqu\u00eate sociale, \u00e9conomique et environnementale, et \u00eatre un des pays d\u2019Europe o\u00f9 l\u2019on travaille le moins longtemps\u00a0\u00bb justifie t-il pour relancer le d\u00e9bat sur la r\u00e9forme du syst\u00e8me des retraites.<\/p><\/blockquote>\n\n\n\n<h2 class=\"wp-block-heading\">\u00ab\u00a0Cette France de la deuxi\u00e8me ligne est perdante avec le syst\u00e8me actuel\u00a0\u00bb<\/h2>\n\n\n\n<p>Le maintien de la r\u00e9forme du syst\u00e8me des retraites est justifi\u00e9 aussi, selon lui, car elle b\u00e9n\u00e9ficiera en premier lieu aux salari\u00e9s de la \u00ab\u00a0deuxi\u00e8me ligne\u00a0\u00bb. \u00ab\u00a0Ces Fran\u00e7aises et ces Fran\u00e7ais engag\u00e9s dans des petits emplois pr\u00e9caires. Les livreurs, les caissi\u00e8res\u2026 Cette France-l\u00e0 est perdante dans le syst\u00e8me actuel\u00a0\u00bb.<\/p>\n\n\n\n<p>Emmanuel Macron conc\u00e8de que le texte actuel de la r\u00e9fome des retraites ne sera pas celui qui sera rediscut\u00e9 au Parlement, compte tenu de la crise sanitaire qui n&rsquo;est pas termin\u00e9e et de la r\u00e9cession \u00e9conomique \u00e0 venir. \u00ab\u00a0Elle ne peut pas \u00eatre reprise de mani\u00e8re inchang\u00e9e \u00e0 la sortie de la crise\u00a0\u00bb estime-t-il.<\/p>\n\n\n\n<blockquote class=\"wp-block-quote is-layout-flow wp-block-quote-is-layout-flow\"><p>Il exprime son intention d&rsquo;inviter le gouvernement \u00e0 \u00ab\u00a0r\u00e9engager une concertation avec les partenaires sociaux en profondeur\u00a0\u00bb cet \u00e9t\u00e9. \u00ab\u00a0Il n\u2019y aura pas d\u2019abandon d\u2019une r\u00e9forme des retraites. Je suis ouvert \u00e0 ce qu\u2019elle soit transform\u00e9e\u00a0\u00bb ajoute le chef de l&rsquo;\u00c9tat.<\/p><\/blockquote>\n\n\n\n<p><\/p>\n","protected":false},"excerpt":{"rendered":"<p>Le chef de l&rsquo;\u00c9tat ne renoncera pas \u00e0 la r\u00e9forme des retraites. S&rsquo;exprimant dans la presse r\u00e9gionale, Emmanuel Macron se dit \u00ab\u00a0ouvert \u00e0 ce qu\u2019elle soit transform\u00e9e\u00a0\u00bb et invite le gouvernement \u00e0 \u00ab\u00a0r\u00e9engager une concertation avec les partenaires sociaux cet \u00e9t\u00e9\u00a0\u00bb. Emmanuel Macron n&rsquo;a pas l&rsquo;intention de repousser la r\u00e9forme des retraites aux calendres grecques. [&hellip;]<\/p>\n","protected":false},"author":2,"featured_media":16106,"comment_status":"open","ping_status":"open","sticky":false,"template":"","format":"standard","meta":{"_jetpack_memberships_contains_paid_content":false,"footnotes":"","jetpack_publicize_message":"","jetpack_publicize_feature_enabled":true,"jetpack_social_post_already_shared":true,"jetpack_social_options":{"image_generator_settings":{"template":"highway","default_image_id":0,"font":"","enabled":false},"version":2},"_wpas_customize_per_network":false},"categories":[405],"tags":[],"class_list":["post-16105","post","type-post","status-publish","format-standard","has-post-thumbnail","hentry","category-actu-france-monde"],"jetpack_publicize_connections":[],"jetpack_featured_media_url":"https:\/\/i0.wp.com\/www.iceagetv.com\/radiosite\/wp-content\/uploads\/2020\/07\/IL-NY-AURA-PAS-DABANDON-DUNE-R%C3%89FORME-DES-RETRAITES.jpg?fit=800%2C450&ssl=1","jetpack_sharing_enabled":true,"_links":{"self":[{"href":"https:\/\/www.iceagetv.com\/radiosite\/wp-json\/wp\/v2\/posts\/16105","targetHints":{"allow":["GET"]}}],"collection":[{"href":"https:\/\/www.iceagetv.com\/radiosite\/wp-json\/wp\/v2\/posts"}],"about":[{"href":"https:\/\/www.iceagetv.com\/radiosite\/wp-json\/wp\/v2\/types\/post"}],"author":[{"embeddable":true,"href":"https:\/\/www.iceagetv.com\/radiosite\/wp-json\/wp\/v2\/users\/2"}],"replies":[{"embeddable":true,"href":"https:\/\/www.iceagetv.com\/radiosite\/wp-json\/wp\/v2\/comments?post=16105"}],"version-history":[{"count":1,"href":"https:\/\/www.iceagetv.com\/radiosite\/wp-json\/wp\/v2\/posts\/16105\/revisions"}],"predecessor-version":[{"id":16107,"href":"https:\/\/www.iceagetv.com\/radiosite\/wp-json\/wp\/v2\/posts\/16105\/revisions\/16107"}],"wp:featuredmedia":[{"embeddable":true,"href":"https:\/\/www.iceagetv.com\/radiosite\/wp-json\/wp\/v2\/media\/16106"}],"wp:attachment":[{"href":"https:\/\/www.iceagetv.com\/radiosite\/wp-json\/wp\/v2\/media?parent=16105"}],"wp:term":[{"taxonomy":"category","embeddable":true,"href":"https:\/\/www.iceagetv.com\/radiosite\/wp-json\/wp\/v2\/categories?post=16105"},{"taxonomy":"post_tag","embeddable":true,"href":"https:\/\/www.iceagetv.com\/radiosite\/wp-json\/wp\/v2\/tags?post=16105"}],"curies":[{"name":"wp","href":"https:\/\/api.w.org\/{rel}","templated":true}]}}