{"id":16117,"date":"2020-07-03T14:58:47","date_gmt":"2020-07-03T14:58:47","guid":{"rendered":"http:\/\/www.iceagetv.com\/radiosite\/?p=16117"},"modified":"2020-07-03T14:58:47","modified_gmt":"2020-07-03T14:58:47","slug":"jean-castex-le-monsieur-deconfinement-nomme-premier-ministre-en-remplacement-dedouard-philippe-annonce-lelysee","status":"publish","type":"post","link":"https:\/\/www.iceagetv.com\/radiosite\/jean-castex-le-monsieur-deconfinement-nomme-premier-ministre-en-remplacement-dedouard-philippe-annonce-lelysee\/","title":{"rendered":"Jean Castex, le \u00ab\u00a0monsieur d\u00e9confinement\u00a0\u00bb, nomm\u00e9 Premier ministre en remplacement d&rsquo;Edouard Philippe, annonce l&rsquo;Elys\u00e9e"},"content":{"rendered":"\n<p> <strong>Jean Castex a appel\u00e9 Nicolas Sarkozy juste apr\u00e8s sa nomination, r\u00e9v\u00e8le CNews<\/strong>  Pour son d\u00e9part, Edouard Philippe a r\u00e9uni ses collaborateurs dans les jardins de Matignon. Comme le montre une photo de Thierry Sol\u00e8re sur Twitter, il est apparu en chemise avec des boutons de manchette \u00e0 la forme de &#8230; tongs roses! <\/p>\n\n\n\n<p>Dans un court communiqu\u00e9, Jean Castex, maire de Prades, explique qu&rsquo;il a accept\u00e9 de succ\u00e9der \u00e0 Edouard Philippe,&nbsp;\u00ab\u00a0compte tenu des circonstances exceptionnelles, dans lesquelles se trouve notre pays\u00a0\u00bb. \u00ab\u00a0Je mesure l&rsquo;immensit\u00e9 de la t\u00e2che qui m&rsquo;attend\u00a0\u00bb, \u00e9crit-il. Puis de saluer les Prad\u00e9ens en ces termes :&nbsp;\u00ab\u00a0Pour la remplir, je serai puissamment aid\u00e9 par l\u2019exp\u00e9rience acquise \u00e0 votre c\u00f4t\u00e9 en tant que maire et par le fort soutien d\u00e9mocratique que vous m\u2019avez depuis longtemps manifest\u00e9.\u00a0\u00bb&nbsp;<\/p>\n\n\n\n<p>Et d&rsquo;ajouter&nbsp;que sa nomination ne lui&nbsp;\u00ab\u00a0permettra plus d\u2019exercer la charge de maire, je resterai membre du conseil municipal. Le premier adjoint, Yves Delcor, assurera l\u2019int\u00e9rim\u00a0\u00bb.<\/p>\n\n\n\n<p> Selon les informations\u00a0du\u00a0Point, Emmanuel Macron aurait confi\u00e9 \u00e0 \u00c9douard Philippe la mission de reconstruire la majorit\u00e9 dans la perspective de 2022.  L&rsquo;ancienne ministre de la Sant\u00e9 salue l&rsquo;action d&rsquo;\u00c9douard Philippe sur Twitter. \u00ab\u00a0Vous avez \u00e9t\u00e9 un Premier ministre exceptionnel, par temps calme comme dans la temp\u00eate. C&rsquo;est \u00e0 cela que l&rsquo;on reconna\u00eet un homme d&rsquo;\u00c9tat. Ce fut un honneur de servir la France dans votre gouvernement.\u00a0\u00bb <\/p>\n\n\n\n<p>Emmanuel Macron&nbsp;a nomm\u00e9&nbsp;Jean Castex&nbsp;au poste de Premier ministre, en remplacement d&rsquo;Edouard Philippe, et l&rsquo;a charg\u00e9 de former un nouveau gouvernement, a annonc\u00e9 vendredi l&rsquo;Elys\u00e9e.<\/p>\n\n\n\n<p>Ex-collaborateur de&nbsp;Nicolas Sarkozy, Jean Castex,&nbsp;55&nbsp;ans, maire&nbsp;LR&nbsp;de Prades (Pyr\u00e9n\u00e9es orientales), est depuis avril le d\u00e9l\u00e9gu\u00e9 interminist\u00e9riel charg\u00e9 du d\u00e9confinement.<\/p>\n\n\n\n<p>\u00ab\u00a0Il est un haut fonctionnaire complet et polyvalent qui aura \u00e0 coeur de r\u00e9former l&rsquo;Etat et de conduire un dialogue apais\u00e9 avec les territoires\u00a0\u00bb, a expliqu\u00e9 l&rsquo;Elys\u00e9e.<\/p>\n\n\n\n<p>\u00ab\u00a0Il est l&rsquo;homme de la situation\u00a0\u00bb car, \u00ab\u00a0connu pour travailler par le dialogue et dans un esprit de rassemblement\u00a0\u00bb, il \u00ab\u00a0saura mettre en oeuvre les reconstructions \u00e9voqu\u00e9es par le chef de l&rsquo;Etat dans ses derni\u00e8res expressions dans le cadre du nouveau chemin\u00a0\u00bb du quinquennat.<\/p>\n\n\n\n<p>La pr\u00e9sidence pr\u00e9sente Jean Castex comme \u00ab\u00a0l&rsquo;homme du d\u00e9confinement r\u00e9ussi\u00a0\u00bb qui \u00ab\u00a0est appel\u00e9 \u00e0 un moment critique de la crise sanitaire\u00a0\u00bb.<\/p>\n\n\n\n<p>Sa nomination \u00ab\u00a0est un choix macronien, conforme \u00e0 l&rsquo;esprit de d\u00e9passement port\u00e9 par le pr\u00e9sident depuis trois ans\u00a0\u00bb, souligne-t-on de m\u00eame source. Cet homme, qui \u00ab\u00a0a travaill\u00e9 avec Xavier Bertrand, Nicolas Sarkozy et Edouard Philippe\u00a0\u00bb, \u00ab\u00a0vient de la droite mais c&rsquo;est un gaulliste social\u00a0\u00bb.<\/p>\n\n\n\n<p>Il est \u00ab\u00a0parfaitement rompu aux arcanes parisiennes et fin connaisseur des r\u00e9alit\u00e9s locales et territoriales\u00a0\u00bb, \u00ab\u00a0qui conjugue exp\u00e9rience de la haute fonction publique -il est membre de la Cour des Comptes-&nbsp;et des mandats locaux: \u00e0 la fois maire, pr\u00e9sident d&rsquo;une communaut\u00e9 de communes et conseiller d\u00e9partemental\u00a0\u00bb, selon l&rsquo;Elys\u00e9e. \u00ab\u00a0Paris et Prades, c&rsquo;est un contraste important dans la p\u00e9riode de reconstruction plurielle qui s&rsquo;ouvre\u00a0\u00bb.<\/p>\n\n\n\n<p> Ce soir, le Premier ministre Jean CASTEX sera l&rsquo;invit\u00e9 exceptionnel du JT de 20H en plateau.\u00a0C&rsquo;est la premi\u00e8re interview du Premier ministre nomm\u00e9 ce jour par le pr\u00e9sident de la R\u00e9publique.\u00a0Jean CASTEX r\u00e9pondra en direct aux questions d&rsquo;Anne-Claire COUDRAY.\u00a0 <\/p>\n","protected":false},"excerpt":{"rendered":"<p>Jean Castex a appel\u00e9 Nicolas Sarkozy juste apr\u00e8s sa nomination, r\u00e9v\u00e8le CNews Pour son d\u00e9part, Edouard Philippe a r\u00e9uni ses collaborateurs dans les jardins de Matignon. Comme le montre une photo de Thierry Sol\u00e8re sur Twitter, il est apparu en chemise avec des boutons de manchette \u00e0 la forme de &#8230; tongs roses! Dans un [&hellip;]<\/p>\n","protected":false},"author":2,"featured_media":16118,"comment_status":"open","ping_status":"open","sticky":false,"template":"","format":"standard","meta":{"_jetpack_memberships_contains_paid_content":false,"footnotes":"","jetpack_publicize_message":"","jetpack_publicize_feature_enabled":true,"jetpack_social_post_already_shared":true,"jetpack_social_options":{"image_generator_settings":{"template":"highway","default_image_id":0,"font":"","enabled":false},"version":2},"_wpas_customize_per_network":false},"categories":[405],"tags":[],"class_list":["post-16117","post","type-post","status-publish","format-standard","has-post-thumbnail","hentry","category-actu-france-monde"],"jetpack_publicize_connections":[],"jetpack_featured_media_url":"https:\/\/i0.wp.com\/www.iceagetv.com\/radiosite\/wp-content\/uploads\/2020\/07\/Jean-Castex.png?fit=556%2C379&ssl=1","jetpack_sharing_enabled":true,"_links":{"self":[{"href":"https:\/\/www.iceagetv.com\/radiosite\/wp-json\/wp\/v2\/posts\/16117","targetHints":{"allow":["GET"]}}],"collection":[{"href":"https:\/\/www.iceagetv.com\/radiosite\/wp-json\/wp\/v2\/posts"}],"about":[{"href":"https:\/\/www.iceagetv.com\/radiosite\/wp-json\/wp\/v2\/types\/post"}],"author":[{"embeddable":true,"href":"https:\/\/www.iceagetv.com\/radiosite\/wp-json\/wp\/v2\/users\/2"}],"replies":[{"embeddable":true,"href":"https:\/\/www.iceagetv.com\/radiosite\/wp-json\/wp\/v2\/comments?post=16117"}],"version-history":[{"count":1,"href":"https:\/\/www.iceagetv.com\/radiosite\/wp-json\/wp\/v2\/posts\/16117\/revisions"}],"predecessor-version":[{"id":16119,"href":"https:\/\/www.iceagetv.com\/radiosite\/wp-json\/wp\/v2\/posts\/16117\/revisions\/16119"}],"wp:featuredmedia":[{"embeddable":true,"href":"https:\/\/www.iceagetv.com\/radiosite\/wp-json\/wp\/v2\/media\/16118"}],"wp:attachment":[{"href":"https:\/\/www.iceagetv.com\/radiosite\/wp-json\/wp\/v2\/media?parent=16117"}],"wp:term":[{"taxonomy":"category","embeddable":true,"href":"https:\/\/www.iceagetv.com\/radiosite\/wp-json\/wp\/v2\/categories?post=16117"},{"taxonomy":"post_tag","embeddable":true,"href":"https:\/\/www.iceagetv.com\/radiosite\/wp-json\/wp\/v2\/tags?post=16117"}],"curies":[{"name":"wp","href":"https:\/\/api.w.org\/{rel}","templated":true}]}}