{"id":16124,"date":"2020-07-03T15:07:16","date_gmt":"2020-07-03T15:07:16","guid":{"rendered":"http:\/\/www.iceagetv.com\/radiosite\/?p=16124"},"modified":"2020-07-03T15:07:16","modified_gmt":"2020-07-03T15:07:16","slug":"mais-qui-est-jean-castex-le-nouveau-premier-ministre-qui-vient-detre-nomme-par-emmanuel-macron-pour-remplacer-edouard-philippe","status":"publish","type":"post","link":"https:\/\/www.iceagetv.com\/radiosite\/mais-qui-est-jean-castex-le-nouveau-premier-ministre-qui-vient-detre-nomme-par-emmanuel-macron-pour-remplacer-edouard-philippe\/","title":{"rendered":"Mais qui est Jean Castex, le nouveau premier Ministre qui vient d&rsquo;\u00eatre nomm\u00e9 par Emmanuel Macron pour remplacer Edouard Philippe ?"},"content":{"rendered":"\n<p>Emmanuel Macron a nomm\u00e9 Jean Castex au poste de Premier ministre, en remplacement d&rsquo;Edouard Philippe, et l&rsquo;a charg\u00e9 de former un nouveau gouvernement, a annonc\u00e9 vendredi l&rsquo;Elys\u00e9e.<\/p>\n\n\n\n<p>Ex-collaborateur de Nicolas Sarkozy, Jean Castex, 55 ans, maire LR de Prades (Pyr\u00e9n\u00e9es orientales), est depuis avril le d\u00e9l\u00e9gu\u00e9 interminist\u00e9riel charg\u00e9 du d\u00e9confinement.<\/p>\n\n\n\n<p>\u00ab\u00a0Il est un haut fonctionnaire complet et polyvalent qui aura \u00e0 c\u0153ur de r\u00e9former l&rsquo;Etat et de conduire un dialogue apais\u00e9 avec les territoires\u00a0\u00bb, a expliqu\u00e9 l&rsquo;Elys\u00e9e.<\/p>\n\n\n\n<p>\u00ab\u00a0Il est l&rsquo;homme de la situation\u00a0\u00bb car, \u00ab\u00a0connu pour travailler par le dialogue et dans un esprit de rassemblement\u00a0\u00bb, il \u00ab\u00a0saura mettre en \u0153uvre les reconstructions \u00e9voqu\u00e9es par le chef de l&rsquo;Etat dans ses derni\u00e8res expressions dans le cadre du nouveau chemin\u00a0\u00bb du quinquennat.<\/p>\n\n\n\n<p>La pr\u00e9sidence pr\u00e9sente Jean Castex comme \u00ab\u00a0l&rsquo;homme du d\u00e9confinement r\u00e9ussi\u00a0\u00bb qui \u00ab\u00a0est appel\u00e9 \u00e0 un moment critique de la crise sanitaire\u00a0\u00bb.<\/p>\n\n\n\n<p>Sa nomination \u00ab\u00a0est un choix macronien, conforme \u00e0 l&rsquo;esprit de d\u00e9passement port\u00e9 par le pr\u00e9sident depuis trois ans\u00a0\u00bb, souligne-t-on de m\u00eame source. Cet homme, qui \u00ab\u00a0a travaill\u00e9 avec Xavier Bertrand, Nicolas Sarkozy et Edouard Philippe\u00a0\u00bb, \u00ab\u00a0vient de la droite mais c&rsquo;est un gaulliste social\u00a0\u00bb.<\/p>\n\n\n\n<p>Il est \u00ab\u00a0parfaitement rompu aux arcanes parisiennes et fin connaisseur des r\u00e9alit\u00e9s locales et territoriales\u00a0\u00bb, \u00ab\u00a0qui conjugue exp\u00e9rience de la haute fonction publique -il est membre de la Cour des Comptes- et des mandats locaux: \u00e0 la fois maire, pr\u00e9sident d&rsquo;une communaut\u00e9 de communes et conseiller d\u00e9partemental\u00a0\u00bb, selon l&rsquo;Elys\u00e9e. \u00ab\u00a0Paris et Prades, c&rsquo;est un contraste important dans la p\u00e9riode de reconstruction plurielle qui s&rsquo;ouvre\u00a0\u00bb.<\/p>\n\n\n\n<p>Biographie: (source:&nbsp;<a href=\"https:\/\/www.gala.fr\/stars_et_gotha\/jean_castex\" target=\"_blank\" rel=\"noreferrer noopener\">Gala<\/a>)<\/p>\n\n\n\n<p>Jean Castex est n\u00e9 le 25 juin 1965 \u00e0 Vic-Fezensac dans le Gers. Rapidement, il suit les traces de son grand-p\u00e8re, Marc Castex, maire de Vic-Fezensac (1971\u20131989) et s\u00e9nateur du Gers (1980\u20131989) et se passionne pour la politique. Dipl\u00f4m\u00e9 de l\u2019Institut d\u2019Etudes Politiques de Paris, il int\u00e8gre ensuite l\u2019ENA (promotion Victor-Hugo, 1991).<\/p>\n\n\n\n<p>Le haut fonctionnaire entame une carri\u00e8re \u00e0 la Cour des Comptes, o\u00f9 il va occuper diff\u00e9rents postes. Entre 2006 et 2008, il occupe le poste de directeur du cabinet de Xavier Bertrand, alors ministre de la Sant\u00e9 et des Solidarit\u00e9s puis du Travail, des Relations sociales et de la Solidarit\u00e9.&nbsp;<\/p>\n\n\n\n<p>En 2008, il est \u00e9lu maire de la petite commune de Prades dans les Pyr\u00e9n\u00e9es-Orientales. Tr\u00e8s investi dans sa r\u00e9gion, il est \u00e9lu conseiller d\u00e9partemental des Pyr\u00e9n\u00e9es-Orientales en mars 2015. En mars 2020, lors des \u00e9lections municipales, il est r\u00e9\u00e9lu d\u00e8s le premier tour.&nbsp;<\/p>\n\n\n\n<p>En f\u00e9vrier 2011, il est nomm\u00e9 Secr\u00e9taire g\u00e9n\u00e9ral adjoint de la pr\u00e9sidence de la R\u00e9publique, poste qu\u2019il occupe jusqu\u2019au d\u00e9part de Nicolas Sarkozy en mai 2012. En 2017, il est choisi pour \u00eatre d\u00e9l\u00e9gu\u00e9 interminist\u00e9riel aux Jeux Olympiques et Paralympiques 2024 \u00e0 Paris. Il est pr\u00e9sident de l\u2019Agence nationale du sport depuis 2019.&nbsp;<\/p>\n\n\n\n<p>Le 2 avril 2020, en pleine pand\u00e9mie de Covid-19, Jean Castex est charg\u00e9 par le Premier ministre d\u2019\u00e9tudier les diff\u00e9rentes strat\u00e9gies de d\u00e9confinement.&nbsp;&nbsp;<\/p>\n","protected":false},"excerpt":{"rendered":"<p>Emmanuel Macron a nomm\u00e9 Jean Castex au poste de Premier ministre, en remplacement d&rsquo;Edouard Philippe, et l&rsquo;a charg\u00e9 de former un nouveau gouvernement, a annonc\u00e9 vendredi l&rsquo;Elys\u00e9e. Ex-collaborateur de Nicolas Sarkozy, Jean Castex, 55 ans, maire LR de Prades (Pyr\u00e9n\u00e9es orientales), est depuis avril le d\u00e9l\u00e9gu\u00e9 interminist\u00e9riel charg\u00e9 du d\u00e9confinement. \u00ab\u00a0Il est un haut fonctionnaire [&hellip;]<\/p>\n","protected":false},"author":2,"featured_media":16125,"comment_status":"open","ping_status":"open","sticky":false,"template":"","format":"standard","meta":{"_jetpack_memberships_contains_paid_content":false,"footnotes":"","jetpack_publicize_message":"","jetpack_publicize_feature_enabled":true,"jetpack_social_post_already_shared":true,"jetpack_social_options":{"image_generator_settings":{"template":"highway","default_image_id":0,"font":"","enabled":false},"version":2},"_wpas_customize_per_network":false},"categories":[405],"tags":[],"class_list":["post-16124","post","type-post","status-publish","format-standard","has-post-thumbnail","hentry","category-actu-france-monde"],"jetpack_publicize_connections":[],"jetpack_featured_media_url":"https:\/\/i0.wp.com\/www.iceagetv.com\/radiosite\/wp-content\/uploads\/2020\/07\/Mais-qui-est-Jean-Castex.png?fit=639%2C265&ssl=1","jetpack_sharing_enabled":true,"_links":{"self":[{"href":"https:\/\/www.iceagetv.com\/radiosite\/wp-json\/wp\/v2\/posts\/16124","targetHints":{"allow":["GET"]}}],"collection":[{"href":"https:\/\/www.iceagetv.com\/radiosite\/wp-json\/wp\/v2\/posts"}],"about":[{"href":"https:\/\/www.iceagetv.com\/radiosite\/wp-json\/wp\/v2\/types\/post"}],"author":[{"embeddable":true,"href":"https:\/\/www.iceagetv.com\/radiosite\/wp-json\/wp\/v2\/users\/2"}],"replies":[{"embeddable":true,"href":"https:\/\/www.iceagetv.com\/radiosite\/wp-json\/wp\/v2\/comments?post=16124"}],"version-history":[{"count":1,"href":"https:\/\/www.iceagetv.com\/radiosite\/wp-json\/wp\/v2\/posts\/16124\/revisions"}],"predecessor-version":[{"id":16126,"href":"https:\/\/www.iceagetv.com\/radiosite\/wp-json\/wp\/v2\/posts\/16124\/revisions\/16126"}],"wp:featuredmedia":[{"embeddable":true,"href":"https:\/\/www.iceagetv.com\/radiosite\/wp-json\/wp\/v2\/media\/16125"}],"wp:attachment":[{"href":"https:\/\/www.iceagetv.com\/radiosite\/wp-json\/wp\/v2\/media?parent=16124"}],"wp:term":[{"taxonomy":"category","embeddable":true,"href":"https:\/\/www.iceagetv.com\/radiosite\/wp-json\/wp\/v2\/categories?post=16124"},{"taxonomy":"post_tag","embeddable":true,"href":"https:\/\/www.iceagetv.com\/radiosite\/wp-json\/wp\/v2\/tags?post=16124"}],"curies":[{"name":"wp","href":"https:\/\/api.w.org\/{rel}","templated":true}]}}