{"id":16130,"date":"2020-07-04T11:27:25","date_gmt":"2020-07-04T11:27:25","guid":{"rendered":"http:\/\/www.iceagetv.com\/radiosite\/?p=16130"},"modified":"2020-07-04T11:27:25","modified_gmt":"2020-07-04T11:27:25","slug":"200-000-personnes-reconfinees-en-catalogne-ce-nest-plus-un-cluster-cest-preoccupant","status":"publish","type":"post","link":"https:\/\/www.iceagetv.com\/radiosite\/200-000-personnes-reconfinees-en-catalogne-ce-nest-plus-un-cluster-cest-preoccupant\/","title":{"rendered":"200.000 personnes reconfin\u00e9es en Catalogne : \u00ab\u00a0Ce n&rsquo;est plus un cluster, c&rsquo;est pr\u00e9occupant\u00a0\u00bb"},"content":{"rendered":"\n<p> <strong>La r\u00e9gion de Catalogne a ordonn\u00e9 samedi le confinement de quelque 200.000 habitants autour de la ville de Lerida, en raison d&rsquo;un regain de contagion du coronavirus. Sur Europe 1, samedi midi, Anne-Claude Cr\u00e9mieux,\u00a0professeure en maladies infectieuses \u00e0 l\u2019h\u00f4pital Saint-Louis, explique qu'\u00a0\u00bbon est pass\u00e9 au del\u00e0 du contr\u00f4le des cha\u00eenes de contamination\u00a0\u00bb.<\/strong>  C&rsquo;est la cons\u00e9quence d&rsquo;un rebond des contaminations au\u00a0<a href=\"https:\/\/www.europe1.fr\/dossiers\/coronavirus\">coronavirus<\/a>\u00a0dans le nord-est de l&rsquo;Espagne :\u00a0<a href=\"https:\/\/www.europe1.fr\/international\/coronavirus-la-catalogne-confine-quelque-200000-personnes-3979151\">la r\u00e9gion de Catalogne a ordonn\u00e9 samedi midi le reconfinement d&rsquo;environ 200.000 personnes<\/a>\u00a0autour de la ville de Lerida.\u00a0La ministre r\u00e9gionale de la Sant\u00e9, Alba Verges, a pr\u00e9cis\u00e9 que les regroupements de plus de dix personnes \u00e9taient interdits, et les visites dans les maisons de retraites suspendues. Au micro d&rsquo;Europe 1,\u00a0Anne-Claude Cr\u00e9mieux,\u00a0professeure en maladies infectieuses \u00e0 l\u2019h\u00f4pital Saint-Louis, affirme qu&rsquo;une telle situation est \u00ab\u00a0pr\u00e9occupante\u00a0\u00bb dans l&rsquo;\u00e9volution de l&rsquo;\u00e9pid\u00e9mie au niveau europ\u00e9en.  M\u00eame des pays qui semblaient avoir ma\u00eetris\u00e9 la situation gr\u00e2ce \u00e0 un confinement et \u00e0 un d\u00e9confinement relativement progressif font face aujourd&rsquo;hui \u00e0 des rebonds\u00a0\u00bb, affirme l&rsquo;\u00e9pid\u00e9miologiste,\u00a0auteure de Gouverner l\u2019impr\u00e9visible, pand\u00e9mie grippale, SRAS, crises sanitaires (\u00e9ditions Lavoisier). \u00ab\u00a0Cela nous rappelle que ce virus continue \u00e0 circuler, qu&rsquo;il ne s&rsquo;est absolument pas arr\u00eat\u00e9 de circuler avec le beau temps et l&rsquo;\u00e9t\u00e9.\u00a0\u00bb <\/p>\n\n\n\n<h2 class=\"wp-block-heading\">Rebond dans une zone g\u00e9ographique limit\u00e9e\u00a0\u00bb<\/h2>\n\n\n\n<p>Deux semaines seulement apr\u00e8s la lev\u00e9e du confinement g\u00e9n\u00e9ralis\u00e9 qui emp\u00eachait les Espagnols de quitter leur province, ce reconfinement de 200.000 habitants co\u00efncide avec la r\u00e9ouverture des fronti\u00e8res samedi aux ressortissants de 12 nouveaux pays. \u00ab\u00a0Lorsqu&rsquo;on rel\u00e2che la pression sur le virus, on s&rsquo;expose \u00e0 ce type de rebond sur une zone g\u00e9ographique limit\u00e9e. Cela veut dire que on est pass\u00e9 au del\u00e0 du contr\u00f4le des cha\u00eenes de contamination. On n&rsquo;est plus dans un cluster localis\u00e9, mais il s&rsquo;agit d&rsquo;une zone g\u00e9ographique dans lequel le virus circule. Effectivement, c&rsquo;est pr\u00e9occupant.\u00a0\u00bbL&rsquo;Espagne est l&rsquo;un des pays les plus affect\u00e9s par la pand\u00e9mie, avec au moins 28.385 morts. Mais les autorit\u00e9s estiment avoir r\u00e9ussi \u00e0 contr\u00f4ler la contagion apr\u00e8s un s\u00e9v\u00e8re confinement de plus de trois mois. Cependant, le pays avait enregistr\u00e9 vendredi 17 morts du coronavirus en un jour, selon le minist\u00e8re de la Sant\u00e9, soit le plus grand nombre quotidien de d\u00e9c\u00e8s depuis 19 juin.<\/p>\n\n\n\n<p><\/p>\n","protected":false},"excerpt":{"rendered":"<p>La r\u00e9gion de Catalogne a ordonn\u00e9 samedi le confinement de quelque 200.000 habitants autour de la ville de Lerida, en raison d&rsquo;un regain de contagion du coronavirus. Sur Europe 1, samedi midi, Anne-Claude Cr\u00e9mieux,\u00a0professeure en maladies infectieuses \u00e0 l\u2019h\u00f4pital Saint-Louis, explique qu&rsquo;\u00a0\u00bbon est pass\u00e9 au del\u00e0 du contr\u00f4le des cha\u00eenes de contamination\u00a0\u00bb. C&rsquo;est la cons\u00e9quence [&hellip;]<\/p>\n","protected":false},"author":2,"featured_media":16131,"comment_status":"open","ping_status":"open","sticky":false,"template":"","format":"standard","meta":{"_jetpack_memberships_contains_paid_content":false,"footnotes":"","jetpack_publicize_message":"","jetpack_publicize_feature_enabled":true,"jetpack_social_post_already_shared":true,"jetpack_social_options":{"image_generator_settings":{"template":"highway","default_image_id":0,"font":"","enabled":false},"version":2},"_wpas_customize_per_network":false},"categories":[405],"tags":[],"class_list":["post-16130","post","type-post","status-publish","format-standard","has-post-thumbnail","hentry","category-actu-france-monde"],"jetpack_publicize_connections":[],"jetpack_featured_media_url":"https:\/\/i0.wp.com\/www.iceagetv.com\/radiosite\/wp-content\/uploads\/2020\/07\/200.000-personnes-reconfin%C3%A9es-en-Catalogne.jpg?fit=680%2C340&ssl=1","jetpack_sharing_enabled":true,"_links":{"self":[{"href":"https:\/\/www.iceagetv.com\/radiosite\/wp-json\/wp\/v2\/posts\/16130","targetHints":{"allow":["GET"]}}],"collection":[{"href":"https:\/\/www.iceagetv.com\/radiosite\/wp-json\/wp\/v2\/posts"}],"about":[{"href":"https:\/\/www.iceagetv.com\/radiosite\/wp-json\/wp\/v2\/types\/post"}],"author":[{"embeddable":true,"href":"https:\/\/www.iceagetv.com\/radiosite\/wp-json\/wp\/v2\/users\/2"}],"replies":[{"embeddable":true,"href":"https:\/\/www.iceagetv.com\/radiosite\/wp-json\/wp\/v2\/comments?post=16130"}],"version-history":[{"count":1,"href":"https:\/\/www.iceagetv.com\/radiosite\/wp-json\/wp\/v2\/posts\/16130\/revisions"}],"predecessor-version":[{"id":16132,"href":"https:\/\/www.iceagetv.com\/radiosite\/wp-json\/wp\/v2\/posts\/16130\/revisions\/16132"}],"wp:featuredmedia":[{"embeddable":true,"href":"https:\/\/www.iceagetv.com\/radiosite\/wp-json\/wp\/v2\/media\/16131"}],"wp:attachment":[{"href":"https:\/\/www.iceagetv.com\/radiosite\/wp-json\/wp\/v2\/media?parent=16130"}],"wp:term":[{"taxonomy":"category","embeddable":true,"href":"https:\/\/www.iceagetv.com\/radiosite\/wp-json\/wp\/v2\/categories?post=16130"},{"taxonomy":"post_tag","embeddable":true,"href":"https:\/\/www.iceagetv.com\/radiosite\/wp-json\/wp\/v2\/tags?post=16130"}],"curies":[{"name":"wp","href":"https:\/\/api.w.org\/{rel}","templated":true}]}}