{"id":16147,"date":"2020-07-05T18:34:15","date_gmt":"2020-07-05T18:34:15","guid":{"rendered":"http:\/\/www.iceagetv.com\/radiosite\/?p=16147"},"modified":"2020-07-05T18:34:15","modified_gmt":"2020-07-05T18:34:15","slug":"gouvernement-castex-vers-un-grand-retour-des-territoires","status":"publish","type":"post","link":"https:\/\/www.iceagetv.com\/radiosite\/gouvernement-castex-vers-un-grand-retour-des-territoires\/","title":{"rendered":"Gouvernement Castex : Vers un grand retour des territoires ?"},"content":{"rendered":"\n<ul class=\"wp-block-list\"><li>Emmanuel Macron et son Premier ministre Jean Castex poursuivaient dimanche leurs consultations avec \u00ab&nbsp;l\u2019objectif de former un nouveau gouvernement pour lundi dans la journ\u00e9e&nbsp;\u00bb, a annonc\u00e9 l\u2019Elys\u00e9e.<\/li><li>A l\u2019image de Jean Castex, le futur gouvernement&nbsp;pourrait-il&nbsp;\u00eatre davantage compos\u00e9&nbsp;de personnalit\u00e9s issus des \u00ab&nbsp;territoires&nbsp;\u00bb&nbsp;?<\/li><li>\u00ab&nbsp;L\u2019enracinement local est une vertu qui sera tr\u00e8s certainement valoris\u00e9e&nbsp;\u00bb, analyse Daniel Boy, directeur de recherche \u00e0 Sciences Po Paris.<\/li><\/ul>\n\n\n\n<p>Former le nouveau gouvernement&nbsp;<a href=\"https:\/\/www.20minutes.fr\/politique\/2814683-20200704-remaniement-jean-castex-emmanuel-macron-veulent-former-nouveau-gouvernement-plus-vite\">\u00ab&nbsp;au plus vite&nbsp;\u00bb<\/a>. Tel est l\u2019objectif des derniers jours d\u2019Emmanuel Macron et du&nbsp;<a href=\"https:\/\/www.20minutes.fr\/politique\/2814143-20200703-remaniement-jean-castex-matignon-emmanuel-macron-reprend-renes\">nouveau Premier ministre,&nbsp;Jean Castex<\/a>, afin d\u2019appliquer un plan de relance face \u00e0 la crise \u00e9conomique et sociale, avant la pr\u00e9sidentielle de 2022. Pressenti ce dimanche, le nouveau gouvernement doit finalement&nbsp;<a href=\"https:\/\/www.20minutes.fr\/politique\/2815027-20200705-nouveau-gouvernement-probablement-annonce-lundi-matin-dit-richard-ferrand\">\u00eatre d\u00e9voil\u00e9 ce lundi&nbsp;<\/a>avec une vingtaine de ministres et de ministres d\u00e9l\u00e9gu\u00e9s.<\/p>\n\n\n\n<p>Le nouveau Premier ministre, ex-secr\u00e9taire g\u00e9n\u00e9ral adjoint de Nicolas Sarkozy \u00e0 l\u2019Elys\u00e9e, \u00e9tait jusqu\u2019ici membre de LR, \u00e9lu maire de Prades (Pyr\u00e9n\u00e9es-Orientales) en 2008 sous l\u2019\u00e9tiquette UMP.<a href=\"https:\/\/www.20minutes.fr\/politique\/2756995-20200408-coronavirus-jean-castex-monsieur-deconfinement-gouvernement\">\u00a0\u00ab\u00a0Monsieur d\u00e9confinement\u00a0\u00bb<\/a>\u00a0comme il \u00e9tait qualifi\u00e9 apr\u00e8s sa d\u00e9signation le 6\u00a0avril, pour coordonner la strat\u00e9gie nationale de d\u00e9confinement est vu comme dot\u00e9 d\u2019un solide \u00ab\u00a0ancrage local\u00a0\u00bb. \u00ab\u00a0Un maire du Sud, du monde rural, vient donc remplacer un maire du nord de la Loire, d\u2019une grande ville industrielle, maritime. Ainsi est la France, dans sa diversit\u00e9. Mais que nous devons plus que jamais r\u00e9unifi\u00e9e, r\u00e9concili\u00e9e\u00a0\u00bb,\u00a0<a href=\"https:\/\/www.20minutes.fr\/politique\/2814279-20200703-demission-gouvernement-bon-lance-philippe-castex-dressant-louanges-successeur\">a annonc\u00e9 vendredi Jean Castex, lors de la passation de pouvoirs<\/a>\u00a0avec Edouard Philippe.<\/p>\n\n\n\n<h2 class=\"wp-block-heading\">Les \u00ab&nbsp;territoires&nbsp;\u00bb plut\u00f4t que les \u00ab&nbsp;technos&nbsp;\u00bb&nbsp;?<\/h2>\n\n\n\n<p>Jean Castex a d\u2019ores et d\u00e9j\u00e0 indiqu\u00e9 qu\u2019il recevra lundi soir les parlementaires de la majorit\u00e9 et qu\u2019il pr\u00e9voyait&nbsp;<a href=\"https:\/\/www.20minutes.fr\/politique\/2814683-20200704-remaniement-jean-castex-emmanuel-macron-veulent-former-nouveau-gouvernement-plus-vite\">un discours de politique g\u00e9n\u00e9rale&nbsp;<\/a>\u00ab&nbsp;avant la mi-juillet&nbsp;\u00bb. En attendant, quel profil pour les membres de cette future \u00e9quipe gouvernementale&nbsp;?&nbsp;<em>Out<\/em>&nbsp;la \u00ab&nbsp;start-up nation&nbsp;\u00bb des premi\u00e8res heures, place \u00e0 des femmes et hommes de \u00ab&nbsp;terrain&nbsp;\u00bb pour ce nouvel acte du quinquennat&nbsp;?<\/p>\n\n\n\n<p>\u00ab&nbsp;La composition de mon \u00e9quipe correspondra aux priorit\u00e9s que nous nous fixons&nbsp;; ce n\u2019est pas un casting, c\u2019est un choix politique et cela doit r\u00e9pondre \u00e0 une exigence de comp\u00e9tence&nbsp;\u00bb, a-t-il pr\u00e9cis\u00e9&nbsp;<a href=\"https:\/\/www.lejdd.fr\/Politique\/jean-castex-au-jdd-vous-verrez-que-ma-personnalite-nest-pas-soluble-dans-le-terme-de-collaborateur-3979279\" target=\"_blank\" rel=\"noreferrer noopener\">dans les colonnes du JDD, ce dimanche<\/a>. Le remaniement s\u2019annonce \u00ab&nbsp;de grande ampleur&nbsp;\u00bb, selon l\u2019entourage du chef de l\u2019Etat, sollicit\u00e9 par l\u2019AFP assurant qu\u2019il y aura \u00ab&nbsp;de nouveaux talents&nbsp;\u00bb et \u00ab&nbsp;des personnalit\u00e9s venues d\u2019horizons diff\u00e9rents&nbsp;\u00bb. Et \u00e0 l\u2019image de Jean Castex, le gouvernement&nbsp;pourrait-il&nbsp;\u00eatre davantage compos\u00e9&nbsp;de personnalit\u00e9s issues des \u00ab&nbsp;territoires&nbsp;\u00bb plut\u00f4t que \u00ab&nbsp;techno&nbsp;\u00bb&nbsp;?&nbsp;&nbsp;<a href=\"http:\/\/www.sciencespo.fr\/cevipof\/fr\/chercheur\/daniel-boy\" target=\"_blank\" rel=\"noreferrer noopener\">Pour Daniel Boy, directeur de recherche \u00e0 Sciences po Paris<\/a>\u200b, ce choix pourrait en effet&nbsp;\u00eatre strat\u00e9gique et judicieux.<\/p>\n\n\n\n<h2 class=\"wp-block-heading\">\u00ab&nbsp;L\u2019enracinement local est une vertu qui sera tr\u00e8s certainement valoris\u00e9e&nbsp;\u00bb<\/h2>\n\n\n\n<p>\u00ab&nbsp;Quand on fait un gouvernement, c\u2019est une composition, un tableau, qui doit respecter toutes les couleurs. Et l\u2019ancrage en est une. L\u2019enracinement local est une vertu qui sera tr\u00e8s certainement valoris\u00e9e&nbsp;\u00bb, analyse-t-il aupr\u00e8s de<em>&nbsp;20 Minutes<\/em>. Selon lui, cela para\u00eet \u00ab&nbsp;important&nbsp;\u00bb car \u00ab&nbsp;l\u2019erreur d\u2019Emmanuel Macron dans sa premi\u00e8re partie de quinquennat est d\u2019avoir court-circuit\u00e9 les syndicats, les associations, les maires, le local. Et il s\u2019est rendu compte que c\u2019\u00e9tait crucial et d\u2019ailleurs Jean Castex a typiquement le profil de l\u2019\u00e9lu local&nbsp;\u00bb.<\/p>\n\n\n\n<p>Une semaine apr\u00e8s le second tour des \u00e9lections municipales, la future \u00e9quipe gouvernementale pourrait donc compter en partie sur des personnes ayant acquis une exp\u00e9rience politique gr\u00e2ce \u00e0 l\u2019\u00e9chelle locale. Le nom du maire d\u2019Angers (Maine-et-Loire) Christophe B\u00e9chu&nbsp;<a href=\"https:\/\/www.francetvinfo.fr\/politique\/jean-castex\/gouvernement-de-jean-castex\/remaniement-ces-personnes-qui-pourraient-integrer-le-nouveau-gouvernement_4035423.html\" target=\"_blank\" rel=\"noreferrer noopener\">revient par exemple r\u00e9guli\u00e8rement<\/a>. Tout comme celui du d\u00e9put\u00e9 de la Savoie et pr\u00e9sident du groupe Modem \u00e0 l\u2019Assembl\u00e9e nationale, Patrick Mignola.<\/p>\n\n\n\n<p>Daniel Boy abonde dans ce sens&nbsp;:&nbsp;\u00ab&nbsp;Les Fran\u00e7ais ont davantage confiance dans les \u00e9lites locales que nationales. Ce serait une erreur de ne pas montrer qu\u2019on tient \u00e0 cela. En tout cas, m\u00eame si ce n\u2019est pas un crit\u00e8re majeur de recrutement, une exp\u00e9rience locale est un vrai plus&nbsp;\u00bb.<\/p>\n\n\n\n<h2 class=\"wp-block-heading\">\u00ab&nbsp;L\u2019Etat a tout int\u00e9r\u00eat \u00e0 s\u2019appuyer sur ce tissu local&nbsp;\u00bb<\/h2>\n\n\n\n<p>Pour&nbsp;<a href=\"https:\/\/www.villesdefrance.fr\/index.php#openModal\" target=\"_blank\" rel=\"noreferrer noopener\">Villes de France,&nbsp;association&nbsp;d&rsquo;\u00e9lus&nbsp;<\/a>qui rassemble les&nbsp;villes&nbsp;et agglom\u00e9rations de&nbsp;France, et&nbsp;qui repr\u00e9sente les villes de 10.000 \u00e0 100.000 habitants et leurs intercommunalit\u00e9s, cette strat\u00e9gie serait \u00ab&nbsp;une bonne nouvelle&nbsp;\u00bb.<\/p>\n\n\n\n<p>\u00ab&nbsp;Il semble se dessiner un&nbsp;gouvernement davantage en prise avec des \u00e9lus locaux&nbsp;\u00bb, r\u00e9agit&nbsp;Bastien R\u00e9gnier, directeur g\u00e9n\u00e9ral de Villes de France, contact\u00e9 par&nbsp;<em>20 Minutes<\/em>. \u00ab&nbsp;On voit qu\u2019il y a une volont\u00e9 de mieux prendre en compte les territoires et de les \u00e9couter. Avec le coronavirus, les collectivit\u00e9s locales ont montr\u00e9 qu\u2019elles \u00e9taient&nbsp;en capacit\u00e9 de r\u00e9pondre \u00e0 la crise sur des sujets pratiques. Donc l\u2019Etat a tout int\u00e9r\u00eat \u00e0 s\u2019appuyer sur ce tissu local&nbsp;\u00bb, poursuit-il.<\/p>\n\n\n\n<p>\u00ab&nbsp;Les maires sont des partenaires. Il est n\u00e9cessaire de leur donner un cadre d\u2019action plus souple qui permette de soutenir les initiatives des acteurs de terrain. Les territoires sont des laboratoires d\u2019innovations&nbsp;\u00bb, d\u00e9clarait par ailleurs&nbsp;il y a quelques semaines, la pr\u00e9sidente de l\u2019association et maire de Beauvais, Caroline Cayeux.&nbsp;Selon Bastien&nbsp;R\u00e9gnier, en plus de cette strat\u00e9gie de \u00ab&nbsp;diversifier&nbsp;\u00bb une \u00e9quipe gouvernementale, Emmanuel Macron pourrait aussi prochainement faire un pas de plus en faveur d\u2019une d\u00e9concentration avec \u00ab&nbsp;des pr\u00e9fets qui g\u00e8rent&nbsp;davantage avec les collectivit\u00e9s&nbsp;\u00bb.<\/p>\n\n\n\n<p><\/p>\n","protected":false},"excerpt":{"rendered":"<p>Emmanuel Macron et son Premier ministre Jean Castex poursuivaient dimanche leurs consultations avec \u00ab&nbsp;l\u2019objectif de former un nouveau gouvernement pour lundi dans la journ\u00e9e&nbsp;\u00bb, a annonc\u00e9 l\u2019Elys\u00e9e. A l\u2019image de Jean Castex, le futur gouvernement&nbsp;pourrait-il&nbsp;\u00eatre davantage compos\u00e9&nbsp;de personnalit\u00e9s issus des \u00ab&nbsp;territoires&nbsp;\u00bb&nbsp;? \u00ab&nbsp;L\u2019enracinement local est une vertu qui sera tr\u00e8s certainement valoris\u00e9e&nbsp;\u00bb, analyse Daniel Boy, directeur [&hellip;]<\/p>\n","protected":false},"author":2,"featured_media":16148,"comment_status":"open","ping_status":"open","sticky":false,"template":"","format":"standard","meta":{"_jetpack_memberships_contains_paid_content":false,"footnotes":"","jetpack_publicize_message":"","jetpack_publicize_feature_enabled":true,"jetpack_social_post_already_shared":true,"jetpack_social_options":{"image_generator_settings":{"template":"highway","default_image_id":0,"font":"","enabled":false},"version":2},"_wpas_customize_per_network":false},"categories":[405],"tags":[],"class_list":["post-16147","post","type-post","status-publish","format-standard","has-post-thumbnail","hentry","category-actu-france-monde"],"jetpack_publicize_connections":[],"jetpack_featured_media_url":"https:\/\/i0.wp.com\/www.iceagetv.com\/radiosite\/wp-content\/uploads\/2020\/07\/Gouvernement-Castex.png?fit=652%2C414&ssl=1","jetpack_sharing_enabled":true,"_links":{"self":[{"href":"https:\/\/www.iceagetv.com\/radiosite\/wp-json\/wp\/v2\/posts\/16147","targetHints":{"allow":["GET"]}}],"collection":[{"href":"https:\/\/www.iceagetv.com\/radiosite\/wp-json\/wp\/v2\/posts"}],"about":[{"href":"https:\/\/www.iceagetv.com\/radiosite\/wp-json\/wp\/v2\/types\/post"}],"author":[{"embeddable":true,"href":"https:\/\/www.iceagetv.com\/radiosite\/wp-json\/wp\/v2\/users\/2"}],"replies":[{"embeddable":true,"href":"https:\/\/www.iceagetv.com\/radiosite\/wp-json\/wp\/v2\/comments?post=16147"}],"version-history":[{"count":1,"href":"https:\/\/www.iceagetv.com\/radiosite\/wp-json\/wp\/v2\/posts\/16147\/revisions"}],"predecessor-version":[{"id":16149,"href":"https:\/\/www.iceagetv.com\/radiosite\/wp-json\/wp\/v2\/posts\/16147\/revisions\/16149"}],"wp:featuredmedia":[{"embeddable":true,"href":"https:\/\/www.iceagetv.com\/radiosite\/wp-json\/wp\/v2\/media\/16148"}],"wp:attachment":[{"href":"https:\/\/www.iceagetv.com\/radiosite\/wp-json\/wp\/v2\/media?parent=16147"}],"wp:term":[{"taxonomy":"category","embeddable":true,"href":"https:\/\/www.iceagetv.com\/radiosite\/wp-json\/wp\/v2\/categories?post=16147"},{"taxonomy":"post_tag","embeddable":true,"href":"https:\/\/www.iceagetv.com\/radiosite\/wp-json\/wp\/v2\/tags?post=16147"}],"curies":[{"name":"wp","href":"https:\/\/api.w.org\/{rel}","templated":true}]}}