{"id":16153,"date":"2020-07-06T18:26:48","date_gmt":"2020-07-06T18:26:48","guid":{"rendered":"http:\/\/www.iceagetv.com\/radiosite\/?p=16153"},"modified":"2020-07-06T18:26:48","modified_gmt":"2020-07-06T18:26:48","slug":"remaniement-qui-sont-les-ministres-du-gouvernement-castex","status":"publish","type":"post","link":"https:\/\/www.iceagetv.com\/radiosite\/remaniement-qui-sont-les-ministres-du-gouvernement-castex\/","title":{"rendered":"Remaniement : qui sont les ministres du gouvernement Castex"},"content":{"rendered":"\n<p> Le secr\u00e9taire g\u00e9n\u00e9ral de l&rsquo;\u00c9lys\u00e9e, Alexis Kohler, a d\u00e9voil\u00e9 ce lundi la nouvelle \u00e9quipe dont s&rsquo;est entour\u00e9 le couple ex\u00e9cutif.  <em>Un gouvernement de mission et de rassemblement<\/em>\u00bb. Au sortir d&rsquo;une crise sanitaire sans pr\u00e9c\u00e9dent, et \u00e0 la veille d&rsquo;une crise \u00e9conomique et sociale in\u00e9dite, tel est\u00a0<a href=\"https:\/\/www.lefigaro.fr\/politique\/macron-s-exprimera-le-14-juillet-quelques-jours-avant-castex-a-l-assemblee-20200705\">le pari d&rsquo;Emmanuel Macron et de Jean Castex<\/a>\u00a0pour r\u00e9ussir au mieux les deux derni\u00e8res ann\u00e9es du quinquennat. Apr\u00e8s le d\u00e9part d&rsquo;\u00c9douard Philippe, qui a quitt\u00e9 Matignon vendredi, le pr\u00e9sident de la R\u00e9publique et le premier ministre se sont entendus ce week-end sur la composition d&rsquo;une nouvelle \u00e9quipe. C&rsquo;est le secr\u00e9taire g\u00e9n\u00e9ral de l&rsquo;\u00c9lys\u00e9e, Alexis Kohler, qui l&rsquo;a d\u00e9voil\u00e9e depuis la cour du Palais ce lundi apr\u00e8s-midi\u00a0: on y retrouve 31 noms, dont 14 hommes et 17 femmes. <\/p>\n\n\n\n<h2 class=\"wp-block-heading\">Sur proposition du premier ministre, le pr\u00e9sident de la R\u00e9publique a nomm\u00e9&nbsp;:<\/h2>\n\n\n\n<p>\u25cf M.&nbsp;<strong>Jean-Yves Le Drian<\/strong>, ministre de l&rsquo;Europe et des Affaires \u00e9trang\u00e8res<\/p>\n\n\n\n<p>\u25cf Mme&nbsp;<strong>Barbara Pompili<\/strong>, ministre de la Transition \u00e9cologique<\/p>\n\n\n\n<p><a href=\"https:\/\/www.lefigaro.fr\/politique\/remaniement-barbara-pompili-une-ecologiste-pour-verdir-le-gouvernement-20200706\">\u00bb D\u00e9couvrez le portrait de Barbara Pompili<\/a><\/p>\n\n\n\n<p>\u25cf M.&nbsp;<strong>Jean-Michel Blanquer<\/strong>, ministre de l&rsquo;\u00c9ducation nationale, de la Jeunesse et des Sports<\/p>\n\n\n\n<p>\u25cf M.&nbsp;<strong>Bruno Le Maire<\/strong>, ministre de l&rsquo;\u00c9conomie, des Finances et de la Relance<\/p>\n\n\n\n<p>\u25cf Mme&nbsp;<strong>Florence Parly<\/strong>, ministre des Arm\u00e9es<\/p>\n\n\n\n<p>\u25cf M.&nbsp;<strong>G\u00e9rald Darmanin<\/strong>, ministre de l&rsquo;Int\u00e9rieur<\/p>\n\n\n\n<p><a href=\"https:\/\/www.lefigaro.fr\/politique\/remaniement-gerald-darmanin-devient-ministre-de-l-interieur-20200706\">\u00bb D\u00e9couvrez le portrait de G\u00e9rald Darmanin<\/a><\/p>\n\n\n\n<p>\u25cf Mme&nbsp;<strong>\u00c9lisabeth Borne<\/strong>, ministre du Travail, de l&rsquo;Emploi et de l&rsquo;Insertion<\/p>\n\n\n\n<p>\u25cf M.&nbsp;<strong>S\u00e9bastien Lecornu<\/strong>, ministre des Outre-mers<\/p>\n\n\n\n<p>\u25cf Mme&nbsp;<strong>Jacqueline Gourault<\/strong>, ministre de la Coh\u00e9sion des territoires, des Relations avec les collectivit\u00e9s territoriales<\/p>\n\n\n\n<p>\u25cf M.&nbsp;<strong>\u00c9ric Dupond-Moretti<\/strong>, garde des Sceaux, ministre de la Justice<\/p>\n\n\n\n<p>\u25cf Mme&nbsp;<strong>Roselyne Bachelot<\/strong>, ministre de la Culture<\/p>\n\n\n\n<p>M.&nbsp;<strong>Olivier V\u00e9ran<\/strong>, ministre des Solidarit\u00e9s et de la Sant\u00e9<\/p>\n\n\n\n<p>\u25cf Mme&nbsp;<strong>Annick Girardin<\/strong>, ministre de la Mer<\/p>\n\n\n\n<p>\u25cf Mme&nbsp;<strong>Fr\u00e9d\u00e9rique Vidal<\/strong>, ministre de l&rsquo;Enseignement sup\u00e9rieur, de la Recherche et de l&rsquo;Innovation<\/p>\n\n\n\n<p>\u25cf M.\u00a0<strong>Julien Denormandie<\/strong>, ministre de l&rsquo;Agriculture et de l&rsquo;Alimentation<\/p>\n\n\n\n<p>&nbsp;Mme&nbsp;<strong>Am\u00e9lie de Montchalin<\/strong>, ministre de la Transformation et de la Fonction publique<\/p>\n\n\n\n<h2 class=\"wp-block-heading\">Sont nomm\u00e9s ministres d\u00e9l\u00e9gu\u00e9s,<\/h2>\n\n\n\n<h2 class=\"wp-block-heading\">Aupr\u00e8s du premier ministre&nbsp;:<\/h2>\n\n\n\n<p>\u25cf M.&nbsp;<strong>Marc Fesneau<\/strong>, charg\u00e9 des Relations avec le Parlement et de la Participation citoyenne<\/p>\n\n\n\n<p>\u25cf Mme&nbsp;<strong>\u00c9lisabeth Moreno<\/strong>, charg\u00e9e de l&rsquo;\u00c9galit\u00e9 entre les Femmes et les Hommes, de la Diversit\u00e9 et de l&rsquo;\u00c9galit\u00e9 des chances<\/p>\n\n\n\n<h2 class=\"wp-block-heading\">Aupr\u00e8s du ministre de l&rsquo;Europe et des Affaires \u00e9trang\u00e8res&nbsp;:<\/h2>\n\n\n\n<p>\u25cf M.&nbsp;<strong>Franck Riester<\/strong>, charg\u00e9 du Commerce ext\u00e9rieur et de l&rsquo;Attractivit\u00e9<\/p>\n\n\n\n<h2 class=\"wp-block-heading\">Aupr\u00e8s de la ministre de la Transition \u00e9cologique&nbsp;:<\/h2>\n\n\n\n<p>\u25cf Mme&nbsp;<strong>Emmanuelle Wargon<\/strong>, charg\u00e9e du Logement<\/p>\n\n\n\n<p>\u25cf M.&nbsp;<strong>Jean-Baptiste Djebbari<\/strong>, charg\u00e9 des Transports<\/p>\n\n\n\n<h2 class=\"wp-block-heading\">Aupr\u00e8s du ministre de l&rsquo;\u00c9conomie, des Finances et de la Relance&nbsp;:<\/h2>\n\n\n\n<p>\u25cf M.&nbsp;<strong>Olivier Dussopt<\/strong>, charg\u00e9 des Comptes publics<\/p>\n\n\n\n<p>\u25cf Mme&nbsp;<strong>Agn\u00e8s Pannier-Runacher<\/strong>, charg\u00e9e de l&rsquo;Industrie<\/p>\n\n\n\n<p>\u25cf M.&nbsp;<strong>Alain Griset<\/strong>, charg\u00e9 des Petites et moyennes entreprises<\/p>\n\n\n\n<h2 class=\"wp-block-heading\">Aupr\u00e8s du ministre de l&rsquo;\u00c9ducation nationale, de la Jeunesse et des Sports&nbsp;:<\/h2>\n\n\n\n<p>\u25cf Mme&nbsp;<strong>Roxana Maracineanu<\/strong>, charg\u00e9e des Sports<\/p>\n\n\n\n<h2 class=\"wp-block-heading\">Aupr\u00e8s de la ministre des Arm\u00e9es&nbsp;:<\/h2>\n\n\n\n<p>\u25cf Mme&nbsp;<strong>Genevi\u00e8ve Darrieussecq<\/strong>, charg\u00e9e de la M\u00e9moire et des Anciens combattants<\/p>\n\n\n\n<h2 class=\"wp-block-heading\">Aupr\u00e8s du ministre de l&rsquo;Int\u00e9rieur&nbsp;:<\/h2>\n\n\n\n<p>\u25cf Mme&nbsp;<strong>Marl\u00e8ne Schiappa<\/strong>, charg\u00e9e de la Citoyennet\u00e9<\/p>\n\n\n\n<h2 class=\"wp-block-heading\">Aupr\u00e8s de la ministre du Travail, de l&rsquo;Emploi et de l&rsquo;Insertion&nbsp;:<\/h2>\n\n\n\n<p>\u25cf Mme&nbsp;<strong>Brigitte Klinkert<\/strong>, charg\u00e9e de l&rsquo;Insertion<\/p>\n\n\n\n<h2 class=\"wp-block-heading\">Aupr\u00e8s de la ministre de la Coh\u00e9sion des territoires et des Relations avec les collectivit\u00e9s territoriales&nbsp;:<\/h2>\n\n\n\n<p>\u25cf Mme&nbsp;<strong>Nadia Hai<\/strong>, charg\u00e9e de la Ville<\/p>\n\n\n\n<h2 class=\"wp-block-heading\">Aupr\u00e8s du ministre des Solidarit\u00e9s et de la Sant\u00e9&nbsp;:<\/h2>\n\n\n\n<p>\u25cf Mme&nbsp;<strong>Brigitte Bourguignon<\/strong>, charg\u00e9e de l&rsquo;Autonomie<\/p>\n\n\n\n<h2 class=\"wp-block-heading\">Secr\u00e9taire d&rsquo;\u00c9tat aupr\u00e8s du premier ministre&nbsp;:<\/h2>\n\n\n\n<p>\u25cf M.&nbsp;<strong>Gabriel Attal<\/strong>, porte-parole du gouvernement<\/p>\n","protected":false},"excerpt":{"rendered":"<p>Le secr\u00e9taire g\u00e9n\u00e9ral de l&rsquo;\u00c9lys\u00e9e, Alexis Kohler, a d\u00e9voil\u00e9 ce lundi la nouvelle \u00e9quipe dont s&rsquo;est entour\u00e9 le couple ex\u00e9cutif. Un gouvernement de mission et de rassemblement\u00bb. Au sortir d&rsquo;une crise sanitaire sans pr\u00e9c\u00e9dent, et \u00e0 la veille d&rsquo;une crise \u00e9conomique et sociale in\u00e9dite, tel est\u00a0le pari d&rsquo;Emmanuel Macron et de Jean Castex\u00a0pour r\u00e9ussir au [&hellip;]<\/p>\n","protected":false},"author":2,"featured_media":16154,"comment_status":"open","ping_status":"open","sticky":false,"template":"","format":"standard","meta":{"_jetpack_memberships_contains_paid_content":false,"footnotes":"","jetpack_publicize_message":"","jetpack_publicize_feature_enabled":true,"jetpack_social_post_already_shared":true,"jetpack_social_options":{"image_generator_settings":{"template":"highway","default_image_id":0,"font":"","enabled":false},"version":2},"_wpas_customize_per_network":false},"categories":[405],"tags":[],"class_list":["post-16153","post","type-post","status-publish","format-standard","has-post-thumbnail","hentry","category-actu-france-monde"],"jetpack_publicize_connections":[],"jetpack_featured_media_url":"https:\/\/i0.wp.com\/www.iceagetv.com\/radiosite\/wp-content\/uploads\/2020\/07\/qui-sont-les-ministres-du-gouvernement-Castex.png?fit=1230%2C516&ssl=1","jetpack_sharing_enabled":true,"_links":{"self":[{"href":"https:\/\/www.iceagetv.com\/radiosite\/wp-json\/wp\/v2\/posts\/16153","targetHints":{"allow":["GET"]}}],"collection":[{"href":"https:\/\/www.iceagetv.com\/radiosite\/wp-json\/wp\/v2\/posts"}],"about":[{"href":"https:\/\/www.iceagetv.com\/radiosite\/wp-json\/wp\/v2\/types\/post"}],"author":[{"embeddable":true,"href":"https:\/\/www.iceagetv.com\/radiosite\/wp-json\/wp\/v2\/users\/2"}],"replies":[{"embeddable":true,"href":"https:\/\/www.iceagetv.com\/radiosite\/wp-json\/wp\/v2\/comments?post=16153"}],"version-history":[{"count":1,"href":"https:\/\/www.iceagetv.com\/radiosite\/wp-json\/wp\/v2\/posts\/16153\/revisions"}],"predecessor-version":[{"id":16155,"href":"https:\/\/www.iceagetv.com\/radiosite\/wp-json\/wp\/v2\/posts\/16153\/revisions\/16155"}],"wp:featuredmedia":[{"embeddable":true,"href":"https:\/\/www.iceagetv.com\/radiosite\/wp-json\/wp\/v2\/media\/16154"}],"wp:attachment":[{"href":"https:\/\/www.iceagetv.com\/radiosite\/wp-json\/wp\/v2\/media?parent=16153"}],"wp:term":[{"taxonomy":"category","embeddable":true,"href":"https:\/\/www.iceagetv.com\/radiosite\/wp-json\/wp\/v2\/categories?post=16153"},{"taxonomy":"post_tag","embeddable":true,"href":"https:\/\/www.iceagetv.com\/radiosite\/wp-json\/wp\/v2\/tags?post=16153"}],"curies":[{"name":"wp","href":"https:\/\/api.w.org\/{rel}","templated":true}]}}