{"id":16159,"date":"2020-07-07T17:24:08","date_gmt":"2020-07-07T17:24:08","guid":{"rendered":"http:\/\/www.iceagetv.com\/radiosite\/?p=16159"},"modified":"2020-07-07T17:24:08","modified_gmt":"2020-07-07T17:24:08","slug":"coronavirus-le-president-bresilien-jair-bolsonaro-annonce-en-direct-a-la-television-avoir-ete-teste-positif-au-covid-19","status":"publish","type":"post","link":"https:\/\/www.iceagetv.com\/radiosite\/coronavirus-le-president-bresilien-jair-bolsonaro-annonce-en-direct-a-la-television-avoir-ete-teste-positif-au-covid-19\/","title":{"rendered":"Coronavirus &#8211; Le pr\u00e9sident br\u00e9silien Jair Bolsonaro annonce en direct \u00e0 la t\u00e9l\u00e9vision avoir \u00e9t\u00e9 test\u00e9 positif au Covid 19"},"content":{"rendered":"\n<p>Le pr\u00e9sident br\u00e9silien Jair Bolsonaro a annonc\u00e9 mardi avoir \u00e9t\u00e9 test\u00e9 positif au nouveau coronavirus, qu&rsquo;il n&rsquo;a cess\u00e9 de minimiser depuis le d\u00e9but de la pand\u00e9mie et qui a d\u00e9j\u00e0 fait plus de 65.000 morts dans son pays.<\/p>\n\n\n\n<p>\u00ab\u00a0Le r\u00e9sultat positif (du test) vient d&rsquo;arriver\u00a0\u00bb, a d\u00e9clar\u00e9 le chef de l&rsquo;Etat, 65 ans, lors d&rsquo;un entretien \u00e0 plusieurs cha\u00eenes de t\u00e9l\u00e9vision, apr\u00e8s avoir eu de la fi\u00e8vre la veille.<\/p>\n\n\n\n<p>Ce lundi, il avait annonc\u00e9 \u00e0 CNN&nbsp;Br\u00e9sil&nbsp;qu&rsquo;il pr\u00e9sentait certains sympt\u00f4mes du nouveau coronavirus et qu&rsquo;il s&rsquo;\u00e9tait soumis \u00e0 un test.<\/p>\n\n\n\n<p>Selon la cha\u00eene de t\u00e9l\u00e9vision, le pr\u00e9sident qui est tr\u00e8s sceptique quant \u00e0 la pand\u00e9mie de Covid-19, a d\u00e9clar\u00e9 \u00e0 l&rsquo;un de ses journalistes qu&rsquo;il avait certains sympt\u00f4mes du coronavirus, y compris 38\u00b0de fi\u00e8vre, et qu&rsquo;une radiographie des poumons avait \u00e9t\u00e9 faite \u00e0 l&rsquo;h\u00f4pital des forces arm\u00e9es. Selon la presse locale, le pr\u00e9sident de&nbsp;65&nbsp;ans a annul\u00e9 les activit\u00e9s pr\u00e9vues pour la semaine.<\/p>\n\n\n\n<p>\u00ab\u00a0L&rsquo;\u00e9tat de sant\u00e9 du pr\u00e9sident est bon actuellement et il se trouve \u00e0 sa r\u00e9sidence\u00a0\u00bb, a indiqu\u00e9 la pr\u00e9sidence dans un communiqu\u00e9.<\/p>\n\n\n\n<p>Dans une vid\u00e9o enregistr\u00e9e par l&rsquo;un de ses sympathisants, auxquels il s&rsquo;adresse souvent aux portes de sa r\u00e9sidence officielle \u00e0 Brasilia, on voit le pr\u00e9sident portant un masque blanc, d\u00e9clarant qu&rsquo;il revenait tout juste de l&rsquo;h\u00f4pital, o\u00f9 il a fait une \u00ab\u00a0radiographie pulmonaire\u00a0\u00bb.<\/p>\n\n\n\n<p>\u00ab\u00a0Le poumon est propre, d&rsquo;accord&nbsp;? Je vais faire un test de Covid dans un petit moment, mais tout va bien\u00a0\u00bb, a-t-il d\u00e9clar\u00e9 apr\u00e8s avoir pr\u00e9venu qu&rsquo;il ne pouvait pas s&rsquo;approcher trop pr\u00e8s de ses partisans. Depuis le d\u00e9but de la pand\u00e9mie, Jair Bolsonaro a minimis\u00e9 la maladie et particip\u00e9 \u00e0 plusieurs \u00e9v\u00e9nements publics sans porter de masque, tout en critiquant les mesures d&rsquo;isolement mises en oeuvre dans plusieurs Etats.<\/p>\n\n\n\n<p>Samedi, il a publi\u00e9 des photos sur les r\u00e9seaux sociaux sur lesquelles il appara\u00eet le visage d\u00e9couvert en compagnie de plusieurs ministres et de l&rsquo;ambassadeur am\u00e9ricain \u00e0 Brasilia, lors d&rsquo;une r\u00e9ception \u00e0 l&rsquo;occasion de la f\u00eate nationale des&nbsp;Etats-Unis.<\/p>\n\n\n\n<p>Lundi, il a oppos\u00e9 son veto \u00e0 deux articles de la loi sur l&rsquo;utilisation de masques dans les lieux publics pour pr\u00e9venir la propagation de la pand\u00e9mie au Br\u00e9sil.<\/p>\n\n\n\n<p>Le Br\u00e9sil est le pays le plus touch\u00e9 par la pand\u00e9mie, derri\u00e8re les Etats-Unis, avec \u00e0 ce jour 1,6 million de cas de Covid-19 pour 65.487 d\u00e9c\u00e8s.<\/p>\n","protected":false},"excerpt":{"rendered":"<p>Le pr\u00e9sident br\u00e9silien Jair Bolsonaro a annonc\u00e9 mardi avoir \u00e9t\u00e9 test\u00e9 positif au nouveau coronavirus, qu&rsquo;il n&rsquo;a cess\u00e9 de minimiser depuis le d\u00e9but de la pand\u00e9mie et qui a d\u00e9j\u00e0 fait plus de 65.000 morts dans son pays. \u00ab\u00a0Le r\u00e9sultat positif (du test) vient d&rsquo;arriver\u00a0\u00bb, a d\u00e9clar\u00e9 le chef de l&rsquo;Etat, 65 ans, lors d&rsquo;un [&hellip;]<\/p>\n","protected":false},"author":2,"featured_media":16160,"comment_status":"open","ping_status":"open","sticky":false,"template":"","format":"standard","meta":{"_jetpack_memberships_contains_paid_content":false,"footnotes":"","jetpack_publicize_message":"","jetpack_publicize_feature_enabled":true,"jetpack_social_post_already_shared":true,"jetpack_social_options":{"image_generator_settings":{"template":"highway","default_image_id":0,"font":"","enabled":false},"version":2},"_wpas_customize_per_network":false},"categories":[405],"tags":[],"class_list":["post-16159","post","type-post","status-publish","format-standard","has-post-thumbnail","hentry","category-actu-france-monde"],"jetpack_publicize_connections":[],"jetpack_featured_media_url":"https:\/\/i0.wp.com\/www.iceagetv.com\/radiosite\/wp-content\/uploads\/2020\/07\/Le-pr%C3%A9sident-br%C3%A9silien-Jair-Bolsonaro.png?fit=623%2C264&ssl=1","jetpack_sharing_enabled":true,"_links":{"self":[{"href":"https:\/\/www.iceagetv.com\/radiosite\/wp-json\/wp\/v2\/posts\/16159","targetHints":{"allow":["GET"]}}],"collection":[{"href":"https:\/\/www.iceagetv.com\/radiosite\/wp-json\/wp\/v2\/posts"}],"about":[{"href":"https:\/\/www.iceagetv.com\/radiosite\/wp-json\/wp\/v2\/types\/post"}],"author":[{"embeddable":true,"href":"https:\/\/www.iceagetv.com\/radiosite\/wp-json\/wp\/v2\/users\/2"}],"replies":[{"embeddable":true,"href":"https:\/\/www.iceagetv.com\/radiosite\/wp-json\/wp\/v2\/comments?post=16159"}],"version-history":[{"count":1,"href":"https:\/\/www.iceagetv.com\/radiosite\/wp-json\/wp\/v2\/posts\/16159\/revisions"}],"predecessor-version":[{"id":16161,"href":"https:\/\/www.iceagetv.com\/radiosite\/wp-json\/wp\/v2\/posts\/16159\/revisions\/16161"}],"wp:featuredmedia":[{"embeddable":true,"href":"https:\/\/www.iceagetv.com\/radiosite\/wp-json\/wp\/v2\/media\/16160"}],"wp:attachment":[{"href":"https:\/\/www.iceagetv.com\/radiosite\/wp-json\/wp\/v2\/media?parent=16159"}],"wp:term":[{"taxonomy":"category","embeddable":true,"href":"https:\/\/www.iceagetv.com\/radiosite\/wp-json\/wp\/v2\/categories?post=16159"},{"taxonomy":"post_tag","embeddable":true,"href":"https:\/\/www.iceagetv.com\/radiosite\/wp-json\/wp\/v2\/tags?post=16159"}],"curies":[{"name":"wp","href":"https:\/\/api.w.org\/{rel}","templated":true}]}}