{"id":16165,"date":"2020-07-07T19:02:35","date_gmt":"2020-07-07T19:02:35","guid":{"rendered":"http:\/\/www.iceagetv.com\/radiosite\/?p=16165"},"modified":"2020-07-07T19:02:35","modified_gmt":"2020-07-07T19:02:35","slug":"le-covid-19-acheve-le-magasin-historique-de-tati-celui-de-barbes-a-paris","status":"publish","type":"post","link":"https:\/\/www.iceagetv.com\/radiosite\/le-covid-19-acheve-le-magasin-historique-de-tati-celui-de-barbes-a-paris\/","title":{"rendered":"LE COVID-19 ACH\u00c8VE LE MAGASIN HISTORIQUE DE TATI, CELUI DE BARB\u00c8S \u00c0 PARIS"},"content":{"rendered":"\n<p>\n\nLe site embl\u00e9matique a accus\u00e9 une baisse de ses ventes de 60% ces derniers mois. Un PSE est lanc\u00e9 pour les 34 salari\u00e9s concern\u00e9s.<\/p>\n\n\n\n<p>Le magasin embl\u00e9matique de Tati en France, situ\u00e9 sur le boulevard Barb\u00e8s \u00e0 Paris, sera bient\u00f4t ferm\u00e9, son activit\u00e9 ayant \u00e9t\u00e9 fortement affect\u00e9e par la crise du Covid-19, a annonc\u00e9 mardi le groupe GPG, qui avait repris l&rsquo;enseigne en 2017.<\/p>\n\n\n\n<blockquote class=\"wp-block-quote is-layout-flow wp-block-quote-is-layout-flow\"><p>\u00ab\u00a0Tati n&rsquo;a pas vu le retour de ses clients vers son centre historique de Barb\u00e8s\u00a0\u00bb, dont le magasin a \u00e9t\u00e9 \u00ab\u00a0doublement\u00a0\u00bb touch\u00e9 par les gr\u00e8ves de d\u00e9cembre dernier et la crise sanitaire, explique son directeur g\u00e9n\u00e9ral d\u00e9l\u00e9gu\u00e9 Thierry Boukhari, cit\u00e9 dans un communiqu\u00e9.<\/p><\/blockquote>\n\n\n\n<p>Le magasin, dont le vichy rose \u00e9gayait ce quartier populaire de Paris depuis 1948, \u00ab\u00a0a accus\u00e9 une baisse de 60% de ses ventes entre le 1er octobre 2019 et le 31 mai 2020 par rapport \u00e0 la m\u00eame p\u00e9riode l&rsquo;ann\u00e9e pr\u00e9c\u00e9dente\u00a0\u00bb, pr\u00e9cise-t-il. L&rsquo;enseigne se voit donc contrainte \u00ab\u00a0d&rsquo;envisager la fermeture d\u00e9finitive du magasin de Barb\u00e8s avec l&rsquo;accompagnement des 34 collaborateurs concern\u00e9s dans le cadre d&rsquo;un plan de sauvegarde de l&#8217;emploi (PSE)\u00a0\u00bb, ajoute le communiqu\u00e9. Les deux magasins Tati Mariage et Tati d\u00e9stockage \u00e0 Barb\u00e8s (11 collaborateurs) seraient, quant \u00e0 eux, maintenus.<\/p>\n\n\n\n<h2 class=\"wp-block-heading\">Les 150 millions d&rsquo;euros investis n&rsquo;ont pas suffi<\/h2>\n\n\n\n<p>Il y a an, Philippe Ginestet, le pr\u00e9sident du groupe GPG (propri\u00e9taire de Gifi, Tati, Besson et Trafic), avait annonc\u00e9 que le site historique du boulevard Barb\u00e8s \u00e0 Paris resterait en 2020 le seul Tati en France, les autres magasins de l&rsquo;enseigne passant sous pavillon Gifi. Propri\u00e9t\u00e9 du groupe Eram depuis 2004 apr\u00e8s avoir \u00e9t\u00e9 fond\u00e9e en 1948 par Jules Ouaki, l&rsquo;enseigne au vichy rose, en difficult\u00e9, avait \u00e9t\u00e9 mise en vente en mars 2017 puis plac\u00e9e en redressement judiciaire. Le groupe GPG avait alors \u00e9t\u00e9 choisi pour reprendre les 109 magasins et 1.428 salari\u00e9s, avec la promesse de maintenir l&rsquo;enseigne Tati. \u00ab\u00a0Malgr\u00e9 150 millions d&rsquo;euros investis, deux fois ce qui \u00e9tait pr\u00e9vu dans le plan initial, Tati n&rsquo;a pas constat\u00e9 de retour suffisant de sa client\u00e8le\u00a0\u00bb, souligne le communiqu\u00e9.<\/p>\n\n\n\n<p>En septembre 2019, le groupe GPG avait alors organis\u00e9 la reprise de 50 magasins Tati et leurs \u00e9quipes par l&rsquo;enseigne Gifi, et facilit\u00e9 la reprise de 29 autres magasins par des anciens managers du groupe \u00e0 travers l&rsquo;enseigne de d\u00e9stockage KLO. \u00ab\u00a0Ce plan de reprise des magasins a permis de maintenir l&#8217;emploi de plus de 1000 collaborateurs, directement ou indirectement, pour les enseignes du groupe GPG, ou pour l&rsquo;enseigne KLO dirig\u00e9e par des anciens managers du groupe\u00a0\u00bb, pr\u00e9cise le communiqu\u00e9.<\/p>\n\n\n\n<p><\/p>\n","protected":false},"excerpt":{"rendered":"<p>Le site embl\u00e9matique a accus\u00e9 une baisse de ses ventes de 60% ces derniers mois. Un PSE est lanc\u00e9 pour les 34 salari\u00e9s concern\u00e9s. Le magasin embl\u00e9matique de Tati en France, situ\u00e9 sur le boulevard Barb\u00e8s \u00e0 Paris, sera bient\u00f4t ferm\u00e9, son activit\u00e9 ayant \u00e9t\u00e9 fortement affect\u00e9e par la crise du Covid-19, a annonc\u00e9 mardi [&hellip;]<\/p>\n","protected":false},"author":2,"featured_media":16166,"comment_status":"open","ping_status":"open","sticky":false,"template":"","format":"standard","meta":{"_jetpack_memberships_contains_paid_content":false,"footnotes":"","jetpack_publicize_message":"","jetpack_publicize_feature_enabled":true,"jetpack_social_post_already_shared":true,"jetpack_social_options":{"image_generator_settings":{"template":"highway","default_image_id":0,"font":"","enabled":false},"version":2},"_wpas_customize_per_network":false},"categories":[405],"tags":[2809],"class_list":["post-16165","post","type-post","status-publish","format-standard","has-post-thumbnail","hentry","category-actu-france-monde","tag-le-covid-19-acheve-le-magasin-historique-de-tati"],"jetpack_publicize_connections":[],"jetpack_featured_media_url":"https:\/\/i0.wp.com\/www.iceagetv.com\/radiosite\/wp-content\/uploads\/2020\/07\/LE-COVID-19-ACH%C3%88VE-LE-MAGASIN-HISTORIQUE-DE-TATI-CELUI-DE-BARB%C3%88S-%C3%80-PARIS.jpg?fit=800%2C450&ssl=1","jetpack_sharing_enabled":true,"_links":{"self":[{"href":"https:\/\/www.iceagetv.com\/radiosite\/wp-json\/wp\/v2\/posts\/16165","targetHints":{"allow":["GET"]}}],"collection":[{"href":"https:\/\/www.iceagetv.com\/radiosite\/wp-json\/wp\/v2\/posts"}],"about":[{"href":"https:\/\/www.iceagetv.com\/radiosite\/wp-json\/wp\/v2\/types\/post"}],"author":[{"embeddable":true,"href":"https:\/\/www.iceagetv.com\/radiosite\/wp-json\/wp\/v2\/users\/2"}],"replies":[{"embeddable":true,"href":"https:\/\/www.iceagetv.com\/radiosite\/wp-json\/wp\/v2\/comments?post=16165"}],"version-history":[{"count":1,"href":"https:\/\/www.iceagetv.com\/radiosite\/wp-json\/wp\/v2\/posts\/16165\/revisions"}],"predecessor-version":[{"id":16167,"href":"https:\/\/www.iceagetv.com\/radiosite\/wp-json\/wp\/v2\/posts\/16165\/revisions\/16167"}],"wp:featuredmedia":[{"embeddable":true,"href":"https:\/\/www.iceagetv.com\/radiosite\/wp-json\/wp\/v2\/media\/16166"}],"wp:attachment":[{"href":"https:\/\/www.iceagetv.com\/radiosite\/wp-json\/wp\/v2\/media?parent=16165"}],"wp:term":[{"taxonomy":"category","embeddable":true,"href":"https:\/\/www.iceagetv.com\/radiosite\/wp-json\/wp\/v2\/categories?post=16165"},{"taxonomy":"post_tag","embeddable":true,"href":"https:\/\/www.iceagetv.com\/radiosite\/wp-json\/wp\/v2\/tags?post=16165"}],"curies":[{"name":"wp","href":"https:\/\/api.w.org\/{rel}","templated":true}]}}