{"id":16174,"date":"2020-07-08T14:55:30","date_gmt":"2020-07-08T14:55:30","guid":{"rendered":"http:\/\/www.iceagetv.com\/radiosite\/?p=16174"},"modified":"2020-07-08T14:55:30","modified_gmt":"2020-07-08T14:55:30","slug":"retraites-castex-veut-relancer-les-negociations-autour-du-financement","status":"publish","type":"post","link":"https:\/\/www.iceagetv.com\/radiosite\/retraites-castex-veut-relancer-les-negociations-autour-du-financement\/","title":{"rendered":"Retraites: Castex veut relancer les n\u00e9gociations autour du financement"},"content":{"rendered":"\n<p> Le premier ministre veut recevoir les partenaires sociaux le 20 juillet pour entamer un nouveau cycle de n\u00e9gociations. La r\u00e9forme vers un syst\u00e8me universel est un sujet \u00abde long terme\u00bb a expliqu\u00e9 le premier ministre.  Elle fait partie des dossiers engloutis par la crise du coronavirus\u00a0: la r\u00e9forme des retraites, en suspens depuis le mois de mars, sera remise sur la table des n\u00e9gociations par le gouvernement Castex.\u00a0<em>\u00abRefuser de parler des retraites lorsque l&rsquo;\u00e9quilibre des comptes, et donc la sauvegarde du syst\u00e8me actuel se trouve compromise, serait irresponsable<\/em>, a d\u00e9clar\u00e9 le nouveau premier ministre devant le S\u00e9nat ce mercredi.\u00a0<em>Je vais rouvrir le dialogue, toutes les organisations syndicales viendront discuter avec moi et nous nous mettrons d&rsquo;accord sur une m\u00e9thode et un calendrier.\u00bb<\/em> <\/p>\n\n\n\n<p>Le 20 juillet, soit dans \u00e0 peine deux semaines, le premier ministre fra\u00eechement nomm\u00e9 r\u00e9unira donc les partenaires sociaux pour \u00ab<em>une conf\u00e9rence de m\u00e9thode<\/em>\u00bb, a-t-il annonc\u00e9 devant les d\u00e9put\u00e9s ce mercredi lors des questions au gouvernement. Des premi\u00e8res rencontres bilat\u00e9rales sont pr\u00e9vues d\u00e8s ce 8 juillet. Un agenda tr\u00e8s serr\u00e9 qui a de quoi prendre toutes les parties prenantes par surprise. Mais le tempo n&rsquo;est pas encore d\u00e9termin\u00e9.&nbsp;<em>\u00abLe fait d&rsquo;assurer une plus grande \u00e9galit\u00e9 fran\u00e7aise, c&rsquo;est un travail de long terme o\u00f9 il faut sans doute rouvrir les concertations\u00bb<\/em>, a nuanc\u00e9 le premier ministre. Une \u00ab<em>r\u00e9forme de fond, \u00e0 laquelle nous ne renoncerons pas<\/em>\u00bb, mais dont, une fois encore, les contours n&rsquo;ont pas encore \u00e9t\u00e9 trac\u00e9s.&nbsp;<em>\u00abEt puis, nous avons un sujet de plus court terme qui est le financement du syst\u00e8me actuel\u00bb,<\/em>&nbsp;a-t-il pr\u00e9cis\u00e9 sans indiquer le timing des n\u00e9gociations sur ce point.<\/p>\n\n\n\n<p>\u00ab<em>On ne s&rsquo;y attendait pas du tout, on a nous aussi appris la date du 20 juillet par la presse aujourd&rsquo;hui,&nbsp;<\/em>s&rsquo;\u00e9meut Fr\u00e9d\u00e9ric S\u00e8ve, secr\u00e9taire national de la CFDT.&nbsp;<em>On pensait que jusqu&rsquo;\u00e0 l&rsquo;automne, on se consacrerait au ch\u00f4mage, \u00e0 la relance<\/em>\u00bb. M\u00eame le Medef, par la voix de son pr\u00e9sident Geoffroy Roux de B\u00e9zieux, avait plaid\u00e9 pour que la r\u00e9forme soit \u00ab<em>mise sur pause<\/em>\u00bb.<\/p>\n\n\n\n<p>Avec cette annonce, Jean Castex veut d\u00e9montrer sa capacit\u00e9 \u00e0 agir vite, mais aussi se positionner comme la figure de proue de cette r\u00e9forme des retraites. Du c\u00f4t\u00e9 du minist\u00e8re du travail, qui est maintenant en charge de ce dossier, \u00ab<em>les cabinets ne sont pas encore enti\u00e8rement constitu\u00e9s<\/em>\u00bb, nous indique-t-on.&nbsp;<a href=\"https:\/\/www.lefigaro.fr\/conjoncture\/laurent-pietraszewski-monsieur-double-secretaire-d-etat-20200531\">Laurent Pietraszewski<\/a>, secr\u00e9taire d&rsquo;\u00c9tat en charge des Retraites sous le gouvernement pr\u00e9c\u00e9dent, n&rsquo;a \u00e0 ce jour pas \u00e9t\u00e9 reconduit ni remplac\u00e9 puisque les secr\u00e9taires d&rsquo;\u00c9tat ne seront pas nomm\u00e9s avant la semaine prochaine. D&rsquo;ici l\u00e0, c&rsquo;est donc&nbsp;<a href=\"https:\/\/www.lefigaro.fr\/social\/les-chantiers-brulants-qui-attendent-elisabeth-borne-au-ministere-du-travail-20200706\">\u00c9lisabeth Borne<\/a>&nbsp;qui est \u00e0 la man\u0153uvre des rencontres bilat\u00e9rales avec les syndicats.<\/p>\n\n\n\n<h2 class=\"wp-block-heading\">Ne pas faire table rase<\/h2>\n\n\n\n<p>Le gouvernement devra d\u00e9terminer rapidement ce qu&rsquo;il souhaite garder ou modifier dans le projet de loi qui a \u00e9t\u00e9 \u00e2prement discut\u00e9 depuis la fin de l&rsquo;ann\u00e9e derni\u00e8re. Celui-ci avait m\u00eame \u00e9t\u00e9 vot\u00e9 en premi\u00e8re lecture par l&rsquo;Assembl\u00e9e nationale, avant que la crise du coronavirus ne lui donne un coup d&rsquo;arr\u00eat.<\/p>\n\n\n\n<p>\u00ab<em>On ne peut pas tout reprendre du d\u00e9but<\/em>\u00bb, se glace Nicolas Turquois, d\u00e9put\u00e9 MoDem et ancien co-rapporteur du projet de loi sur les retraites vot\u00e9 en mars. Ce texte devrait, selon les dires du premier ministre, rester une base de n\u00e9gociation. Mais il devrait faire l&rsquo;objet d&rsquo;un nouveau d\u00e9coupage et d&rsquo;un nouveau calendrier. Jean Castex souhaite donc prioriser la question du \u00ab<em>financement actuel<\/em>\u00bb du r\u00e9gime. Depuis la crise du coronavirus, celui-ci est exsangue. D&rsquo;apr\u00e8s une estimation provisoire du Conseil d&rsquo;orientation des retraites (COR), le d\u00e9ficit du syst\u00e8me de retraites devrait plonger cette ann\u00e9e et atteindre le niveau record de 30 milliards d&rsquo;euros, tr\u00e8s loin des 4 milliards attendus avant la crise. \u00c0 \u00ab<em>court terme<\/em>\u00bb, le gouvernement devrait ainsi se pencher sur \u00ab<em>des dispositions qu&rsquo;il y a lieu de prendre pour [le] sauvegarder<\/em>\u00bb.<\/p>\n\n\n\n<p>Pour le gouvernement, reste \u00e0 savoir comment ne pas commettre les erreurs qui ont enlis\u00e9 le premier projet de loi, avec un mouvement social d&rsquo;une dur\u00e9e sans pr\u00e9c\u00e9dent. La gr\u00e8ve a notamment paralys\u00e9 les transports pilot\u00e9s par la SNCF et la RATP &#8211; dont les salari\u00e9s b\u00e9n\u00e9ficient de r\u00e9gimes sp\u00e9ciaux &#8211; durant de longs mois. \u00ab<em>On reste dans le m\u00eame \u00e9tat d&rsquo;esprit qu&rsquo;au d\u00e9but de l&rsquo;ann\u00e9e,<\/em>&nbsp;pr\u00e9vient Laurent Djebali, repr\u00e9sentant syndical Unsa-RATP.&nbsp;<em>C&rsquo;est-\u00e0-dire que cette r\u00e9forme, on n&rsquo;en veut pas<\/em>\u00bb.<\/p>\n\n\n\n<p>Pour \u00e9viter la crise sociale, Fr\u00e9d\u00e9ric S\u00e8ve anticipe une r\u00e9forme amen\u00e9e \u00ab<em>par petits bouts<\/em>\u00bb, pour \u00e9laborer en priorit\u00e9 le r\u00e9gime de retraites universel que la CFDT appelle de ses v\u0153ux. \u00ab<em>D\u00e9terminer si le syst\u00e8me est \u00e0 points ou \u00e0 cacahu\u00e8tes, on peut le diff\u00e9rer, par exemple. On n&rsquo;est plus \u00e0 six mois pr\u00e8s<\/em>\u00bb, juge-t-il. \u00ab<em>C&rsquo;est une question de m\u00e9thode,<\/em>&nbsp;rench\u00e9rit le d\u00e9put\u00e9 Nicolas Turquois.&nbsp;<em>On ne fait pas tant face \u00e0 une remise en cause du syst\u00e8me cible qu&rsquo;\u00e0 une remise en cause des voies de transition<\/em>\u00bb.<\/p>\n\n\n\n<p>C&rsquo;est justement sur sa m\u00e9thode que Jean Castex compte pour mener les d\u00e9bats sur la r\u00e9forme des retraites. \u00ab<em>Vous savez, des fois, il faut donner un peu de temps au temps<\/em>\u00bb plaide celui qui a d\u00e9fendu \u00e0 maintes reprises les vertus de \u00ab<em>la n\u00e9gociation<\/em>\u00bb.<\/p>\n\n\n\n<p><\/p>\n","protected":false},"excerpt":{"rendered":"<p>Le premier ministre veut recevoir les partenaires sociaux le 20 juillet pour entamer un nouveau cycle de n\u00e9gociations. La r\u00e9forme vers un syst\u00e8me universel est un sujet \u00abde long terme\u00bb a expliqu\u00e9 le premier ministre. Elle fait partie des dossiers engloutis par la crise du coronavirus\u00a0: la r\u00e9forme des retraites, en suspens depuis le mois [&hellip;]<\/p>\n","protected":false},"author":2,"featured_media":16175,"comment_status":"open","ping_status":"open","sticky":false,"template":"","format":"standard","meta":{"_jetpack_memberships_contains_paid_content":false,"footnotes":"","jetpack_publicize_message":"","jetpack_publicize_feature_enabled":true,"jetpack_social_post_already_shared":true,"jetpack_social_options":{"image_generator_settings":{"template":"highway","default_image_id":0,"font":"","enabled":false},"version":2},"_wpas_customize_per_network":false},"categories":[405],"tags":[],"class_list":["post-16174","post","type-post","status-publish","format-standard","has-post-thumbnail","hentry","category-actu-france-monde"],"jetpack_publicize_connections":[],"jetpack_featured_media_url":"https:\/\/i0.wp.com\/www.iceagetv.com\/radiosite\/wp-content\/uploads\/2020\/07\/Castex-veut-relancer-les-n%C3%A9gociations-autour-du-financement.png?fit=615%2C336&ssl=1","jetpack_sharing_enabled":true,"_links":{"self":[{"href":"https:\/\/www.iceagetv.com\/radiosite\/wp-json\/wp\/v2\/posts\/16174","targetHints":{"allow":["GET"]}}],"collection":[{"href":"https:\/\/www.iceagetv.com\/radiosite\/wp-json\/wp\/v2\/posts"}],"about":[{"href":"https:\/\/www.iceagetv.com\/radiosite\/wp-json\/wp\/v2\/types\/post"}],"author":[{"embeddable":true,"href":"https:\/\/www.iceagetv.com\/radiosite\/wp-json\/wp\/v2\/users\/2"}],"replies":[{"embeddable":true,"href":"https:\/\/www.iceagetv.com\/radiosite\/wp-json\/wp\/v2\/comments?post=16174"}],"version-history":[{"count":1,"href":"https:\/\/www.iceagetv.com\/radiosite\/wp-json\/wp\/v2\/posts\/16174\/revisions"}],"predecessor-version":[{"id":16176,"href":"https:\/\/www.iceagetv.com\/radiosite\/wp-json\/wp\/v2\/posts\/16174\/revisions\/16176"}],"wp:featuredmedia":[{"embeddable":true,"href":"https:\/\/www.iceagetv.com\/radiosite\/wp-json\/wp\/v2\/media\/16175"}],"wp:attachment":[{"href":"https:\/\/www.iceagetv.com\/radiosite\/wp-json\/wp\/v2\/media?parent=16174"}],"wp:term":[{"taxonomy":"category","embeddable":true,"href":"https:\/\/www.iceagetv.com\/radiosite\/wp-json\/wp\/v2\/categories?post=16174"},{"taxonomy":"post_tag","embeddable":true,"href":"https:\/\/www.iceagetv.com\/radiosite\/wp-json\/wp\/v2\/tags?post=16174"}],"curies":[{"name":"wp","href":"https:\/\/api.w.org\/{rel}","templated":true}]}}