{"id":16189,"date":"2020-07-10T16:00:15","date_gmt":"2020-07-10T16:00:15","guid":{"rendered":"http:\/\/www.iceagetv.com\/radiosite\/?p=16189"},"modified":"2020-07-10T16:00:15","modified_gmt":"2020-07-10T16:00:15","slug":"affaire-adama-traore-les-juges-ordonnent-une-nouvelle-expertise-medicale-en-belgique","status":"publish","type":"post","link":"https:\/\/www.iceagetv.com\/radiosite\/affaire-adama-traore-les-juges-ordonnent-une-nouvelle-expertise-medicale-en-belgique\/","title":{"rendered":"Affaire Adama Traor\u00e9 : les juges ordonnent une nouvelle expertise m\u00e9dicale en Belgique"},"content":{"rendered":"\n<p> Cette expertise, qui sera men\u00e9e par des m\u00e9decins exer\u00e7ant dans la r\u00e9gion de Bruxelles, est destin\u00e9e \u00e0 d\u00e9terminer les causes de la mort du jeune homme, le 19\u00a0juillet\u00a02016, sur le sol de la gendarmerie de Persan, dans le Val-d\u2019Oise. <\/p>\n\n\n\n<p>L\u2019affaire Adama Traor\u00e9 sort chaque jour un peu plus de l\u2019ordinaire. L\u2019enqu\u00eate prend cette fois-ci le chemin\u2026 de la Belgique. Selon les informations du&nbsp;<em>Monde,<\/em>&nbsp;les trois juges d\u2019instruction ont nomm\u00e9 quatre m\u00e9decins qui exercent tous dans la r\u00e9gion de Bruxelles pour rendre une expertise m\u00e9dico-l\u00e9gale, destin\u00e9e \u00e0 d\u00e9terminer les causes de la mort du jeune homme, le 19&nbsp;juillet&nbsp;2016, sur le sol de la gendarmerie de Persan (Val-d\u2019Oise).<\/p>\n\n\n\n<p>Une d\u00e9cision compl\u00e8tement inhabituelle pour une information judiciaire, qui tente de sortir de l\u2019orni\u00e8re.&nbsp;<a href=\"https:\/\/www.lemonde.fr\/societe\/article\/2020\/06\/03\/depuis-la-mort-d-adama-traore-quatre-ans-d-expertises-et-de-marches-pour-la-justice_6041646_3224.html\">En tout, 12 rapports m\u00e9dicaux ont \u00e9t\u00e9 rendus depuis quatre ans<\/a>, dont plusieurs expertises de synth\u00e8se. Si celles-ci concluent toutes \u00e0 un syndrome asphyxique, elles divergent sur les causes qui l\u2019ont provoqu\u00e9. Le dernier rapport ordonn\u00e9 par la justice blanchissait les trois gendarmes qui avaient interpell\u00e9 Adama Traor\u00e9 ce jour-l\u00e0. Les m\u00e9decins estimaient que le jeune homme \u00e9tait d\u00e9c\u00e9d\u00e9 des suites d\u2019un \u0153d\u00e8me cardiog\u00e9nique, provoqu\u00e9 notamment par la combinaison de la sarco\u00efdose et du trait dr\u00e9panocytaire dont il \u00e9tait affect\u00e9, sous des formes pourtant b\u00e9nignes. Selon eux, c\u2019est l\u2019effort produit par Adama Traor\u00e9 pendant sa fuite qui lui avait co\u00fbt\u00e9 la vie.<\/p>\n\n\n\n<p>Un rapport produit par la famille et faisant appel \u00e0 des experts des deux maladies cit\u00e9es avait balay\u00e9 ces conclusions, incitant les autorit\u00e9s \u00e0 reconsid\u00e9rer la th\u00e8se de l\u2019asphyxie positionnelle due \u00e0 la m\u00e9thode d\u2019interpellation des gendarmes. Les proches du jeune homme, qui f\u00eatait ses 24&nbsp;ans ce jour-l\u00e0, restent persuad\u00e9s que c\u2019est l\u2019intervention des militaires qui lui a co\u00fbt\u00e9 la vie. Aucun d\u2019entre eux n\u2019est \u00e0 ce stade de l\u2019enqu\u00eate mis en examen.<\/p>\n\n\n\n<p>Dans un communiqu\u00e9, les avocats des gendarmes, Rodolphe Bosselut, Sandra Chirac Kollarik et Pascal Rouiller se sont f\u00e9licit\u00e9s de cette d\u00e9cision des juges. Une position que ne partage pas l\u2019avocat de la famille, M<sup>e<\/sup>&nbsp;Yassine Bouzrou&nbsp;:&nbsp;<em>\u00ab&nbsp;Apr\u00e8s avoir s\u00e9lectionn\u00e9 des m\u00e9decins fran\u00e7ais incomp\u00e9tents, les juges d\u2019instruction sont all\u00e9s chercher des m\u00e9decins belges incomp\u00e9tents. Aucun des m\u00e9decins n\u2019est v\u00e9ritablement sp\u00e9cialiste des pathologies en cause dans le dossier. Il existe pourtant deux expertises r\u00e9alis\u00e9es par des vrais sp\u00e9cialistes et qui indiquent clairement que le d\u00e9c\u00e8s d\u2019Adama Traor\u00e9 a \u00e9t\u00e9 caus\u00e9 par le plaquage ventral des gendarmes,&nbsp;<\/em>r\u00e9sume-t-il.<em>&nbsp;La technique qui consiste \u00e0 faire tra\u00eener en longueur la proc\u00e9dure judiciaire dans les affaires mettant en cause les forces de l\u2019ordre est r\u00e9guli\u00e8rement d\u00e9nonc\u00e9e par la Cour europ\u00e9enne des droits de l\u2019homme.&nbsp;\u00bb<\/em><\/p>\n\n\n\n<h2 class=\"wp-block-heading\">Le principal t\u00e9moin r\u00e9cemment entendu<\/h2>\n\n\n\n<p>Pour r\u00e9gler la querelle fran\u00e7aise, les juges se tournent donc vers les Belges. Parmi les quatre m\u00e9decins, figurent un cardiologue, un m\u00e9decin l\u00e9giste, un pneumologue et une h\u00e9matologue sp\u00e9cialiste de la dr\u00e9panocytose. Aucun d\u2019entre eux n\u2019est \u00e9videmment inscrit sur les listes des experts judiciaires fran\u00e7ais. Ils devront pr\u00eater serment par \u00e9crit, vu l\u2019\u00e9loignement g\u00e9ographique.<\/p>\n\n\n\n<p>Ce nouveau rebondissement va donc prolonger l\u2019enqu\u00eate quelques mois de plus. Ce n\u2019est pas la premi\u00e8re fois que l\u2019investigation prend des d\u00e9tours singuliers. Ces derniers jours, les juges d\u2019instruction ont entendu le principal t\u00e9moin, dans l\u2019appartement duquel Adama Traor\u00e9 a \u00e9t\u00e9 interpell\u00e9. Devant le faible niveau d\u2019expression de la personne, les magistrats se sont retrouv\u00e9s \u00e0 mimer la sc\u00e8ne, proc\u00e9dant \u00e0 une reconstitution \u00e0 m\u00eame le sol de leur bureau, et endossant eux-m\u00eames le r\u00f4le des gendarmes, tandis que le t\u00e9moin jouait celui d\u2019Adama Traor\u00e9. Alors que la famille demande une vraie reconstitution des faits depuis plusieurs mois, cette improvisation a surpris. Elle correspond \u00e0 une acc\u00e9l\u00e9ration de l\u2019enqu\u00eate ces derni\u00e8res semaines, apr\u00e8s plusieurs mois d\u2019inertie. Les juges ont proc\u00e9d\u00e9 \u00e0 deux auditions de t\u00e9moins. Ils ont \u00e9galement diligent\u00e9 des investigations pour en identifier d\u2019autres et pour creuser les ant\u00e9c\u00e9dents de l\u2019une des personnes entendues. <\/p>\n","protected":false},"excerpt":{"rendered":"<p>Cette expertise, qui sera men\u00e9e par des m\u00e9decins exer\u00e7ant dans la r\u00e9gion de Bruxelles, est destin\u00e9e \u00e0 d\u00e9terminer les causes de la mort du jeune homme, le 19\u00a0juillet\u00a02016, sur le sol de la gendarmerie de Persan, dans le Val-d\u2019Oise. L\u2019affaire Adama Traor\u00e9 sort chaque jour un peu plus de l\u2019ordinaire. L\u2019enqu\u00eate prend cette fois-ci le [&hellip;]<\/p>\n","protected":false},"author":2,"featured_media":16190,"comment_status":"open","ping_status":"open","sticky":false,"template":"","format":"standard","meta":{"_jetpack_memberships_contains_paid_content":false,"footnotes":"","jetpack_publicize_message":"","jetpack_publicize_feature_enabled":true,"jetpack_social_post_already_shared":true,"jetpack_social_options":{"image_generator_settings":{"template":"highway","default_image_id":0,"font":"","enabled":false},"version":2},"_wpas_customize_per_network":false},"categories":[405],"tags":[],"class_list":["post-16189","post","type-post","status-publish","format-standard","has-post-thumbnail","hentry","category-actu-france-monde"],"jetpack_publicize_connections":[],"jetpack_featured_media_url":"https:\/\/i0.wp.com\/www.iceagetv.com\/radiosite\/wp-content\/uploads\/2020\/07\/Affaire-Adama-Traor%C3%A9.png?fit=549%2C374&ssl=1","jetpack_sharing_enabled":true,"_links":{"self":[{"href":"https:\/\/www.iceagetv.com\/radiosite\/wp-json\/wp\/v2\/posts\/16189","targetHints":{"allow":["GET"]}}],"collection":[{"href":"https:\/\/www.iceagetv.com\/radiosite\/wp-json\/wp\/v2\/posts"}],"about":[{"href":"https:\/\/www.iceagetv.com\/radiosite\/wp-json\/wp\/v2\/types\/post"}],"author":[{"embeddable":true,"href":"https:\/\/www.iceagetv.com\/radiosite\/wp-json\/wp\/v2\/users\/2"}],"replies":[{"embeddable":true,"href":"https:\/\/www.iceagetv.com\/radiosite\/wp-json\/wp\/v2\/comments?post=16189"}],"version-history":[{"count":1,"href":"https:\/\/www.iceagetv.com\/radiosite\/wp-json\/wp\/v2\/posts\/16189\/revisions"}],"predecessor-version":[{"id":16191,"href":"https:\/\/www.iceagetv.com\/radiosite\/wp-json\/wp\/v2\/posts\/16189\/revisions\/16191"}],"wp:featuredmedia":[{"embeddable":true,"href":"https:\/\/www.iceagetv.com\/radiosite\/wp-json\/wp\/v2\/media\/16190"}],"wp:attachment":[{"href":"https:\/\/www.iceagetv.com\/radiosite\/wp-json\/wp\/v2\/media?parent=16189"}],"wp:term":[{"taxonomy":"category","embeddable":true,"href":"https:\/\/www.iceagetv.com\/radiosite\/wp-json\/wp\/v2\/categories?post=16189"},{"taxonomy":"post_tag","embeddable":true,"href":"https:\/\/www.iceagetv.com\/radiosite\/wp-json\/wp\/v2\/tags?post=16189"}],"curies":[{"name":"wp","href":"https:\/\/api.w.org\/{rel}","templated":true}]}}