{"id":16198,"date":"2020-07-11T16:15:08","date_gmt":"2020-07-11T16:15:08","guid":{"rendered":"http:\/\/www.iceagetv.com\/radiosite\/?p=16198"},"modified":"2020-07-11T16:15:08","modified_gmt":"2020-07-11T16:15:08","slug":"nomination-de-dupond-moretti-un-procureur-demande-a-etre-decharge-de-ses-fonctions","status":"publish","type":"post","link":"https:\/\/www.iceagetv.com\/radiosite\/nomination-de-dupond-moretti-un-procureur-demande-a-etre-decharge-de-ses-fonctions\/","title":{"rendered":"Nomination de Dupond-Moretti : un procureur demande \u00e0 \u00eatre d\u00e9charg\u00e9 de ses fonctions"},"content":{"rendered":"\n<p> La nomination d&rsquo;<a href=\"https:\/\/www.lepoint.fr\/politique\/eric-dupond-moretti-chahute-pour-sa-premiere-a-l-assemblee-08-07-2020-2383610_20.php\">\u00c9ric Dupond-Moretti<\/a>\u00a0au\u00a0<a href=\"https:\/\/www.lepoint.fr\/tags\/ministere-de-la-justice\">minist\u00e8re de la Justice<\/a>\u00a0a cr\u00e9\u00e9 un petit\u00a0s\u00e9isme dans le monde judiciaire. Si bien qu&rsquo;un procureur de la R\u00e9publique a demand\u00e9 \u00e0 \u00eatre d\u00e9mis de ses fonctions. Jean-Luc Lennon, procureur de la R\u00e9publique de Basse-Terre, estime qu&rsquo;il\u00a0ne pourra pas \u00ab\u00a0travailler sereinement\u00a0\u00bb avec l&rsquo;ancien t\u00e9nor du barreau comme garde des Sceaux. <\/p>\n\n\n\n<p>Jean-Luc Lennon fait valoir une \u00ab&nbsp;clause de conscience&nbsp;\u00bb. \u00ab&nbsp;C&rsquo;est une d\u00e9cision tout \u00e0 fait personnelle qui n&rsquo;engage que moi&nbsp;\u00bb, souligne Jean-Luc&nbsp;Lennon, qui rappelle que, \u00ab&nbsp;comme d&rsquo;autres magistrats, (il) milite depuis longtemps pour l&rsquo;ind\u00e9pendance du minist\u00e8re public&nbsp;\u00bb. Cette \u00ab&nbsp;ind\u00e9pendance tarde \u00e0 venir&nbsp;\u00bb, a-t-il expliqu\u00e9 sur Radio Cara\u00efbes International.<\/p>\n\n\n\n<h3 class=\"wp-block-heading\">\u00ab&nbsp;Je ne serais plus un bon procureur de la R\u00e9publique&nbsp;\u00bb<\/h3>\n\n\n\n<p>\u00c9ric Dupond-Moretti, ex-avocat p\u00e9naliste, a pourtant assur\u00e9 mardi, lors de la passation des pouvoirs avec Nicole Belloubet, vouloir \u00ab\u00a0avancer sur un projet qui (lui) tient \u00e0 c\u0153ur\u00a0: l&rsquo;ind\u00e9pendance de la justice\u00a0\u00bb. Il \u00ab\u00a0souhaite \u00eatre le garde des Sceaux qui portera enfin la r\u00e9forme du parquet tant attendue\u00a0\u00bb. Selon Jean-Luc Lennon, \u00ab\u00a0un procureur de la R\u00e9publique a vocation \u00e0 appliquer dans le ressort de sa juridiction la politique p\u00e9nale qui est d\u00e9termin\u00e9e par le gouvernement et qui est port\u00e9e par le garde des Sceaux\u00a0\u00bb et \u00ab\u00a0le procureur de la R\u00e9publique doit \u00eatre aussi en conscience\u00a0en capacit\u00e9 de le faire avec loyaut\u00e9\u00a0\u00bb. \u00c0 partir du moment o\u00f9 vous estimez que les conditions ne sont plus remplies pour le faire pour des raisons qui m&rsquo;appartiennent\u00a0(\u2026), j&rsquo;ai consid\u00e9r\u00e9 que je ne serais plus un bon procureur de la R\u00e9publique si tant est que j&rsquo;en \u00e9tais un. Et par cons\u00e9quent c&rsquo;est la voie que j&rsquo;ai choisie, de demander que je puisse \u00eatre d\u00e9charg\u00e9 de ces fonctions qui par ailleurs sont des fonctions auxquelles j&rsquo;ai toujours aspir\u00e9 et auxquelles je crois profond\u00e9ment\u00a0\u00bb, a ainsi expliqu\u00e9 Jean-Luc Lennon sur la radio guadeloup\u00e9enne. Cette d\u00e9charge doit faire l&rsquo;objet d&rsquo;un d\u00e9cret attendu \u00ab\u00a0dans les semaines \u00e0 venir\u00a0\u00bb, selon Jean-Luc\u00a0Lennon. Cela doit lui permettre de revenir dans son lieu d&rsquo;affectation initial, qui est le parquet g\u00e9n\u00e9ral. <\/p>\n\n\n\n<p><\/p>\n","protected":false},"excerpt":{"rendered":"<p>La nomination d&rsquo;\u00c9ric Dupond-Moretti\u00a0au\u00a0minist\u00e8re de la Justice\u00a0a cr\u00e9\u00e9 un petit\u00a0s\u00e9isme dans le monde judiciaire. Si bien qu&rsquo;un procureur de la R\u00e9publique a demand\u00e9 \u00e0 \u00eatre d\u00e9mis de ses fonctions. Jean-Luc Lennon, procureur de la R\u00e9publique de Basse-Terre, estime qu&rsquo;il\u00a0ne pourra pas \u00ab\u00a0travailler sereinement\u00a0\u00bb avec l&rsquo;ancien t\u00e9nor du barreau comme garde des Sceaux. Jean-Luc Lennon fait [&hellip;]<\/p>\n","protected":false},"author":2,"featured_media":16199,"comment_status":"open","ping_status":"open","sticky":false,"template":"","format":"standard","meta":{"_jetpack_memberships_contains_paid_content":false,"footnotes":"","jetpack_publicize_message":"","jetpack_publicize_feature_enabled":true,"jetpack_social_post_already_shared":true,"jetpack_social_options":{"image_generator_settings":{"template":"highway","default_image_id":0,"font":"","enabled":false},"version":2},"_wpas_customize_per_network":false},"categories":[405],"tags":[],"class_list":["post-16198","post","type-post","status-publish","format-standard","has-post-thumbnail","hentry","category-actu-france-monde"],"jetpack_publicize_connections":[],"jetpack_featured_media_url":"https:\/\/i0.wp.com\/www.iceagetv.com\/radiosite\/wp-content\/uploads\/2020\/07\/Nomination-de-Dupond-Moretti.jpg?fit=660%2C281&ssl=1","jetpack_sharing_enabled":true,"_links":{"self":[{"href":"https:\/\/www.iceagetv.com\/radiosite\/wp-json\/wp\/v2\/posts\/16198","targetHints":{"allow":["GET"]}}],"collection":[{"href":"https:\/\/www.iceagetv.com\/radiosite\/wp-json\/wp\/v2\/posts"}],"about":[{"href":"https:\/\/www.iceagetv.com\/radiosite\/wp-json\/wp\/v2\/types\/post"}],"author":[{"embeddable":true,"href":"https:\/\/www.iceagetv.com\/radiosite\/wp-json\/wp\/v2\/users\/2"}],"replies":[{"embeddable":true,"href":"https:\/\/www.iceagetv.com\/radiosite\/wp-json\/wp\/v2\/comments?post=16198"}],"version-history":[{"count":1,"href":"https:\/\/www.iceagetv.com\/radiosite\/wp-json\/wp\/v2\/posts\/16198\/revisions"}],"predecessor-version":[{"id":16200,"href":"https:\/\/www.iceagetv.com\/radiosite\/wp-json\/wp\/v2\/posts\/16198\/revisions\/16200"}],"wp:featuredmedia":[{"embeddable":true,"href":"https:\/\/www.iceagetv.com\/radiosite\/wp-json\/wp\/v2\/media\/16199"}],"wp:attachment":[{"href":"https:\/\/www.iceagetv.com\/radiosite\/wp-json\/wp\/v2\/media?parent=16198"}],"wp:term":[{"taxonomy":"category","embeddable":true,"href":"https:\/\/www.iceagetv.com\/radiosite\/wp-json\/wp\/v2\/categories?post=16198"},{"taxonomy":"post_tag","embeddable":true,"href":"https:\/\/www.iceagetv.com\/radiosite\/wp-json\/wp\/v2\/tags?post=16198"}],"curies":[{"name":"wp","href":"https:\/\/api.w.org\/{rel}","templated":true}]}}