{"id":16211,"date":"2020-07-12T16:15:39","date_gmt":"2020-07-12T16:15:39","guid":{"rendered":"http:\/\/www.iceagetv.com\/radiosite\/?p=16211"},"modified":"2020-07-12T16:15:39","modified_gmt":"2020-07-12T16:15:39","slug":"coronavirus-les-autorites-catalanes-reconfinent-pour-la-troisieme-fois-la-zone-situee-autour-de-la-ville-de-lerida-en-raison-dune-forte-hausse-des-cas","status":"publish","type":"post","link":"https:\/\/www.iceagetv.com\/radiosite\/coronavirus-les-autorites-catalanes-reconfinent-pour-la-troisieme-fois-la-zone-situee-autour-de-la-ville-de-lerida-en-raison-dune-forte-hausse-des-cas\/","title":{"rendered":"Coronavirus &#8211; Les autorit\u00e9s catalanes reconfinent pour la troisi\u00e8me fois la zone situ\u00e9e autour de la ville de L\u00e9rida, en raison d&rsquo;une forte hausse des cas"},"content":{"rendered":"\n<p> Les autorit\u00e9s de la r\u00e9gion de Catalogne, dans le nord-est de l&rsquo;Espagne, ont ordonn\u00e9 dimanche le reconfinement \u00e0 leur domicile des habitants de la zone situ\u00e9e autour de la ville de L\u00e9rida, en raison d&rsquo;une forte hausse du nombre des cas de Covid-19. \u00ab\u00a0La population devra rester\u00a0\u00bb chez elle, a annonc\u00e9 la responsable r\u00e9gionale de la Sant\u00e9 Alba Verges au cours d&rsquo;une conf\u00e9rence de presse. La zone concern\u00e9e, comptant plus de 200.000 habitants, avait d\u00e9j\u00e0 \u00e9t\u00e9 isol\u00e9e du reste de la Catalogne samedi dernier.  <strong>Les autorit\u00e9s catalanes reconfinent la zone situ\u00e9e autour de la ville de L\u00e9rida, en raison d&rsquo;une forte hausse des cas de coronavirus.\u00a0<\/strong>Le secteur, qui compte 200 000 habitants, avait \u00e9t\u00e9 confin\u00e9 comme tout le pays en mars-avril-mai, puis reconfin\u00e9 le week-end dernier, et re-re-confin\u00e9 ce soir. \u00ab\u00a0La population devra rester\u00a0\u00bb chez elle, assure la responsable r\u00e9gionale de la Sant\u00e9 Alba Verges au cours d&rsquo;une conf\u00e9rence de presse. <\/p>\n","protected":false},"excerpt":{"rendered":"<p>Les autorit\u00e9s de la r\u00e9gion de Catalogne, dans le nord-est de l&rsquo;Espagne, ont ordonn\u00e9 dimanche le reconfinement \u00e0 leur domicile des habitants de la zone situ\u00e9e autour de la ville de L\u00e9rida, en raison d&rsquo;une forte hausse du nombre des cas de Covid-19. \u00ab\u00a0La population devra rester\u00a0\u00bb chez elle, a annonc\u00e9 la responsable r\u00e9gionale de [&hellip;]<\/p>\n","protected":false},"author":2,"featured_media":16212,"comment_status":"open","ping_status":"open","sticky":false,"template":"","format":"standard","meta":{"_jetpack_memberships_contains_paid_content":false,"footnotes":"","jetpack_publicize_message":"","jetpack_publicize_feature_enabled":true,"jetpack_social_post_already_shared":true,"jetpack_social_options":{"image_generator_settings":{"template":"highway","default_image_id":0,"font":"","enabled":false},"version":2},"_wpas_customize_per_network":false},"categories":[405],"tags":[2815],"class_list":["post-16211","post","type-post","status-publish","format-standard","has-post-thumbnail","hentry","category-actu-france-monde","tag-les-autorites-catalanes-reconfinent-pour-la-troisieme-fois-la-zone-situee-autour-de-la-ville-de-lerida"],"jetpack_publicize_connections":[],"jetpack_featured_media_url":"https:\/\/i0.wp.com\/www.iceagetv.com\/radiosite\/wp-content\/uploads\/2020\/07\/Les-autorit%C3%A9s-catalanes-reconfinent-pour-la-troisi%C3%A8me-fois-la-zone-situ%C3%A9e-autour-de-la-ville-de-L%C3%A9rida-en-raison-dune-forte-hausse-des-cas.png?fit=622%2C276&ssl=1","jetpack_sharing_enabled":true,"_links":{"self":[{"href":"https:\/\/www.iceagetv.com\/radiosite\/wp-json\/wp\/v2\/posts\/16211","targetHints":{"allow":["GET"]}}],"collection":[{"href":"https:\/\/www.iceagetv.com\/radiosite\/wp-json\/wp\/v2\/posts"}],"about":[{"href":"https:\/\/www.iceagetv.com\/radiosite\/wp-json\/wp\/v2\/types\/post"}],"author":[{"embeddable":true,"href":"https:\/\/www.iceagetv.com\/radiosite\/wp-json\/wp\/v2\/users\/2"}],"replies":[{"embeddable":true,"href":"https:\/\/www.iceagetv.com\/radiosite\/wp-json\/wp\/v2\/comments?post=16211"}],"version-history":[{"count":1,"href":"https:\/\/www.iceagetv.com\/radiosite\/wp-json\/wp\/v2\/posts\/16211\/revisions"}],"predecessor-version":[{"id":16213,"href":"https:\/\/www.iceagetv.com\/radiosite\/wp-json\/wp\/v2\/posts\/16211\/revisions\/16213"}],"wp:featuredmedia":[{"embeddable":true,"href":"https:\/\/www.iceagetv.com\/radiosite\/wp-json\/wp\/v2\/media\/16212"}],"wp:attachment":[{"href":"https:\/\/www.iceagetv.com\/radiosite\/wp-json\/wp\/v2\/media?parent=16211"}],"wp:term":[{"taxonomy":"category","embeddable":true,"href":"https:\/\/www.iceagetv.com\/radiosite\/wp-json\/wp\/v2\/categories?post=16211"},{"taxonomy":"post_tag","embeddable":true,"href":"https:\/\/www.iceagetv.com\/radiosite\/wp-json\/wp\/v2\/tags?post=16211"}],"curies":[{"name":"wp","href":"https:\/\/api.w.org\/{rel}","templated":true}]}}