{"id":16218,"date":"2020-07-13T08:27:41","date_gmt":"2020-07-13T08:27:41","guid":{"rendered":"http:\/\/www.iceagetv.com\/radiosite\/?p=16218"},"modified":"2020-07-13T08:27:41","modified_gmt":"2020-07-13T08:27:41","slug":"coronavirus-le-premier-ministre-jean-castex-laisse-entendre-quune-reflexion-sur-le-port-du-masque-obligatoire-dans-les-lieux-fermes-est-engagee","status":"publish","type":"post","link":"https:\/\/www.iceagetv.com\/radiosite\/coronavirus-le-premier-ministre-jean-castex-laisse-entendre-quune-reflexion-sur-le-port-du-masque-obligatoire-dans-les-lieux-fermes-est-engagee\/","title":{"rendered":"Coronavirus &#8211; Le Premier ministre, Jean Castex, laisse entendre qu\u2019une r\u00e9flexion sur le port du masque obligatoire dans les lieux ferm\u00e9s est engag\u00e9e"},"content":{"rendered":"\n<p>Le Premier ministre a laiss\u00e9 entendre qu\u2019une r\u00e9flexion sur le port du masque obligatoire dans les lieux ferm\u00e9s \u00e9tait engag\u00e9e.&nbsp;<\/p>\n\n\n\n<p>Interrog\u00e9 par la presse en Guyane o\u00f9 il fait une visite express, le chef du gouvernement a d\u00e9clar\u00e9 que \u00ab le port du masque est l\u2019une des mani\u00e8res de pr\u00e9venir la propagation de l\u2019\u00e9pid\u00e9mie \u00bb. \u00abLa question de d\u00e9velopper l\u2019usage et le port du masque est bien \u00e0 l\u2019\u00e9tude, en particulier cela surtout concernerait prioritairement tous les lieux, quels qu\u2019ils soient, clos\u00bb, a-t-il ajout\u00e9. Car \u00ab la circulation du virus se constate d\u2019autant plus que les lieux sont ferm\u00e9s \u00bb. \u00abDans la r\u00e9glementation existante, dans un certain nombre de ces lieux ferm\u00e9s comme les transports publics, le port du masque est obligatoire \u00bb, a soulign\u00e9 le Premier ministre.<\/p>\n\n\n\n<p>Quatorze m\u00e9decins de renom ont r\u00e9clam\u00e9 samedi dans une tribune publi\u00e9e dans Le Parisien \u00ab le port du masque obligatoire dans tous les lieux publics clos \u00bb pour \u00e9viter que l\u2019\u00e9pid\u00e9mie de Covid-19 ne reparte, constatant un rel\u00e2chement dans le respect des gestes barri\u00e8res. \u00ab Il serait vraiment tr\u00e8s regrettable de ne pas utiliser ces moyens efficaces et accessibles \u00bb pour freiner l\u2019\u00e9pid\u00e9mie, \u00ab que sont : le port du masque obligatoire dans tous les lieux publics clos, la distanciation physique autant que possible et le lavage des mains \u00bb, plaident-ils.<\/p>\n\n\n\n<p>Ils s\u2019inqui\u00e8tent de \u00ab signaux faibles qui commencent \u00e0 appara\u00eetre et doivent nous alerter sur un possible red\u00e9marrage massif des transmissions \u00bb. Dans ce texte, r\u00e9dig\u00e9 par Antoine Pelissolo, professeur en psychiatrie, et Jimmy Mohamed, m\u00e9decin g\u00e9n\u00e9raliste et chroniqueur sur Europe 1, ils reconnaissent que le masque \u00ab reste inconfortable \u00bb.<\/p>\n\n\n\n<p>Mais ils soulignent que \u00ab contrairement au d\u00e9but de l\u2019ann\u00e9e \u00bb, on sait maintenant qu\u2019il est \u00ab une condition importante pour limiter la diffusion du virus \u00bb si \u00ab tout le monde le porte \u00bb et que \u00ab nous avons aujourd\u2019hui les stocks n\u00e9cessaires \u00bb.<\/p>\n","protected":false},"excerpt":{"rendered":"<p>Le Premier ministre a laiss\u00e9 entendre qu\u2019une r\u00e9flexion sur le port du masque obligatoire dans les lieux ferm\u00e9s \u00e9tait engag\u00e9e.&nbsp; Interrog\u00e9 par la presse en Guyane o\u00f9 il fait une visite express, le chef du gouvernement a d\u00e9clar\u00e9 que \u00ab le port du masque est l\u2019une des mani\u00e8res de pr\u00e9venir la propagation de l\u2019\u00e9pid\u00e9mie \u00bb. [&hellip;]<\/p>\n","protected":false},"author":2,"featured_media":16219,"comment_status":"open","ping_status":"open","sticky":false,"template":"","format":"standard","meta":{"_jetpack_memberships_contains_paid_content":false,"footnotes":"","jetpack_publicize_message":"","jetpack_publicize_feature_enabled":true,"jetpack_social_post_already_shared":true,"jetpack_social_options":{"image_generator_settings":{"template":"highway","default_image_id":0,"font":"","enabled":false},"version":2},"_wpas_customize_per_network":false},"categories":[405],"tags":[],"class_list":["post-16218","post","type-post","status-publish","format-standard","has-post-thumbnail","hentry","category-actu-france-monde"],"jetpack_publicize_connections":[],"jetpack_featured_media_url":"https:\/\/i0.wp.com\/www.iceagetv.com\/radiosite\/wp-content\/uploads\/2020\/07\/laisse-entendre-qu%E2%80%99une-r%C3%A9flexion-sur-le-port-du-masque-obligatoire-dans-les-lieux-ferm%C3%A9s-est-engag%C3%A9e.png?fit=641%2C275&ssl=1","jetpack_sharing_enabled":true,"_links":{"self":[{"href":"https:\/\/www.iceagetv.com\/radiosite\/wp-json\/wp\/v2\/posts\/16218","targetHints":{"allow":["GET"]}}],"collection":[{"href":"https:\/\/www.iceagetv.com\/radiosite\/wp-json\/wp\/v2\/posts"}],"about":[{"href":"https:\/\/www.iceagetv.com\/radiosite\/wp-json\/wp\/v2\/types\/post"}],"author":[{"embeddable":true,"href":"https:\/\/www.iceagetv.com\/radiosite\/wp-json\/wp\/v2\/users\/2"}],"replies":[{"embeddable":true,"href":"https:\/\/www.iceagetv.com\/radiosite\/wp-json\/wp\/v2\/comments?post=16218"}],"version-history":[{"count":1,"href":"https:\/\/www.iceagetv.com\/radiosite\/wp-json\/wp\/v2\/posts\/16218\/revisions"}],"predecessor-version":[{"id":16220,"href":"https:\/\/www.iceagetv.com\/radiosite\/wp-json\/wp\/v2\/posts\/16218\/revisions\/16220"}],"wp:featuredmedia":[{"embeddable":true,"href":"https:\/\/www.iceagetv.com\/radiosite\/wp-json\/wp\/v2\/media\/16219"}],"wp:attachment":[{"href":"https:\/\/www.iceagetv.com\/radiosite\/wp-json\/wp\/v2\/media?parent=16218"}],"wp:term":[{"taxonomy":"category","embeddable":true,"href":"https:\/\/www.iceagetv.com\/radiosite\/wp-json\/wp\/v2\/categories?post=16218"},{"taxonomy":"post_tag","embeddable":true,"href":"https:\/\/www.iceagetv.com\/radiosite\/wp-json\/wp\/v2\/tags?post=16218"}],"curies":[{"name":"wp","href":"https:\/\/api.w.org\/{rel}","templated":true}]}}