{"id":16227,"date":"2020-07-14T13:04:47","date_gmt":"2020-07-14T13:04:47","guid":{"rendered":"http:\/\/www.iceagetv.com\/radiosite\/?p=16227"},"modified":"2020-07-14T13:04:47","modified_gmt":"2020-07-14T13:04:47","slug":"emmanuel-macron-je-souhaite-quon-rende-le-masque-obligatoire-dans-tous-les-lieux-publics-clos-des-le-1er-aout-la-rentree-des-classes-en-septembre-sera-quasi-normale","status":"publish","type":"post","link":"https:\/\/www.iceagetv.com\/radiosite\/emmanuel-macron-je-souhaite-quon-rende-le-masque-obligatoire-dans-tous-les-lieux-publics-clos-des-le-1er-aout-la-rentree-des-classes-en-septembre-sera-quasi-normale\/","title":{"rendered":"Emmanuel Macron: \u00ab\u00a0Je souhaite qu&rsquo;on rende le masque obligatoire dans tous les lieux publics clos d\u00e8s le 1er ao\u00fbt\u00a0\u00bb &#8211; La rentr\u00e9e des classes en septembre sera \u00ab\u00a0quasi normale\u00a0\u00bb"},"content":{"rendered":"\n<p><strong>&nbsp;Le point sur ce qu&rsquo;il faut retenir de l&rsquo;interview du Pr\u00e9sident Emmanuel Macron<br><\/strong><\/p>\n\n\n\n<p><strong>&#8211; Emmanuel Macron souhaite que le port du masque soit \u00ab&nbsp;obligatoire dans tous les lieux publics clos&nbsp;\u00bb \u00e0 partir du 1er ao\u00fbt, a-t-il indiqu\u00e9 mardi, notant qu\u2019il y a \u00ab&nbsp;des signes&nbsp;\u00bb que l\u2019\u00e9pid\u00e9mie \u00ab&nbsp;repart un peu&nbsp;\u00bb.<\/strong><\/p>\n\n\n\n<p>\u00ab&nbsp;On le fait dans les transports, \u00e7a marche tr\u00e8s bien, mais c\u2019est un peu erratique dans les lieux publics clos (&#8230;) \u00e7a veut dire qu\u2019il faut que les choses s\u2019organisent&nbsp;\u00bb, a soulign\u00e9 lors d\u2019un entretien sur TF1 et France 2 M. Macron, qui a \u00ab&nbsp;recommand\u00e9 \u00e0 tous nos concitoyens de porter le masque au maximum quand ils sont dehors et, a fortiori, quand ils sont dans un lieu clos&nbsp;\u00bb.<\/p>\n\n\n\n<p>\u00ab&nbsp;Nous sommes sortis du premier pic (&#8230;) tout le pays s\u2019est mobilis\u00e9 et nous avons des r\u00e9sultats, puisqu\u2019on a r\u00e9ussi \u00e0 endiguer le virus et \u00e0 retrouver une vie presque normale&nbsp;\u00bb, a soulign\u00e9 le chef de l\u2019Etat.<\/p>\n\n\n\n<p>Mais \u00ab&nbsp;aujourd\u2019hui nous avons des inqui\u00e9tudes&nbsp;\u00bb, a-t-il soulign\u00e9, avertissant qu\u2019il \u00ab&nbsp;y a des indices (que) \u00e7a r\u00e9-acc\u00e9l\u00e8re, nous avons des signes que \u00e7a repart quand m\u00eame un peu&nbsp;\u00bb, par exemple le taux de contamination par personne infect\u00e9e r\u00e9cemment repass\u00e9 l\u00e9g\u00e8rement au dessus de 1 (une personne infect\u00e9e contamine plus d\u2019une autre personne, donc l\u2019\u00e9pid\u00e9mie augmente).<\/p>\n\n\n\n<p>Rappelant que \u00ab&nbsp;la meilleure pr\u00e9vention c\u2019est les gestes barri\u00e8re&nbsp;\u00bb, M. Macron a dit \u00ab&nbsp;souhaite(r) que dans les prochaines semaines on rende obligatoire le masque dans tous les lieux publics clos (&#8230;) par exemple \u00e0 partir du 1er ao\u00fbt&nbsp;\u00bb.<\/p>\n\n\n\n<p>Mais \u00ab&nbsp;nous serons pr\u00eats&nbsp;\u00bb en cas de survenue d\u2019une \u00e9ventuelle deuxi\u00e8me vague, a assur\u00e9 le chef de l\u2019Etat. \u00ab&nbsp;Nous avons \u00e0 la fois les stocks et les approvisionnements qui sont s\u00e9curis\u00e9s et nous avons l\u2019organisation au plus pr\u00e8s du terrain, qui permettrait de faire face \u00e0 une recrudescence, si elle \u00e9tait l\u00e0&nbsp;\u00bb.<\/p>\n\n\n\n<p>En revanche, d\u2019\u00e9ventuels nouveaux confinements se feraient localement a-t-il assur\u00e9, avec pour consigne \u00ab&nbsp;d\u2019isoler le plus localement possible et donc le plus vite possible&nbsp;\u00bb.<\/p>\n\n\n\n<p><strong>&#8211; Le pr\u00e9sident Emmanuel Macron s\u2019est dit mardi \u00ab&nbsp;radicalement en d\u00e9saccord&nbsp;\u00bb avec l\u2019id\u00e9e que le nouveau gouvernement dirig\u00e9 par Jean Castex, ex-LR, soit \u00ab&nbsp;de droite&nbsp;\u00bb, lors d\u2019un entretien sur TF1 et France 2, en \u00ab&nbsp;revendiquant le d\u00e9passement politique&nbsp;\u00bb.<\/strong><\/p>\n\n\n\n<p>\u00ab&nbsp;Je crois au d\u00e9passement politique&nbsp;\u00bb, a martel\u00e9 le chef de l\u2019\u00c9tat, en faisant valoir qu\u2019il y a dans le gouvernement des personnalit\u00e9s issues \u00ab&nbsp;de ce qui \u00e9tait la droite de notre champ politique (&#8230;) comme de la gauche, et \u00e0 peu pr\u00e8s autant d\u2019un c\u00f4t\u00e9 que de l\u2019autre&nbsp;\u00bb.<\/p>\n\n\n\n<p>Les Fran\u00e7ais ne se posent \u00ab&nbsp;pas la question de savoir si le soin est de gauche ou de droite&nbsp;\u00bb, a-t-il poursuivi.<\/p>\n\n\n\n<p>Le nouveau gouvernement constitue \u00ab&nbsp;une \u00e9quipe avec des gens comp\u00e9tents qui sont parfois dans la politique depuis des d\u00e9cennies&nbsp;\u00bb, d\u2019autres \u00ab&nbsp;depuis trois ans&nbsp;\u00bb, \u00ab&nbsp;des personnalit\u00e9s de la soci\u00e9t\u00e9 civile&nbsp;\u00bb, a-il relev\u00e9. Jean Castex est \u00ab&nbsp;un \u00e9lu de terrain, pas d\u2019une grande ville mais d\u2019une ville de taille plus r\u00e9duite&nbsp;\u00bb, qui a la \u00ab&nbsp;culture du dialogue social&nbsp;\u00bb et qui \u00ab&nbsp;s\u2019est battu pour accompagner notre pays&nbsp;\u00bb et qui \u00ab&nbsp;connaissait tr\u00e8s bien ce qu\u2019est la vie des \u00e9lus locaux, (&#8230;) les arcanes de notre mod\u00e8le social&nbsp;\u00bb, a plaid\u00e9 Emmanuel Macron.<\/p>\n\n\n\n<p>\u00ab&nbsp;Son style, sa personnalit\u00e9, tout cela m\u2019ont conduit \u00e0 dire: \u00ab\u00a0Il peut \u00eatre celui qui va diriger celle nouvelle \u00e9quipe gouvernementale\u00a0\u00bb&nbsp;\u00bb, a-t-il ajout\u00e9, apr\u00e8s avoir rendu un hommage appuy\u00e9 \u00e0 Edouard Philippe. Le gouvernement doit \u00eatre compl\u00e9t\u00e9 dans les jours prochains par la nomination de secr\u00e9taires d\u2019Etat et haut fonctionnaires.<\/p>\n\n\n\n<p><strong>&#8211; La rentr\u00e9e des 12 millions d\u2019\u00e9l\u00e8ves fran\u00e7ais en septembre sera \u00ab&nbsp;quasi normale&nbsp;\u00bb, a indiqu\u00e9 mardi Emmanuel Macron lors d\u2019un entretien sur TF1 et France 2, insistant sur le besoin de soutenir \u00ab&nbsp;les enfants qui ont le plus souffert du confinement&nbsp;\u00bb.<\/strong><\/p>\n\n\n\n<p>La rentr\u00e9e sera \u00ab&nbsp;la plus normale possible&nbsp;\u00bb, a insist\u00e9 le pr\u00e9sident, mais \u00ab&nbsp;\u00e9videmment&nbsp;\u00bb, a-t-il pr\u00e9cis\u00e9, \u00ab&nbsp;s\u2019il y avait une acc\u00e9l\u00e9ration (du virus) pendant le mois d\u2019ao\u00fbt, on sera amen\u00e9 \u00e0 revoir cette rentr\u00e9e. Ca n\u2019est pas ce que je souhaite, si on fait bien les choses nous aurons une rentr\u00e9e des classes un peu diff\u00e9rente, encore plus exigeante&nbsp;\u00bb.<\/p>\n\n\n\n<p>Le minist\u00e8re de l\u2019Education a publi\u00e9 vendredi une circulaire pour encadrer la rentr\u00e9e, qui se fera dans les m\u00eames conditions sanitaires que celles appliqu\u00e9es \u00e0 la fin de l\u2019ann\u00e9e scolaire.<\/p>\n\n\n\n<p>\u00ab&nbsp;Tous les \u00e9l\u00e8ves sont accueillis sur le temps scolaire&nbsp;\u00bb, pr\u00e9cise la circulaire. \u00ab&nbsp;Gestes barri\u00e8re, hygi\u00e8ne des mains, port du masque pour les adultes et les \u00e9l\u00e8ves de plus de 11 ans lorsque les r\u00e8gles de distanciation ne peuvent \u00eatre respect\u00e9es dans les espaces clos ainsi que dans les transports scolaires, nettoyage et a\u00e9ration des locaux&nbsp;\u00bb, est-il d\u00e9taill\u00e9.<\/p>\n\n\n\n<p>\u00ab&nbsp;Le ministre pr\u00e9pare une rentr\u00e9e o\u00f9 les enseignants seront bien prot\u00e9g\u00e9s&nbsp;\u00bb, a assur\u00e9 Emmanuel Macron, avant d\u2019insister sur le \u00ab&nbsp;d\u00e9fi&nbsp;\u00bb de l\u2019\u00e9t\u00e9: \u00ab&nbsp;aller chercher (&#8230;) ceux qu\u2019on appelle parfois les d\u00e9crocheurs&nbsp;\u00bb.<\/p>\n\n\n\n<p>\u00ab&nbsp;Je n\u2019aime pas tellement ce terme&nbsp;\u00bb, a poursuivi le pr\u00e9sident, \u00ab&nbsp;je pr\u00e9f\u00e8re les accrocheurs, parce qu\u2019on aura besoin de leur vitalit\u00e9, de leur force, et on devra les aider&nbsp;\u00bb.<\/p>\n\n\n\n<p>Selon les chiffres du minist\u00e8re de l\u2019Education nationale, 4% des \u00e9l\u00e8ves ont d\u00e9croch\u00e9. Un chiffre qui peut parfois monter bien plus haut, t\u00e9moignent de nombreux enseignants, qui disent avoir, pour certains, perdu jusqu\u2019\u00e0 \u00ab&nbsp;un tiers de la classe&nbsp;\u00bb.<\/p>\n\n\n\n<p><strong>&#8211; Le gouvernement va mettre en place un \u00ab&nbsp;dispositif exceptionnel d\u2019exon\u00e9ration des charges pour les jeunes&nbsp;\u00bb, destin\u00e9 en particulier \u00e0 favoriser l\u2019embauche de salari\u00e9s \u00e0 \u00ab&nbsp;faibles qualifications, jusqu\u2019\u00e0 1,6 Smic&nbsp;\u00bb, a annonc\u00e9 mardi Emmanuel Macron.<\/strong><\/p>\n\n\n\n<p>Ce dispositif, destin\u00e9 \u00e0 faire de la jeunesse \u00ab&nbsp;la priorit\u00e9 de cette relance&nbsp;\u00bb, est \u00ab&nbsp;exceptionnel parce qu\u2019il durera un \u00e0 deux ans, on va l\u2019\u00e9valuer&nbsp;\u00bb, a pr\u00e9cis\u00e9 le chef de l\u2019Etat lors lors d\u2019un entretien t\u00e9l\u00e9vis\u00e9 \u00e0 l\u2019occasion du 14 juillet.<\/p>\n","protected":false},"excerpt":{"rendered":"<p>&nbsp;Le point sur ce qu&rsquo;il faut retenir de l&rsquo;interview du Pr\u00e9sident Emmanuel Macron &#8211; Emmanuel Macron souhaite que le port du masque soit \u00ab&nbsp;obligatoire dans tous les lieux publics clos&nbsp;\u00bb \u00e0 partir du 1er ao\u00fbt, a-t-il indiqu\u00e9 mardi, notant qu\u2019il y a \u00ab&nbsp;des signes&nbsp;\u00bb que l\u2019\u00e9pid\u00e9mie \u00ab&nbsp;repart un peu&nbsp;\u00bb. \u00ab&nbsp;On le fait dans les transports, [&hellip;]<\/p>\n","protected":false},"author":2,"featured_media":16228,"comment_status":"open","ping_status":"open","sticky":false,"template":"","format":"standard","meta":{"_jetpack_memberships_contains_paid_content":false,"footnotes":"","jetpack_publicize_message":"","jetpack_publicize_feature_enabled":true,"jetpack_social_post_already_shared":true,"jetpack_social_options":{"image_generator_settings":{"template":"highway","default_image_id":0,"font":"","enabled":false},"version":2},"_wpas_customize_per_network":false},"categories":[405],"tags":[],"class_list":["post-16227","post","type-post","status-publish","format-standard","has-post-thumbnail","hentry","category-actu-france-monde"],"jetpack_publicize_connections":[],"jetpack_featured_media_url":"https:\/\/i0.wp.com\/www.iceagetv.com\/radiosite\/wp-content\/uploads\/2020\/07\/discours-du-14-juilelt.png?fit=883%2C392&ssl=1","jetpack_sharing_enabled":true,"_links":{"self":[{"href":"https:\/\/www.iceagetv.com\/radiosite\/wp-json\/wp\/v2\/posts\/16227","targetHints":{"allow":["GET"]}}],"collection":[{"href":"https:\/\/www.iceagetv.com\/radiosite\/wp-json\/wp\/v2\/posts"}],"about":[{"href":"https:\/\/www.iceagetv.com\/radiosite\/wp-json\/wp\/v2\/types\/post"}],"author":[{"embeddable":true,"href":"https:\/\/www.iceagetv.com\/radiosite\/wp-json\/wp\/v2\/users\/2"}],"replies":[{"embeddable":true,"href":"https:\/\/www.iceagetv.com\/radiosite\/wp-json\/wp\/v2\/comments?post=16227"}],"version-history":[{"count":1,"href":"https:\/\/www.iceagetv.com\/radiosite\/wp-json\/wp\/v2\/posts\/16227\/revisions"}],"predecessor-version":[{"id":16229,"href":"https:\/\/www.iceagetv.com\/radiosite\/wp-json\/wp\/v2\/posts\/16227\/revisions\/16229"}],"wp:featuredmedia":[{"embeddable":true,"href":"https:\/\/www.iceagetv.com\/radiosite\/wp-json\/wp\/v2\/media\/16228"}],"wp:attachment":[{"href":"https:\/\/www.iceagetv.com\/radiosite\/wp-json\/wp\/v2\/media?parent=16227"}],"wp:term":[{"taxonomy":"category","embeddable":true,"href":"https:\/\/www.iceagetv.com\/radiosite\/wp-json\/wp\/v2\/categories?post=16227"},{"taxonomy":"post_tag","embeddable":true,"href":"https:\/\/www.iceagetv.com\/radiosite\/wp-json\/wp\/v2\/tags?post=16227"}],"curies":[{"name":"wp","href":"https:\/\/api.w.org\/{rel}","templated":true}]}}